{"id":27212,"date":"2023-04-11T06:58:48","date_gmt":"2023-04-11T11:28:48","guid":{"rendered":"https:\/\/elmundodelosnegocios.com.do\/v1\/?p=27212"},"modified":"2023-04-11T06:58:50","modified_gmt":"2023-04-11T11:28:50","slug":"subsecretaria-sherman-visita-nueva-orleans-santo-domingo-y-buenos-aires","status":"publish","type":"post","link":"https:\/\/elmundodelosnegocios.com.do\/v1\/subsecretaria-sherman-visita-nueva-orleans-santo-domingo-y-buenos-aires\/","title":{"rendered":"Subsecretaria Sherman visita Nueva Orleans, Santo Domingo y Buenos Aires"},"content":{"rendered":"\n<p><strong>Washington<\/strong>, D.C., Departamento de Estado DE EE. UU. Oficina del Portavoz.&nbsp;10 de abril de 2023.-&nbsp;La subsecretaria de Estado Wendy Sherman viajar\u00e1 del 10 al 14 de abril a Nueva Orleans, Luisiana; Santo Domingo, Rep\u00fablica Dominicana; y Buenos Aires, Argentina. Su viaje a Nueva Orleans dar\u00e1 impulso al compromiso de la Administraci\u00f3n de contribuir a que haya mayor diversidad, equidad, inclusi\u00f3n y accesibilidad en el Departamento de Estado. Sus visitas a la Rep\u00fablica Dominicana y a la Argentina destacar\u00e1n nuestra relaci\u00f3n bilateral con socios clave y, al mismo tiempo, favorecer\u00e1n nuestros intereses compartidos de promover la democracia, la prosperidad y la seguridad en nuestro hemisferio.<\/p>\n\n\n\n<p>En Nueva Orleans, la subsecretaria se reunir\u00e1 con funcionarios locales, estudiantes y l\u00edderes comunitarios para conocer sus perspectivas sobre c\u00f3mo forjar una pol\u00edtica exterior estadounidense m\u00e1s innovadora e inclusiva. En Dillard University, instar\u00e1 a los estudiantes a emprender una carrera en asuntos exteriores y enfatizar\u00e1 la profundizaci\u00f3n de los lazos de asociaci\u00f3n del Departamento de Estado con Instituciones Terciarias y Universidades Orientadas Tradicionalmente a la Comunidad Afroamericana (<em>Historically Black Colleges and Universities<\/em>, HBCU) y otras instituciones que brindan servicios a minor\u00edas. Participar\u00e1 en una recepci\u00f3n en la cual se exhibir\u00e1 la diversidad de talentos de los chefs de Nueva Orleans y expresar\u00e1 comentarios sobre el papel de la diplomacia gastron\u00f3mica para el objetivo de tender puentes tras el relanzamiento de la iniciativa de Asociaci\u00f3n Diplom\u00e1tica Culinaria.<\/p>\n\n\n\n<p>En la Rep\u00fablica Dominicana, la subsecretaria Sherman se reunir\u00e1 con el presidente Luis Abinader, el ministro de Relaciones Exteriores Roberto \u00c1lvarez y otros altos funcionarios. Estos di\u00e1logos contribuir\u00e1n a afianzar nuestros lazos firmes y perdurables en una amplia variedad de cuestiones, que incluyen la situaci\u00f3n acuciante en Hait\u00ed. La subsecretaria tambi\u00e9n interactuar\u00e1 con representantes de la sociedad civil heterog\u00e9nea que existe en la Rep\u00fablica Dominicana, incluidos exparticipantes de programas de liderazgo y de intercambio del Gobierno de EE. UU. Su visita se produce tras el paso de Chris Dodd, asesor presidencial especial para las Am\u00e9ricas, quien particip\u00f3 en la Cumbre Iberoamericana del 25 de marzo invitado por el presidente Abinader.<\/p>\n\n\n\n<p>En Buenos Aires, la subsecretaria se sumar\u00e1 a los festejos de Argentina por el cuadrag\u00e9simo aniversario del restablecimiento de la democracia y por los 200 a\u00f1os de relaciones diplom\u00e1ticas con Estados Unidos. Se reunir\u00e1 con el ministro de Relaciones Exteriores Cafiero, el ministro de Econom\u00eda Massa, la secretaria de Energ\u00eda Roy\u00f3n y la secretaria de Miner\u00eda \u00c1vila para conversar sobre nuestra visi\u00f3n com\u00fan de prosperidad econ\u00f3mica en las Am\u00e9ricas y nuestra asociaci\u00f3n bilateral s\u00f3lida. En su visita, se encontrar\u00e1 con miembros de la Asociaci\u00f3n Mutual Israelita Argentina, visitar\u00e1 emplazamientos hist\u00f3ricos, se reunir\u00e1 con dirigentes sindicales y mantendr\u00e1 contactos con el sector privado. Tambi\u00e9n ofrecer\u00e1 un discurso en la Universidad de Buenos Aires para hablar acerca de la democracia en el hemisferio occidental. La visita de la subsecretaria Sherman se produce luego de que el 29 de marzo el presidente Biden se reuniera con el presidente Alberto Fern\u00e1ndez en Washington D.C.<\/p>\n","protected":false},"excerpt":{"rendered":"<p>Washington, D.C., Departamento de Estado DE EE. UU. Oficina del Portavoz.&nbsp;10 de abril de 2023.-&nbsp;La subsecretaria de Estado Wendy Sherman viajar\u00e1 del 10 al 14 de abril a Nueva Orleans,&hellip; <\/p>\n","protected":false},"author":2,"featured_media":27213,"comment_status":"closed","ping_status":"closed","sticky":false,"template":"","format":"standard","meta":{"fifu_image_url":"","fifu_image_alt":"","footnotes":""},"categories":[235],"tags":[],"class_list":["post-27212","post","type-post","status-publish","format-standard","has-post-thumbnail","hentry","category-politica-exterior"],"_links":{"self":[{"href":"https:\/\/elmundodelosnegocios.com.do\/v1\/wp-json\/wp\/v2\/posts\/27212","targetHints":{"allow":["GET"]}}],"collection":[{"href":"https:\/\/elmundodelosnegocios.com.do\/v1\/wp-json\/wp\/v2\/posts"}],"about":[{"href":"https:\/\/elmundodelosnegocios.com.do\/v1\/wp-json\/wp\/v2\/types\/post"}],"author":[{"embeddable":true,"href":"https:\/\/elmundodelosnegocios.com.do\/v1\/wp-json\/wp\/v2\/users\/2"}],"replies":[{"embeddable":true,"href":"https:\/\/elmundodelosnegocios.com.do\/v1\/wp-json\/wp\/v2\/comments?post=27212"}],"version-history":[{"count":0,"href":"https:\/\/elmundodelosnegocios.com.do\/v1\/wp-json\/wp\/v2\/posts\/27212\/revisions"}],"wp:featuredmedia":[{"embeddable":true,"href":"https:\/\/elmundodelosnegocios.com.do\/v1\/wp-json\/wp\/v2\/media\/27213"}],"wp:attachment":[{"href":"https:\/\/elmundodelosnegocios.com.do\/v1\/wp-json\/wp\/v2\/media?parent=27212"}],"wp:term":[{"taxonomy":"category","embeddable":true,"href":"https:\/\/elmundodelosnegocios.com.do\/v1\/wp-json\/wp\/v2\/categories?post=27212"},{"taxonomy":"post_tag","embeddable":true,"href":"https:\/\/elmundodelosnegocios.com.do\/v1\/wp-json\/wp\/v2\/tags?post=27212"}],"curies":[{"name":"wp","href":"https:\/\/api.w.org\/{rel}","templated":true}]}}