{"id":27313,"date":"2023-04-17T11:23:08","date_gmt":"2023-04-17T15:53:08","guid":{"rendered":"https:\/\/elmundodelosnegocios.com.do\/v1\/?p=27313"},"modified":"2023-04-17T11:23:10","modified_gmt":"2023-04-17T15:53:10","slug":"inspira-en-met-gala-new-york-para-anunciar-fundacion-sin-etiquetas","status":"publish","type":"post","link":"https:\/\/elmundodelosnegocios.com.do\/v1\/inspira-en-met-gala-new-york-para-anunciar-fundacion-sin-etiquetas\/","title":{"rendered":"Inspira en MET Gala New York para anunciar Fundaci\u00f3n Sin Etiquetas"},"content":{"rendered":"\n<p>Santo Domingo, 17 de abril de 2023.- M\u00e1s de 300 celebridades y m\u00e9dicos asistieron al anuncio de la Fundaci\u00f3n Sin Etiquetas, dedicada al autismo, en ocasi\u00f3n del cumplea\u00f1os de la Dra. Tania Medina, reconocida cirujana pl\u00e1stica, coach de vida, autora bestseller, cantante, modelo y presentadora de televisi\u00f3n.<\/p>\n\n\n\n<figure class=\"wp-block-image\"><img decoding=\"async\" src=\"https:\/\/tecnomarketingtel.com\/wp-content\/uploads\/2023\/04\/unnamed-967x1024.jpg\" alt=\"\" class=\"wp-image-18698\"\/><\/figure>\n\n\n\n<p>El evento Tania\u2019s Met Gala, celebrado en el Hotel El Embajador, de Santo Domingo, Rep\u00fablica Dominicana, se centr\u00f3 en la moda e iconos del mundo. Entre los invitados se encontraron figuras p\u00fablicas como Giselle Blondet, Chiki Bom Bom, Carlos Adyan, Jomari Goyso, G\u00e9nesis Suero, Carolina Sandoval, Marysol Terrazas, Ni\u00f1o Prodigio, Giannina Azar, Robmariel Olea, Jorge Hern\u00e1ndez, Ingrid Macher, Andreina Mart\u00ednez, Julia Alzate, Yosy Finol y Zoila Luna.<\/p>\n\n\n\n<p>La Dra. Tania aprovech\u00f3 el momento para anunciar la Fundaci\u00f3n Sin Etiquetas, inspirada en Pablito, su hijo autista, creada con la finalidad de ayudar a ni\u00f1os con necesidades especiales.<\/p>\n\n\n\n<p>\u201cConsidero que, en Rep\u00fablica Dominicana, mi pa\u00eds, no contamos con las herramientas adecuadas para tratar este tipo de casos. A trav\u00e9s de esta entidad apoyamos a los padres que tienen hijos con esta condici\u00f3n especial, para que aprendan a darles terapias a sus hijos. Lograr que los ni\u00f1os sean tratados por ciclos y de manera organizada, cuando un ni\u00f1o ya pueda vivir de manera funcional, seguiremos con otro\u201d, manifest\u00f3 la Dra. Medina.<\/p>\n\n\n\n<p>La celebraci\u00f3n Tania\u2019s Met Gala empez\u00f3 con el desfile en la alfombra roja, donde los invitados lucieron atuendos inspirados en diferentes \u00e9pocas de la famosa gala del Museo Metropolitano de New York. La Dra. Medina llev\u00f3 cinco vestidos, entre los que se destac\u00f3 uno inspirado en el look que Blake Lively llev\u00f3 al Met Gala de 2018. Los encargados de crearlo fueron el dise\u00f1ador dominicano Joel Reyes y el reconocido asesor de imagen Eddy G\u00f3mez. Todos los looks de la doctora fueron recreados por Reyes y G\u00f3mez, accesorizados en su mayor\u00eda por Swarovski Atelier.<\/p>\n\n\n\n<p>Tambi\u00e9n se hizo una presentaci\u00f3n de las portadas de revistas internacionales en las que ha participado la Dra. Medina, como \u201cForbes\u201d, \u201cHarper\u2019s Bazaar\u201d, \u201cVogue\u201d, \u201cElle\u201d, \u201cMarie Claire\u201d, entre otras.<\/p>\n\n\n\n<p>Adem\u00e1s, se presentaron los artistas Jandy Ventura, Chiquito Team Band y Mark B, quienes deleitaron a los invitados con merengue, salsa y m\u00fasica urbana. Mark B, quien tiene una canci\u00f3n en la que colabora con Tania Medina, titulada \u201cEnam\u00f3rate de Ti\u201d, fue el encargado de cantarle el cumplea\u00f1os.<\/p>\n\n\n\n<p>Por \u00faltimo y como sorpresa especial, la Dra. Mar\u00eda Collado, madre de Tania, tambi\u00e9n cant\u00f3, sorprendiendo a Medina y animando a todos en la fiesta.<\/p>\n\n\n\n<p><strong>Acerca de la Dra. Tania Medina<\/strong><\/p>\n\n\n\n<p>Cirujana pl\u00e1stica, coach de vida, autora bestseller, conferencista, y cantante internacional. Ingres\u00f3 en 2001 a la Escuela de Medicina del Instituto Tecnol\u00f3gico de Santo Domingo y se gradu\u00f3 con los m\u00e1s altos honores (suma cum laude). Durante su pasant\u00eda, se prepar\u00f3 para la competencia de Residencia M\u00e9dica Nacional en el Hospital Salvador B. Gautier, donde se destac\u00f3 por tener la calificaci\u00f3n m\u00e1s alta jam\u00e1s obtenida por un concursante hasta ese momento. Se gradu\u00f3 como especialista en la prestigiosa Residencia Nacional en Cirug\u00eda Pl\u00e1stica Reconstructiva y Est\u00e9tica en el Hospital Dr. Salvador Gautier. Es miembro activo de la Sociedad Dominicana de Cirug\u00eda Pl\u00e1stica, Reconstructiva y Est\u00e9tica, Sociedad Dominicana de Cirug\u00eda Pl\u00e1stica y Est\u00e9tica, Sociedad Americana de Cirug\u00eda Pl\u00e1stica, Sociedad Internacional de Cirug\u00eda Pl\u00e1stica y Est\u00e9tica, Federaci\u00f3n Ibero Latinoamericana de Cirug\u00eda Pl\u00e1stica, Colegio M\u00e9dico Dominicano y World Gluteal Association. Medina es constante experta invitada en los medios de comunicaci\u00f3n como Hola Magazine, List\u00edn Diario, Univisi\u00f3n, Ismael Cala, entre otros medios. Es una de las 25 poderosas de People en Espa\u00f1ol y una de las 50 mujeres m\u00e1s poderosas de Forbes RD.<\/p>\n","protected":false},"excerpt":{"rendered":"<p>Santo Domingo, 17 de abril de 2023.- M\u00e1s de 300 celebridades y m\u00e9dicos asistieron al anuncio de la Fundaci\u00f3n Sin Etiquetas, dedicada al autismo, en ocasi\u00f3n del cumplea\u00f1os de la&hellip; <\/p>\n","protected":false},"author":2,"featured_media":27314,"comment_status":"closed","ping_status":"closed","sticky":false,"template":"","format":"standard","meta":{"fifu_image_url":"","fifu_image_alt":"","footnotes":""},"categories":[80],"tags":[],"class_list":["post-27313","post","type-post","status-publish","format-standard","has-post-thumbnail","hentry","category-salud"],"_links":{"self":[{"href":"https:\/\/elmundodelosnegocios.com.do\/v1\/wp-json\/wp\/v2\/posts\/27313","targetHints":{"allow":["GET"]}}],"collection":[{"href":"https:\/\/elmundodelosnegocios.com.do\/v1\/wp-json\/wp\/v2\/posts"}],"about":[{"href":"https:\/\/elmundodelosnegocios.com.do\/v1\/wp-json\/wp\/v2\/types\/post"}],"author":[{"embeddable":true,"href":"https:\/\/elmundodelosnegocios.com.do\/v1\/wp-json\/wp\/v2\/users\/2"}],"replies":[{"embeddable":true,"href":"https:\/\/elmundodelosnegocios.com.do\/v1\/wp-json\/wp\/v2\/comments?post=27313"}],"version-history":[{"count":0,"href":"https:\/\/elmundodelosnegocios.com.do\/v1\/wp-json\/wp\/v2\/posts\/27313\/revisions"}],"wp:featuredmedia":[{"embeddable":true,"href":"https:\/\/elmundodelosnegocios.com.do\/v1\/wp-json\/wp\/v2\/media\/27314"}],"wp:attachment":[{"href":"https:\/\/elmundodelosnegocios.com.do\/v1\/wp-json\/wp\/v2\/media?parent=27313"}],"wp:term":[{"taxonomy":"category","embeddable":true,"href":"https:\/\/elmundodelosnegocios.com.do\/v1\/wp-json\/wp\/v2\/categories?post=27313"},{"taxonomy":"post_tag","embeddable":true,"href":"https:\/\/elmundodelosnegocios.com.do\/v1\/wp-json\/wp\/v2\/tags?post=27313"}],"curies":[{"name":"wp","href":"https:\/\/api.w.org\/{rel}","templated":true}]}}