{"id":27392,"date":"2023-04-20T09:34:12","date_gmt":"2023-04-20T14:04:12","guid":{"rendered":"https:\/\/elmundodelosnegocios.com.do\/v1\/?p=27392"},"modified":"2023-04-20T09:34:14","modified_gmt":"2023-04-20T14:04:14","slug":"idac-aeronaves-no-tripuladas-son-parte-del-presente-en-la-aviacion-moderna","status":"publish","type":"post","link":"https:\/\/elmundodelosnegocios.com.do\/v1\/idac-aeronaves-no-tripuladas-son-parte-del-presente-en-la-aviacion-moderna\/","title":{"rendered":"IDAC: aeronaves no tripuladas son parte del presente en la aviaci\u00f3n moderna"},"content":{"rendered":"\n<p>Santo Domingo.-&nbsp;<strong>El director general (i) del Instituto Dominicano de Aviaci\u00f3n Civil (IDAC), H\u00e9ctor Porcella<\/strong>, afirm\u00f3 que las aeronaves no tripuladas, tambi\u00e9n conocidas como&nbsp;<strong>drones<\/strong>, ya son parte del presente en el&nbsp;<strong>desarrollo de la aviaci\u00f3n moderna<\/strong>.<\/p>\n\n\n\n<p><em>\u201cLa vigilancia sobre el uso de estas aeronaves y la aplicaci\u00f3n de la normativa en sus operaciones, son algunos de los desaf\u00edos que enfrentamos, pero, de igual manera, hemos conformado una mesa de trabajo para desarrollar las estrategias correspondientes\u201d,<\/em>&nbsp;apunt\u00f3 Porcella al participar como expositor en el&nbsp;<strong>Congreso Nacional de Drones&nbsp;<\/strong>en el marco de la segunda edici\u00f3n de la&nbsp;<strong>Semana Dominicana Innova<\/strong>, iniciada este martes 18 en la ciudad de Santo Domingo.<\/p>\n\n\n\n<p>Explic\u00f3 que el&nbsp;<strong>programa de actualizaci\u00f3n<\/strong>&nbsp;en materia de regulaciones que desarrolla el IDAC sobre este nuevo fen\u00f3meno tecnol\u00f3gico, est\u00e1 dando cabida a una&nbsp;<strong>amplia gama de aeronaves no tripuladas<\/strong>,&nbsp;<em>\u201ccontemplando desde los peque\u00f1os o los drones llamados mini para el uso recreacional y los de operaci\u00f3n comercial, fotogrametr\u00eda o cinematograf\u00eda, y los de uso agr\u00edcola\u201d.<\/em><\/p>\n\n\n\n<p><em>\u201cY es probable, al ritmo de los avances tecnol\u00f3gicos que estamos experimentando, que muy pronto estemos dando los primeros pasos en la formulaci\u00f3n de un protocolo para la movilidad a\u00e9rea urbana, cuando este sistema pueda ser utilizado para ofrecer servicios de transporte en forma de taxis a\u00e9reos\u201d.<\/em><\/p>\n\n\n\n<p>Record\u00f3 que hace algunos meses suscribi\u00f3 en representaci\u00f3n del IDAC un importante acuerdo con la&nbsp;<strong>Junta Agroempresarial Dominicana&nbsp;<\/strong>para apoyar mediante un programa de&nbsp;<strong>capacitaci\u00f3n a los productores agr\u00edcolas en el uso de drones.<\/strong><\/p>\n\n\n\n<p>Sostuvo que la responsabilidad del IDAC es velar por la<strong>&nbsp;seguridad operacional<\/strong>&nbsp;con los m\u00e1s altos est\u00e1ndares internacionales, para garantizar el adecuado desarrollo de todas las actividades asociadas con la aviaci\u00f3n civil,&nbsp;<strong>bajo el esquema de las leyes, regulaciones y acuerdos que rigen el sector.<\/strong><\/p>\n\n\n\n<p>Indic\u00f3 que la celebraci\u00f3n de la segunda versi\u00f3n de Dominicana Innova coincide con una campa\u00f1a iniciada recientemente por el IDAC, como \u00f3rgano regulador de las operaciones a\u00e9reas, para promover el&nbsp;<strong>uso responsable de estos dispositivos.<\/strong><\/p>\n\n\n\n<p>Se\u00f1al\u00f3 que en el portal institucional del IDAC,&nbsp;<strong>los usuarios y operadores de drones<\/strong>&nbsp;tienen la opci\u00f3n de encontrar de manera permanente&nbsp;<strong>orientaciones puntuales<\/strong>&nbsp;sobre el uso de estos equipos.<\/p>\n\n\n\n<p>En la actualidad, la instituci\u00f3n est\u00e1 desarrollando una&nbsp;<strong>campa\u00f1a de educaci\u00f3n t\u00e9cnica&nbsp;<\/strong>sobre operaci\u00f3n de drones que pronto incluir\u00e1 una plataforma especial con informaciones generales sobre todos los servicios que ofrece el IDAC en esta materia.<\/p>\n\n\n\n<p><em>\u201cNos dirigimos en&nbsp; la direcci\u00f3n correcta: nuestro personal de normas&nbsp; de vuelo, de navegaci\u00f3n \u00e1rea y vigilancia operacional, est\u00e1 siendo capacitado por instructores calificados sobre este tipo de normas, tanto de la Agencia Europea de Seguridad A\u00e9rea (EASA), como de asesores de la OACI en la implementaci\u00f3n de paquetes UAS iPack, responsables de guiar a nuestro personal para realizar estas transformaciones necesarias\u201d<\/em>, subray\u00f3 Porcella.<\/p>\n\n\n\n<p>En la jornada inaugural, el Instituto Dominicano de Aviaci\u00f3n Civil, a trav\u00e9s de su Academia Superior de Ciencias Aeron\u00e1uticas&nbsp;<strong>(ASCA)<\/strong>&nbsp;<strong>puso en servicio un&nbsp;<em>stand<\/em>&nbsp;para atender las inquietudes de los usuarios sobre registro y licencia de drones.<\/strong><\/p>\n\n\n\n<p><strong>Apertura de Dominicana Innova<\/strong><\/p>\n\n\n\n<p>En el acto de apertura participaron junto con Porcella, el director general de la Oficina Gubernamental de Tecnolog\u00edas de la Informaci\u00f3n y Comunicaci\u00f3n&nbsp;<strong>(OGTIC)<\/strong>,&nbsp;<strong>Bartolom\u00e9 Pujals<\/strong>; el presidente del Parque Cibern\u00e9tico de Santo Domingo,&nbsp;<strong>Eddy Mart\u00ednez Manzueta<\/strong>, y el director ejecutivo del Centro de Innovaci\u00f3n de Drones,&nbsp;<strong>Orlando P\u00e9rez<\/strong>, entre otros expertos y responsables.<\/p>\n\n\n\n<p>El evento, dedicado al fomento de las nuevas tecnolog\u00edas, tambi\u00e9n incluye la&nbsp;<strong>\u201cPrimera Feria de Innovaci\u00f3n Universitaria Dominicana Innova\u201d,<\/strong>&nbsp;con el objetivo de promover una cultura innovadora y emprendedora, que incentive el desarrollo y la divulgaci\u00f3n de productos y servicios generadores de un valor agregado al proceso productivo del pa\u00eds y que respondan a&nbsp;<strong>necesidades reales en entorno socioecon\u00f3mico<\/strong>.<\/p>\n\n\n\n<p>Esta actividad es auspiciada por el Ministerio de Educaci\u00f3n Superior, Ciencia y Tecnolog\u00eda a trav\u00e9s de su Viceministerio de Ciencia y Tecnolog\u00eda,&nbsp; la Direcci\u00f3n de Innovaci\u00f3n y Transferencia Tecnol\u00f3gica, junto a la Oficina Gubernamental de Tecnolog\u00edas de la Informaci\u00f3n y Comunicaci\u00f3n (OGTIC), el Gabinete de Innovaci\u00f3n y 53 Instituciones de Educaci\u00f3n Superior.<\/p>\n\n\n\n<p>Las sesiones de la Semana Dominicana Innova 2023 se estar\u00e1n llevando en el Palacio del Cine de Agora Mall.<\/p>\n","protected":false},"excerpt":{"rendered":"<p>Santo Domingo.-&nbsp;El director general (i) del Instituto Dominicano de Aviaci\u00f3n Civil (IDAC), H\u00e9ctor Porcella, afirm\u00f3 que las aeronaves no tripuladas, tambi\u00e9n conocidas como&nbsp;drones, ya son parte del presente en el&nbsp;desarrollo&hellip; <\/p>\n","protected":false},"author":2,"featured_media":27393,"comment_status":"closed","ping_status":"closed","sticky":false,"template":"","format":"standard","meta":{"fifu_image_url":"","fifu_image_alt":"","footnotes":""},"categories":[168],"tags":[],"class_list":["post-27392","post","type-post","status-publish","format-standard","has-post-thumbnail","hentry","category-transporte-aereo"],"_links":{"self":[{"href":"https:\/\/elmundodelosnegocios.com.do\/v1\/wp-json\/wp\/v2\/posts\/27392","targetHints":{"allow":["GET"]}}],"collection":[{"href":"https:\/\/elmundodelosnegocios.com.do\/v1\/wp-json\/wp\/v2\/posts"}],"about":[{"href":"https:\/\/elmundodelosnegocios.com.do\/v1\/wp-json\/wp\/v2\/types\/post"}],"author":[{"embeddable":true,"href":"https:\/\/elmundodelosnegocios.com.do\/v1\/wp-json\/wp\/v2\/users\/2"}],"replies":[{"embeddable":true,"href":"https:\/\/elmundodelosnegocios.com.do\/v1\/wp-json\/wp\/v2\/comments?post=27392"}],"version-history":[{"count":0,"href":"https:\/\/elmundodelosnegocios.com.do\/v1\/wp-json\/wp\/v2\/posts\/27392\/revisions"}],"wp:featuredmedia":[{"embeddable":true,"href":"https:\/\/elmundodelosnegocios.com.do\/v1\/wp-json\/wp\/v2\/media\/27393"}],"wp:attachment":[{"href":"https:\/\/elmundodelosnegocios.com.do\/v1\/wp-json\/wp\/v2\/media?parent=27392"}],"wp:term":[{"taxonomy":"category","embeddable":true,"href":"https:\/\/elmundodelosnegocios.com.do\/v1\/wp-json\/wp\/v2\/categories?post=27392"},{"taxonomy":"post_tag","embeddable":true,"href":"https:\/\/elmundodelosnegocios.com.do\/v1\/wp-json\/wp\/v2\/tags?post=27392"}],"curies":[{"name":"wp","href":"https:\/\/api.w.org\/{rel}","templated":true}]}}