{"id":27511,"date":"2023-04-26T08:47:43","date_gmt":"2023-04-26T13:17:43","guid":{"rendered":"https:\/\/elmundodelosnegocios.com.do\/v1\/?p=27511"},"modified":"2023-04-26T08:47:45","modified_gmt":"2023-04-26T13:17:45","slug":"dominicana-sera-sede-encuentros-internacionales-aduanas","status":"publish","type":"post","link":"https:\/\/elmundodelosnegocios.com.do\/v1\/dominicana-sera-sede-encuentros-internacionales-aduanas\/","title":{"rendered":"Dominicana ser\u00e1 sede encuentros internacionales Aduanas"},"content":{"rendered":"\n<p>Santo Domingo, R.D. Abril 26, 2023.- La Rep\u00fablica Dominicana es reconocida en su gesti\u00f3n aduanera y log\u00edstica al serle otorgada la sede de tres importantes eventos aduaneros del 15 al 19 de mayo en Punta Cana, donde se mostrar\u00e1 el compromiso pa\u00eds con la modernizaci\u00f3n de los sistemas para el comercio exterior.<\/p>\n\n\n\n<figure class=\"wp-block-image size-large\"><img loading=\"lazy\" decoding=\"async\" width=\"1024\" height=\"684\" src=\"https:\/\/elmundodelosnegocios.com.do\/v1\/wp-content\/uploads\/2023\/04\/3-2-1024x684.jpg\" alt=\"\" class=\"wp-image-27512\" srcset=\"https:\/\/elmundodelosnegocios.com.do\/v1\/wp-content\/uploads\/2023\/04\/3-2-1024x684.jpg 1024w, https:\/\/elmundodelosnegocios.com.do\/v1\/wp-content\/uploads\/2023\/04\/3-2-300x200.jpg 300w, https:\/\/elmundodelosnegocios.com.do\/v1\/wp-content\/uploads\/2023\/04\/3-2-768x513.jpg 768w, https:\/\/elmundodelosnegocios.com.do\/v1\/wp-content\/uploads\/2023\/04\/3-2.jpg 1252w\" sizes=\"auto, (max-width: 1024px) 100vw, 1024px\" \/><figcaption class=\"wp-element-caption\">Eduardo Sanz Lovat\u00f3n<\/figcaption><\/figure>\n\n\n\n<p>Los directores de las Aduanas de Am\u00e9rica, Espa\u00f1a y Portugal se reunir\u00e1n en la naci\u00f3n dominicana para identificar oportunidades y retos comunes.<\/p>\n\n\n\n<p>Representantes de las naciones participantes buscar\u00e1n identificar oportunidades y retos comunes, explorar buenas pr\u00e1cticas y compartir experiencias en la modernizaci\u00f3n de los sistemas aduaneros y log\u00edsticos.<\/p>\n\n\n\n<p>El doctor Eduardo Sanz Lovat\u00f3n, director general de Aduanas de la Rep\u00fablica Dominicana, dijo que: \u201cEstamos muy contentos de celebrar estos tres importantes acontecimientos en nuestro pa\u00eds. Los principales actores de la gesti\u00f3n de las adunas de la regi\u00f3n, Espa\u00f1a y Portugal se dar\u00e1n cita, compartiendo inquietudes, innovaciones, oportunidades de intercambio de conocimiento y fomentando las alianzas p\u00fablico-privadas, para robustecer el transporte de mercanc\u00edas, centr\u00e1ndonos en el capital humano\u201d.<\/p>\n\n\n\n<p>El primer encuentro es la \u201cXLIII Reuni\u00f3n de Directores Nacionales para el Convenio Multilateral sobre Cooperaci\u00f3n y Asistencia Mutua entre las direcciones nacionales de Aduanas de Am\u00e9rica Latina, Espa\u00f1a y Portugal (COMALEP)\u201d, el cual se llevar\u00e1 a cabo los d\u00edas 15 y 16 de mayo.<\/p>\n\n\n\n<p>El 17 de mayo se efectuar\u00e1 el \u201cIII Foro en Conjunto de Aduanas: Grupo Regional del Sector Privado\u201d, donde se explorar\u00e1n las oportunidades de alianza y de identificaci\u00f3n conjunta de soluciones entre el Sector Privado y las aduanas.<\/p>\n\n\n\n<p>Finalmente, del 18 al 19 de mayo, se llevar\u00e1 a cabo la \u201cXXV Conferencia Regional de Directores Generales de Aduanas (CRDGA 2023)\u201d, el espacio se aprovechar\u00e1 para discutir los asuntos que preocupan a las administraciones aduaneras, en base al Plan estrat\u00e9gico y agenda de la Organizaci\u00f3n Mundial de las Aduanas, en el \u00e1mbito de la gobernanza interna de la organizaci\u00f3n y las prioridades de sus miembros para las seis Vicepresidencia regionales en todo el mundo.<\/p>\n\n\n\n<p>El conclave tambi\u00e9n servir\u00e1 para estrechar las relaciones entre los distintos pa\u00edses, adem\u00e1s, se compartir\u00e1n experiencias para agilizar los tr\u00e1mites aduaneros, maximizar la competitividad de las naciones y encontrar formas de fortalecer los controles de seguridad en los distintos puertos aduanales.<\/p>\n\n\n\n<p>As\u00ed mismo, este espacio de encuentro servir\u00e1 para el intercambio de 33 miembros que componen la Vicepresidencia Regional de las Am\u00e9ricas y el Caribe, brazo ejecutor de la Organizaci\u00f3n Mundial de Aduanas (OMA).<\/p>\n","protected":false},"excerpt":{"rendered":"<p>Santo Domingo, R.D. Abril 26, 2023.- La Rep\u00fablica Dominicana es reconocida en su gesti\u00f3n aduanera y log\u00edstica al serle otorgada la sede de tres importantes eventos aduaneros del 15 al&hellip; <\/p>\n","protected":false},"author":2,"featured_media":27513,"comment_status":"closed","ping_status":"closed","sticky":false,"template":"","format":"standard","meta":{"fifu_image_url":"","fifu_image_alt":"","footnotes":""},"categories":[181],"tags":[],"class_list":["post-27511","post","type-post","status-publish","format-standard","has-post-thumbnail","hentry","category-carga-logistica"],"_links":{"self":[{"href":"https:\/\/elmundodelosnegocios.com.do\/v1\/wp-json\/wp\/v2\/posts\/27511","targetHints":{"allow":["GET"]}}],"collection":[{"href":"https:\/\/elmundodelosnegocios.com.do\/v1\/wp-json\/wp\/v2\/posts"}],"about":[{"href":"https:\/\/elmundodelosnegocios.com.do\/v1\/wp-json\/wp\/v2\/types\/post"}],"author":[{"embeddable":true,"href":"https:\/\/elmundodelosnegocios.com.do\/v1\/wp-json\/wp\/v2\/users\/2"}],"replies":[{"embeddable":true,"href":"https:\/\/elmundodelosnegocios.com.do\/v1\/wp-json\/wp\/v2\/comments?post=27511"}],"version-history":[{"count":0,"href":"https:\/\/elmundodelosnegocios.com.do\/v1\/wp-json\/wp\/v2\/posts\/27511\/revisions"}],"wp:featuredmedia":[{"embeddable":true,"href":"https:\/\/elmundodelosnegocios.com.do\/v1\/wp-json\/wp\/v2\/media\/27513"}],"wp:attachment":[{"href":"https:\/\/elmundodelosnegocios.com.do\/v1\/wp-json\/wp\/v2\/media?parent=27511"}],"wp:term":[{"taxonomy":"category","embeddable":true,"href":"https:\/\/elmundodelosnegocios.com.do\/v1\/wp-json\/wp\/v2\/categories?post=27511"},{"taxonomy":"post_tag","embeddable":true,"href":"https:\/\/elmundodelosnegocios.com.do\/v1\/wp-json\/wp\/v2\/tags?post=27511"}],"curies":[{"name":"wp","href":"https:\/\/api.w.org\/{rel}","templated":true}]}}