{"id":27515,"date":"2023-04-26T09:06:20","date_gmt":"2023-04-26T13:36:20","guid":{"rendered":"https:\/\/elmundodelosnegocios.com.do\/v1\/?p=27515"},"modified":"2023-04-26T09:06:21","modified_gmt":"2023-04-26T13:36:21","slug":"porcella-valora-evento-regional-oaci-clave-hacia-objetivo-cero-emision-carbono-aviacion","status":"publish","type":"post","link":"https:\/\/elmundodelosnegocios.com.do\/v1\/porcella-valora-evento-regional-oaci-clave-hacia-objetivo-cero-emision-carbono-aviacion\/","title":{"rendered":"Porcella valora evento regional OACI clave hacia objetivo cero emisi\u00f3n carbono aviaci\u00f3n"},"content":{"rendered":"\n<p>SANTO DOMINGO, R.D. Abril 26, 2023.- El director general del Instituto Dominicano de Aviaci\u00f3n Civil (IDAC) H\u00e9ctor Porcella, defini\u00f3 el encuentro regional organizado por la Organizaci\u00f3n de la Aviaci\u00f3n Civil Internacional (OACI) en la ciudad de Santo Domingo como un paso clave en la estrategia mundial de reducir a cero las emisiones de carbono y adoptar nuevas fuentes de energ\u00eda limpia para la actividad aeron\u00e1utica.<\/p>\n\n\n\n<figure class=\"wp-block-image size-large\"><img loading=\"lazy\" decoding=\"async\" width=\"1024\" height=\"683\" src=\"https:\/\/elmundodelosnegocios.com.do\/v1\/wp-content\/uploads\/2023\/04\/Participantes-evento-regional-de-la-OACI-1024x683.jpeg\" alt=\"\" class=\"wp-image-27516\" srcset=\"https:\/\/elmundodelosnegocios.com.do\/v1\/wp-content\/uploads\/2023\/04\/Participantes-evento-regional-de-la-OACI-1024x683.jpeg 1024w, https:\/\/elmundodelosnegocios.com.do\/v1\/wp-content\/uploads\/2023\/04\/Participantes-evento-regional-de-la-OACI-300x200.jpeg 300w, https:\/\/elmundodelosnegocios.com.do\/v1\/wp-content\/uploads\/2023\/04\/Participantes-evento-regional-de-la-OACI-768x512.jpeg 768w, https:\/\/elmundodelosnegocios.com.do\/v1\/wp-content\/uploads\/2023\/04\/Participantes-evento-regional-de-la-OACI-1536x1024.jpeg 1536w, https:\/\/elmundodelosnegocios.com.do\/v1\/wp-content\/uploads\/2023\/04\/Participantes-evento-regional-de-la-OACI.jpeg 1560w\" sizes=\"auto, (max-width: 1024px) 100vw, 1024px\" \/><figcaption class=\"wp-element-caption\">Participantes evento regional de la OACI<\/figcaption><\/figure>\n\n\n\n<p>Explic\u00f3 que el seminario coordinado por la se\u00f1ora Jane Hupe, Directora de Medio Ambiente de la OACI, re\u00fane a los principales funcionarios y t\u00e9cnicos que desarrollan estrategias, pol\u00edticas y pr\u00e1cticas de protecci\u00f3n de medioambiente en la Aviaci\u00f3n civil internacional de la regi\u00f3n de Norte Am\u00e9rica, Centro Am\u00e9rica, el Caribe y Sur Am\u00e9rica.<\/p>\n\n\n\n<p>Porcella ofreci\u00f3 las palabras de bienvenida a los delegados de la OACI y reafirm\u00f3 el compromiso de la Rep\u00fablica Dominicana, encabezado por el presidente Luis Abinader, con las metas trazadas por el liderazgo de la aviaci\u00f3n internacional para avanzar en la protecci\u00f3n del medioambiente, el control de las emisiones de carbono y la adopci\u00f3n de medidas urgentes para revertir el impacto global del cambio clim\u00e1tico.<\/p>\n\n\n\n<p>El objetivo del seminario, explic\u00f3 Porcella, es preparar la Conferencia Sobre la Aviaci\u00f3n y los Combustibles Alternativos (CAAF) en su tercera edici\u00f3n, que abordar\u00e1 los principales temas sobre la implementaci\u00f3n de las metas aspiracionales para la reducci\u00f3n de cero emisiones de carbono en la Aviaci\u00f3n, incluyendo los desarrollos recientes sobre el programa OACI de Asistencia, Creaci\u00f3n de Capacidad e Instrucci\u00f3n en Combustibles de Aviaci\u00f3n Sostenibles (ACT-SAF), por sus siglas en ingl\u00e9s.<\/p>\n\n\n\n<p>Igualmente tratar\u00e1 sobre el financiamiento de energ\u00eda m\u00e1s limpia, los desaf\u00edos y las pol\u00edticas de implementaci\u00f3n, los Planes de Acciones Estatales y otros medios para monitorear el progreso del programa aprobado por la OACI en su reuni\u00f3n de Montreal en el junio del 2022.<\/p>\n\n\n\n<p>Adem\u00e1s de los delegados procedentes de Norte, Centro Am\u00e9rica, el Caribe y Sudam\u00e9rica, el seminario cuenta con la representaci\u00f3n en calidad de observadores de la industria, como la Asociaci\u00f3n Internacional de Transporte A\u00e9reo IATA, Fabricantes de Aviones como Boeing y Airbus, Sistema de Vigilancia de la Seguridad y la Protecci\u00f3n de la Aviaci\u00f3n del Caribe.<\/p>\n\n\n\n<p>OACI y protecci\u00f3n del medio ambiente<\/p>\n\n\n\n<p>La OACI es una agencia de las Naciones Unidas responsable de promover los reglamentos y normas \u00fanicos en la aeron\u00e1utica mundial. Dentro de sus objetivos estrat\u00e9gicos se establece la protecci\u00f3n medioambiental de la aviaci\u00f3n civil internacional. Sus principales esfuerzo se han concentrado en cambio clim\u00e1tico y emisiones de la aviaci\u00f3n, ruido de las aeronaves y calidad local del aire.<\/p>\n\n\n\n<p>En julio del 2022, la OACI celebr\u00f3 una reuni\u00f3n de alto nivel que concluy\u00f3 con la publicaci\u00f3n del documento 10178 que aborda las mestas aspiracionales a largo plazo de medioambiente para la aviaci\u00f3n civil internacional (LTAG en sus siglas en ingl\u00e9s), priorizando los recursos de protecci\u00f3n ambiental de la OACI en: Fuselaje, propulsi\u00f3n y otras innovaciones aeron\u00e1uticas y tecnol\u00f3gicas; Optimizaci\u00f3n de los procedimientos de vuelo para reducir el consumo de combustible; Aumento de la producci\u00f3n y el despliegue de combustibles de aviaci\u00f3n sostenibles y energ\u00eda limpia; Implementaci\u00f3n del Esquema de Reducci\u00f3n de Compensaci\u00f3n de Carbono para la Aviaci\u00f3n Internacional (CORSIA).<\/p>\n\n\n\n<p>Como meta global la OACI ha establecido la aspiraci\u00f3n a largo plazo de mantener las emisiones netas globales de carbono de la aviaci\u00f3n internacional de 2020 al mismo nivel, teniendo en cuenta: las circunstancias especiales y las respectivas capacidades de los Estados, en particular los pa\u00edses en desarrollo; la madurez de los mercados de aviaci\u00f3n; el crecimiento sostenible de la Industria de la aviaci\u00f3n internacional; y que las emisiones pueden aumentar debido al crecimiento esperado en tr\u00e1fico a\u00e9reo internacional hasta que se adopten tecnolog\u00edas y combustibles de menor emisi\u00f3n y otras medidas de mitigaci\u00f3n.<\/p>\n\n\n\n<p>A mediano plazo se aspira que la OACI y sus Estados miembros puedan trabajar juntos para lograr un compromiso colectivo a largo plazo.<\/p>\n\n\n\n<p>Otra meta global para la aviaci\u00f3n internacional (LTAG) es lograr cero emisiones netas de carbono para 2050, en apoyo al objetivo de temperatura del Acuerdo de Par\u00eds, reconociendo las circunstancias especiales de cada Estado y capacidades respectivas.<\/p>\n","protected":false},"excerpt":{"rendered":"<p>SANTO DOMINGO, R.D. Abril 26, 2023.- El director general del Instituto Dominicano de Aviaci\u00f3n Civil (IDAC) H\u00e9ctor Porcella, defini\u00f3 el encuentro regional organizado por la Organizaci\u00f3n de la Aviaci\u00f3n Civil&hellip; <\/p>\n","protected":false},"author":2,"featured_media":27517,"comment_status":"closed","ping_status":"closed","sticky":false,"template":"","format":"standard","meta":{"fifu_image_url":"","fifu_image_alt":"","footnotes":""},"categories":[169],"tags":[],"class_list":["post-27515","post","type-post","status-publish","format-standard","has-post-thumbnail","hentry","category-transporte-internacional"],"_links":{"self":[{"href":"https:\/\/elmundodelosnegocios.com.do\/v1\/wp-json\/wp\/v2\/posts\/27515","targetHints":{"allow":["GET"]}}],"collection":[{"href":"https:\/\/elmundodelosnegocios.com.do\/v1\/wp-json\/wp\/v2\/posts"}],"about":[{"href":"https:\/\/elmundodelosnegocios.com.do\/v1\/wp-json\/wp\/v2\/types\/post"}],"author":[{"embeddable":true,"href":"https:\/\/elmundodelosnegocios.com.do\/v1\/wp-json\/wp\/v2\/users\/2"}],"replies":[{"embeddable":true,"href":"https:\/\/elmundodelosnegocios.com.do\/v1\/wp-json\/wp\/v2\/comments?post=27515"}],"version-history":[{"count":0,"href":"https:\/\/elmundodelosnegocios.com.do\/v1\/wp-json\/wp\/v2\/posts\/27515\/revisions"}],"wp:featuredmedia":[{"embeddable":true,"href":"https:\/\/elmundodelosnegocios.com.do\/v1\/wp-json\/wp\/v2\/media\/27517"}],"wp:attachment":[{"href":"https:\/\/elmundodelosnegocios.com.do\/v1\/wp-json\/wp\/v2\/media?parent=27515"}],"wp:term":[{"taxonomy":"category","embeddable":true,"href":"https:\/\/elmundodelosnegocios.com.do\/v1\/wp-json\/wp\/v2\/categories?post=27515"},{"taxonomy":"post_tag","embeddable":true,"href":"https:\/\/elmundodelosnegocios.com.do\/v1\/wp-json\/wp\/v2\/tags?post=27515"}],"curies":[{"name":"wp","href":"https:\/\/api.w.org\/{rel}","templated":true}]}}