{"id":27612,"date":"2023-04-29T03:08:48","date_gmt":"2023-04-29T07:38:48","guid":{"rendered":"http:\/\/elmundodelosnegocios.com.do\/v1\/index.php\/2023\/04\/29\/resumen-planview-fue-distinguida-como-lider-en-gartner-magic-quadrant-de-abril-de-2023-debido-a-su-gestion-de-portfolio-estrategico-por-segundo-ano-consecutivo\/"},"modified":"2023-04-29T03:08:48","modified_gmt":"2023-04-29T07:38:48","slug":"resumen-planview-fue-distinguida-como-lider-en-gartner-magic-quadrant-de-abril-de-2023-debido-a-su-gestion-de-portfolio-estrategico-por-segundo-ano-consecutivo","status":"publish","type":"post","link":"https:\/\/elmundodelosnegocios.com.do\/v1\/resumen-planview-fue-distinguida-como-lider-en-gartner-magic-quadrant-de-abril-de-2023-debido-a-su-gestion-de-portfolio-estrategico-por-segundo-ano-consecutivo\/","title":{"rendered":"Resumen: Planview fue distinguida como l\u00edder en Gartner\u00ae Magic Quadrant\u2122 de abril de 2023 debido a su gesti\u00f3n de portfolio estrat\u00e9gico por segundo a\u00f1o consecutivo"},"content":{"rendered":"<p>Planview mejor\u00f3 su posici\u00f3n gracias a su visi\u00f3n integralAUSTIN, Texas&#8211;(BUSINESS WIRE)&#8211;Planview, la plataforma l\u00edder para trabajo conectado, de la planificaci\u00f3n del portfolio a la prestaci\u00f3n de servicios, anunci\u00f3 hoy que fue distinguida como l\u00edder en el informe Gartner Magic Quadrant de gesti\u00f3n de portfolio estrat\u00e9gico de abril de 2023 por segundo a\u00f1o consecutivo gracias a su visi\u00f3n integral y capacidad de ejecuci\u00f3n.<br \/>\nDescargar una copia gratuita del informe Gartner Magic Quadrant de gesti\u00f3n de portfolio estrat\u00e9gico de abril de 2023.<br \/>\n\u201cEn Planview, nuestra misi\u00f3n es desatar el poder del trabajo conectado para organizaciones de todo el mundo.\u00bb<br \/>\nEl comunicado en el idioma original es la versi\u00f3n oficial y autorizada del mismo. Esta traducci\u00f3n es solamente un medio de ayuda y deber\u00e1 ser comparada con el texto en idioma original, que es la \u00fanica versi\u00f3n del texto que tendr\u00e1 validez legal. Contacts<br \/>\nRelaciones con medios de comunicaci\u00f3n de PlanviewNatalie Reina<br \/>\nDirectora de comunicaciones corporativas<br \/>\n956-878-9176<br \/>\nnatalie.reina@planview.com<\/p>\n","protected":false},"excerpt":{"rendered":"<p>Planview mejor\u00f3 su posici\u00f3n gracias a su visi\u00f3n integralAUSTIN, Texas&#8211;(BUSINESS WIRE)&#8211;Planview, la plataforma l\u00edder para trabajo conectado, de la planificaci\u00f3n del portfolio a la prestaci\u00f3n de servicios, anunci\u00f3 hoy que&hellip; <\/p>\n","protected":false},"author":2,"featured_media":27613,"comment_status":"closed","ping_status":"closed","sticky":false,"template":"","format":"standard","meta":{"fifu_image_url":"","fifu_image_alt":"","footnotes":""},"categories":[252],"tags":[253],"class_list":["post-27612","post","type-post","status-publish","format-standard","has-post-thumbnail","hentry","category-business-wire","tag-business-wire"],"_links":{"self":[{"href":"https:\/\/elmundodelosnegocios.com.do\/v1\/wp-json\/wp\/v2\/posts\/27612","targetHints":{"allow":["GET"]}}],"collection":[{"href":"https:\/\/elmundodelosnegocios.com.do\/v1\/wp-json\/wp\/v2\/posts"}],"about":[{"href":"https:\/\/elmundodelosnegocios.com.do\/v1\/wp-json\/wp\/v2\/types\/post"}],"author":[{"embeddable":true,"href":"https:\/\/elmundodelosnegocios.com.do\/v1\/wp-json\/wp\/v2\/users\/2"}],"replies":[{"embeddable":true,"href":"https:\/\/elmundodelosnegocios.com.do\/v1\/wp-json\/wp\/v2\/comments?post=27612"}],"version-history":[{"count":0,"href":"https:\/\/elmundodelosnegocios.com.do\/v1\/wp-json\/wp\/v2\/posts\/27612\/revisions"}],"wp:featuredmedia":[{"embeddable":true,"href":"https:\/\/elmundodelosnegocios.com.do\/v1\/wp-json\/wp\/v2\/media\/27613"}],"wp:attachment":[{"href":"https:\/\/elmundodelosnegocios.com.do\/v1\/wp-json\/wp\/v2\/media?parent=27612"}],"wp:term":[{"taxonomy":"category","embeddable":true,"href":"https:\/\/elmundodelosnegocios.com.do\/v1\/wp-json\/wp\/v2\/categories?post=27612"},{"taxonomy":"post_tag","embeddable":true,"href":"https:\/\/elmundodelosnegocios.com.do\/v1\/wp-json\/wp\/v2\/tags?post=27612"}],"curies":[{"name":"wp","href":"https:\/\/api.w.org\/{rel}","templated":true}]}}