{"id":27667,"date":"2023-05-02T03:06:28","date_gmt":"2023-05-02T07:36:28","guid":{"rendered":"https:\/\/elmundodelosnegocios.com.do\/v1\/index.php\/2023\/05\/02\/resumen-proampac-aporta-soluciones-avanzadas-de-envasado-sostenible-y-liderazgo-innovador-a-interpack-2023\/"},"modified":"2023-05-03T07:04:26","modified_gmt":"2023-05-03T11:34:26","slug":"resumen-proampac-aporta-soluciones-avanzadas-de-envasado-sostenible-y-liderazgo-innovador-a-interpack-2023","status":"publish","type":"post","link":"https:\/\/elmundodelosnegocios.com.do\/v1\/resumen-proampac-aporta-soluciones-avanzadas-de-envasado-sostenible-y-liderazgo-innovador-a-interpack-2023\/","title":{"rendered":"ProAmpac aporta soluciones avanzadas de envasado sostenible y liderazgo innovador a Interpack 2023"},"content":{"rendered":"<p>CINCINNATI&#8211;(BUSINESS WIRE)&#8211;ProAmpac, l\u00edder en envases flexibles y ciencia de los materiales, expondr\u00e1 sus productos en Interpack, feria mundial de la industria del envasado, en el pabell\u00f3n 10, stand D21. El evento tendr\u00e1 lugar del 4 al 10 de mayo en D\u00fcsseldorf, Alemania.<br \/>\n\u00abEstamos encantados de volver a Interpack este a\u00f1o para mostrar nuestras soluciones de envasado sostenibles actualizadas, junto con nuestras capacidades ampliadas en Europa, Irlanda y el Reino Unido. Con nuestras recientes incorporaciones, como la impresi\u00f3n digital, las bolsitas con vertedor y el envasado as\u00e9ptico, y nuestro compromiso con los objetivos ESG, estamos contribuyendo a las \u00faltimas innovaciones en envasado flexible\u00bb, afirm\u00f3 Adam Grose, director comercial de ProAmpac.<br \/>\nEl comunicado en el idioma original es la versi\u00f3n oficial y autorizada del mismo. Esta traducci\u00f3n es solamente un medio de ayuda y deber\u00e1 ser comparada con el texto en idioma original, que es la \u00fanica versi\u00f3n del texto que tendr\u00e1 validez legal. Contacts<br \/>\nMolly Speer<br \/>\nProAmpac<br \/>\n(513) 551-1255<br \/>\nMedia@ProAmpac.com<\/p>\n","protected":false},"excerpt":{"rendered":"<p>CINCINNATI&#8211;(BUSINESS WIRE)&#8211;ProAmpac, l\u00edder en envases flexibles y ciencia de los materiales, expondr\u00e1 sus productos en Interpack, feria mundial de la industria del envasado, en el pabell\u00f3n 10, stand D21. El&hellip; <\/p>\n","protected":false},"author":2,"featured_media":27668,"comment_status":"closed","ping_status":"closed","sticky":false,"template":"","format":"standard","meta":{"fifu_image_url":"","fifu_image_alt":"","footnotes":""},"categories":[252],"tags":[253],"class_list":["post-27667","post","type-post","status-publish","format-standard","has-post-thumbnail","hentry","category-business-wire","tag-business-wire"],"_links":{"self":[{"href":"https:\/\/elmundodelosnegocios.com.do\/v1\/wp-json\/wp\/v2\/posts\/27667","targetHints":{"allow":["GET"]}}],"collection":[{"href":"https:\/\/elmundodelosnegocios.com.do\/v1\/wp-json\/wp\/v2\/posts"}],"about":[{"href":"https:\/\/elmundodelosnegocios.com.do\/v1\/wp-json\/wp\/v2\/types\/post"}],"author":[{"embeddable":true,"href":"https:\/\/elmundodelosnegocios.com.do\/v1\/wp-json\/wp\/v2\/users\/2"}],"replies":[{"embeddable":true,"href":"https:\/\/elmundodelosnegocios.com.do\/v1\/wp-json\/wp\/v2\/comments?post=27667"}],"version-history":[{"count":0,"href":"https:\/\/elmundodelosnegocios.com.do\/v1\/wp-json\/wp\/v2\/posts\/27667\/revisions"}],"wp:featuredmedia":[{"embeddable":true,"href":"https:\/\/elmundodelosnegocios.com.do\/v1\/wp-json\/wp\/v2\/media\/27668"}],"wp:attachment":[{"href":"https:\/\/elmundodelosnegocios.com.do\/v1\/wp-json\/wp\/v2\/media?parent=27667"}],"wp:term":[{"taxonomy":"category","embeddable":true,"href":"https:\/\/elmundodelosnegocios.com.do\/v1\/wp-json\/wp\/v2\/categories?post=27667"},{"taxonomy":"post_tag","embeddable":true,"href":"https:\/\/elmundodelosnegocios.com.do\/v1\/wp-json\/wp\/v2\/tags?post=27667"}],"curies":[{"name":"wp","href":"https:\/\/api.w.org\/{rel}","templated":true}]}}