{"id":27760,"date":"2023-05-04T10:27:16","date_gmt":"2023-05-04T14:57:16","guid":{"rendered":"https:\/\/elmundodelosnegocios.com.do\/v1\/?p=27760"},"modified":"2023-05-04T10:27:18","modified_gmt":"2023-05-04T14:57:18","slug":"madre-e-hija-que-disenan-ropa-de-latinas-para-latinas-entre-eeuu-y-brasil","status":"publish","type":"post","link":"https:\/\/elmundodelosnegocios.com.do\/v1\/madre-e-hija-que-disenan-ropa-de-latinas-para-latinas-entre-eeuu-y-brasil\/","title":{"rendered":"Madre e hija que dise\u00f1an ropa \u00abde latinas para latinas\u00bb entre EEUU y Brasil"},"content":{"rendered":"\n<p>Miami, 4 de mayo de 2023 &#8211; Tanya y Danubia Guefre, madre e hija, fundaron la marca de ropa Tanya Guefre \u00abde una latina para otra\u00bb, con la peculiaridad de que una maneja el negocio en Miami y la otra en Brasil.<\/p>\n\n\n\n<p>Danubia emigr\u00f3 a Estados Unidos y, a pesar de las distancias con su madre, ambas han conseguido crear un negocio estable: producen en el gigante sudamericano, con la supervisi\u00f3n directa de Tanya, y distribuyen en EEUU, bajo la gu\u00eda de Danubia.<\/p>\n\n\n\n<figure class=\"wp-block-gallery has-nested-images columns-default is-cropped wp-block-gallery-1 is-layout-flex wp-block-gallery-is-layout-flex\">\n<figure class=\"wp-block-image size-large\"><a href=\"https:\/\/elmundodelosnegocios.com.do\/v1\/wp-content\/uploads\/2023\/05\/AA-1.jpg\"><img loading=\"lazy\" decoding=\"async\" width=\"1024\" height=\"683\" data-id=\"27762\" src=\"https:\/\/elmundodelosnegocios.com.do\/v1\/wp-content\/uploads\/2023\/05\/AA-1-1024x683.jpg\" alt=\"\" class=\"wp-image-27762\" srcset=\"https:\/\/elmundodelosnegocios.com.do\/v1\/wp-content\/uploads\/2023\/05\/AA-1-1024x683.jpg 1024w, https:\/\/elmundodelosnegocios.com.do\/v1\/wp-content\/uploads\/2023\/05\/AA-1-300x200.jpg 300w, https:\/\/elmundodelosnegocios.com.do\/v1\/wp-content\/uploads\/2023\/05\/AA-1-768x512.jpg 768w, https:\/\/elmundodelosnegocios.com.do\/v1\/wp-content\/uploads\/2023\/05\/AA-1.jpg 1128w\" sizes=\"auto, (max-width: 1024px) 100vw, 1024px\" \/><\/a><\/figure>\n\n\n\n<figure class=\"wp-block-image size-large\"><a href=\"https:\/\/elmundodelosnegocios.com.do\/v1\/wp-content\/uploads\/2023\/05\/BB-1.jpg\"><img loading=\"lazy\" decoding=\"async\" width=\"683\" height=\"1024\" data-id=\"27761\" src=\"https:\/\/elmundodelosnegocios.com.do\/v1\/wp-content\/uploads\/2023\/05\/BB-1-683x1024.jpg\" alt=\"\" class=\"wp-image-27761\" srcset=\"https:\/\/elmundodelosnegocios.com.do\/v1\/wp-content\/uploads\/2023\/05\/BB-1-683x1024.jpg 683w, https:\/\/elmundodelosnegocios.com.do\/v1\/wp-content\/uploads\/2023\/05\/BB-1-200x300.jpg 200w, https:\/\/elmundodelosnegocios.com.do\/v1\/wp-content\/uploads\/2023\/05\/BB-1-768x1152.jpg 768w, https:\/\/elmundodelosnegocios.com.do\/v1\/wp-content\/uploads\/2023\/05\/BB-1.jpg 800w\" sizes=\"auto, (max-width: 683px) 100vw, 683px\" \/><\/a><\/figure>\n\n\n\n<figure class=\"wp-block-image size-large\"><a href=\"https:\/\/elmundodelosnegocios.com.do\/v1\/wp-content\/uploads\/2023\/05\/CC-2.jpg\"><img loading=\"lazy\" decoding=\"async\" width=\"1024\" height=\"683\" data-id=\"27763\" src=\"https:\/\/elmundodelosnegocios.com.do\/v1\/wp-content\/uploads\/2023\/05\/CC-2-1024x683.jpg\" alt=\"\" class=\"wp-image-27763\" srcset=\"https:\/\/elmundodelosnegocios.com.do\/v1\/wp-content\/uploads\/2023\/05\/CC-2-1024x683.jpg 1024w, https:\/\/elmundodelosnegocios.com.do\/v1\/wp-content\/uploads\/2023\/05\/CC-2-300x200.jpg 300w, https:\/\/elmundodelosnegocios.com.do\/v1\/wp-content\/uploads\/2023\/05\/CC-2-768x512.jpg 768w, https:\/\/elmundodelosnegocios.com.do\/v1\/wp-content\/uploads\/2023\/05\/CC-2.jpg 1128w\" sizes=\"auto, (max-width: 1024px) 100vw, 1024px\" \/><\/a><\/figure>\n<\/figure>\n\n\n\n<p>La marca naci\u00f3 debido a la necesidad de crear ropa para cuerpos latinos, para elevar el autoestima de la mujer y que todas, sin importar la edad o el peso, puedan verse y sentirse hermosas, poderosas y confiadas luciendo dise\u00f1os llenos de estilo, glamour y sofisticaci\u00f3n.<\/p>\n\n\n\n<p>\u00abMe inspiro en la mujer desde sus distintas facetas y estilos. Si bien nos basamos en tendencias y colores, nuestro enfoque siempre est\u00e1 en la manera en la que se puede sentir una mujer al vestir nuestras prendas, indistintamente de la medida de su cuerpo. Nos proyectamos a esa mujer fuerte, segura de s\u00ed misma, que al verse en el espejo con un dise\u00f1o de Tanya Guefre reafirme su valor y se sienta magn\u00edfica\u00bb, explica Tanya.<\/p>\n\n\n\n<p>El resultado es un concepto de \u00abmoda lenta\u00bb, con colecciones atemporales y propuestas que incluyen estilos resort, glamour y looks, dirigidos a ocasiones especiales.<\/p>\n\n\n\n<p>\u00abOperamos en negocios muy diferentes antes de crear nuestra marca. Yo era ejecutiva en un banco brasile\u00f1o, y Danubia trabajaba en relaciones con inversionistas en JP Morgan. Pero decidimos renunciar a nuestros trabajos para emprender en nuestra verdadera pasi\u00f3n, el dise\u00f1o de moda, y resolver este problema que muchas latinas enfrentamos. As\u00ed naci\u00f3 Tanya Guefre\u00bb, explica Tanya.<\/p>\n\n\n\n<p>Iniciaron el proyecto en 2017 y lanzaron la tienda online en 2020. Durante ese per\u00edodo se dedicaron a estudiar el segmento para poder competir.<\/p>\n\n\n\n<p>Este 1 de mayo, de cara al Mes de las Madres, Tanya y Danubia presentaron su nueva colecci\u00f3n, en la que se destacan telas de alta calidad que incluyen protecci\u00f3n solar y antiarrugas.<\/p>\n\n\n\n<p>\u00abValoramos el modelado perfecto, y buscamos unir comodidad y sofisticaci\u00f3n en cada creaci\u00f3n. Las piezas cuentan con un acabado impecable, materiales de alta calidad y siempre con la preocupaci\u00f3n de valorar a\u00fan m\u00e1s el cuerpo femenino\u00bb, explica Danubia.<\/p>\n\n\n\n<p>Tanya Guefre tiene su taller en Brasil, donde un peque\u00f1o y veterano equipo de costureras crea piezas \u00fanicas.<\/p>\n\n\n\n<p>\u00abDetr\u00e1s de la creaci\u00f3n de cada pieza, est\u00e1 la mentalidad de hacer que las mujeres se sientan empoderadas, seguras y c\u00f3modas en cualquier ocasi\u00f3n, sin dejar de ser sofisticadas\u00bb, a\u00f1ade Danubia.<\/p>\n\n\n\n<p>La historia de inspiraci\u00f3n detr\u00e1s de este negocio entre madre e hija, pretende completarse con la apertura de sucursales en m\u00faltiples ubicaciones, incluido el mercado internacional.<\/p>\n\n\n\n<p>www.tanyaguefre.com<\/p>\n","protected":false},"excerpt":{"rendered":"<p>Miami, 4 de mayo de 2023 &#8211; Tanya y Danubia Guefre, madre e hija, fundaron la marca de ropa Tanya Guefre \u00abde una latina para otra\u00bb, con la peculiaridad de&hellip; <\/p>\n","protected":false},"author":2,"featured_media":27764,"comment_status":"closed","ping_status":"closed","sticky":false,"template":"","format":"standard","meta":{"fifu_image_url":"","fifu_image_alt":"","footnotes":""},"categories":[105],"tags":[],"class_list":["post-27760","post","type-post","status-publish","format-standard","has-post-thumbnail","hentry","category-moda"],"_links":{"self":[{"href":"https:\/\/elmundodelosnegocios.com.do\/v1\/wp-json\/wp\/v2\/posts\/27760","targetHints":{"allow":["GET"]}}],"collection":[{"href":"https:\/\/elmundodelosnegocios.com.do\/v1\/wp-json\/wp\/v2\/posts"}],"about":[{"href":"https:\/\/elmundodelosnegocios.com.do\/v1\/wp-json\/wp\/v2\/types\/post"}],"author":[{"embeddable":true,"href":"https:\/\/elmundodelosnegocios.com.do\/v1\/wp-json\/wp\/v2\/users\/2"}],"replies":[{"embeddable":true,"href":"https:\/\/elmundodelosnegocios.com.do\/v1\/wp-json\/wp\/v2\/comments?post=27760"}],"version-history":[{"count":0,"href":"https:\/\/elmundodelosnegocios.com.do\/v1\/wp-json\/wp\/v2\/posts\/27760\/revisions"}],"wp:featuredmedia":[{"embeddable":true,"href":"https:\/\/elmundodelosnegocios.com.do\/v1\/wp-json\/wp\/v2\/media\/27764"}],"wp:attachment":[{"href":"https:\/\/elmundodelosnegocios.com.do\/v1\/wp-json\/wp\/v2\/media?parent=27760"}],"wp:term":[{"taxonomy":"category","embeddable":true,"href":"https:\/\/elmundodelosnegocios.com.do\/v1\/wp-json\/wp\/v2\/categories?post=27760"},{"taxonomy":"post_tag","embeddable":true,"href":"https:\/\/elmundodelosnegocios.com.do\/v1\/wp-json\/wp\/v2\/tags?post=27760"}],"curies":[{"name":"wp","href":"https:\/\/api.w.org\/{rel}","templated":true}]}}