{"id":27769,"date":"2023-05-04T10:55:20","date_gmt":"2023-05-04T15:25:20","guid":{"rendered":"https:\/\/elmundodelosnegocios.com.do\/v1\/?p=27769"},"modified":"2023-05-04T10:55:21","modified_gmt":"2023-05-04T15:25:21","slug":"las-zonas-francas-continuan-creciendo-y-aumenta-la-confianza-de-los-inversionistas-en-la-republica-dominicana","status":"publish","type":"post","link":"https:\/\/elmundodelosnegocios.com.do\/v1\/las-zonas-francas-continuan-creciendo-y-aumenta-la-confianza-de-los-inversionistas-en-la-republica-dominicana\/","title":{"rendered":"Las zonas francas contin\u00faan creciendo y aumenta la confianza de los inversionistas en la Rep\u00fablica Dominicana"},"content":{"rendered":"\n<p><strong>SANTO DOMINGO.<\/strong>&#8211; Las zonas francas de Rep\u00fablica Dominicana contin\u00faan en crecimiento y cada d\u00eda se convierten en \u201czonas de oportunidades\u201d para los inversionistas contribuyendo a la reducci\u00f3n de la pobreza, asegur\u00f3 el ministro de Industria, Comercio y Mipymes (MICM), V\u00edctor \u201cIto\u201d Bison\u00f3.<\/p>\n\n\n\n<figure class=\"wp-block-image\"><img decoding=\"async\" src=\"https:\/\/micm.gob.do\/images\/noticias\/2023\/05-mayo\/Las_zonas_francas_continuan_creciendo_02.jpg\" alt=\"\"\/><figcaption class=\"wp-element-caption\">.<\/figcaption><\/figure>\n\n\n\n<p>A trav\u00e9s del programa \u201cRuta Industrial\u201d, el MICM contin\u00faa acerc\u00e1ndose a inversionistas nacionales y extranjeros, para conocer de primera mano las industrias y zonas francas del pa\u00eds y ofrecerles apoyo t\u00e9cnico.<\/p>\n\n\n\n<p>El ministro Bison\u00f3 habl\u00f3 durante el recorrido de Ruta Industrial por las instalaciones de la f\u00e1brica de dispositivos pl\u00e1sticos HAYCO, ubicada en el Parque Industrial Zona Franca Las Am\u00e9ricas, junto a Daniel Liranzo, director del Consejo Nacional de Zonas Francas de Exportaci\u00f3n (CNZFE).<\/p>\n\n\n\n<p>Extern\u00f3 su apoyo a las zonas francas, sector que consider\u00f3 como \u201cvital para la econom\u00eda dominicana\u201d.<\/p>\n\n\n\n<p>Entre las iniciativas de apoyo que, el titular del MICM puso a disposici\u00f3n de HAYCO, est\u00e1n los programas de educaci\u00f3n continua en automatizaci\u00f3n y log\u00edstica, que resalt\u00f3 contribuir\u00e1n a fortalecer el capital humano de la citada industria.<\/p>\n\n\n\n<p>Durante la visita, Bison\u00f3 y Liranzo se reunieron con Christopher \u201cChris\u201d Hay, CEO global de la empresa, quien dio explicaciones sobre las operaciones de la compa\u00f1\u00eda y el crecimiento de HAYCO tras su instalaci\u00f3n en la Rep\u00fablica Dominicana.<\/p>\n\n\n\n<p>Chris Hay se\u00f1al\u00f3 que la empresa multinacional cuenta con 2,845 empleados en su planta en Rep\u00fablica Dominicana y tiene proyectado expandirse en el 2023. En la actualidad cuenta con m\u00e1s de 7 mil puestos de trabajo en todo el mundo.<\/p>\n\n\n\n<p>HAYCO es una empresa ubicada en el Parque Industrial Zona Franca Las Am\u00e9ricas que se instal\u00f3 en el pa\u00eds en el 2019 y contin\u00faa con la expansi\u00f3n de su producci\u00f3n.<\/p>\n\n\n\n<p>Uno de los atractivos que encontr\u00f3 HAYCO para operar en la Rep\u00fablica Dominicana fue la ubicaci\u00f3n estrat\u00e9gica, que la posiciona como principal centro de exportaci\u00f3n hacia Norte Am\u00e9rica y el mundo.<\/p>\n\n\n\n<p>Entre las principales actividades que realiza HAYCO est\u00e1n: el moldeo por inyecci\u00f3n de pl\u00e1sticos, fabricaci\u00f3n de cepillos, ensamblaje de dispositivos y el desarrollo de productos de limpieza tanto dom\u00e9stica como para empresas, entre otras.<\/p>\n","protected":false},"excerpt":{"rendered":"<p>SANTO DOMINGO.&#8211; Las zonas francas de Rep\u00fablica Dominicana contin\u00faan en crecimiento y cada d\u00eda se convierten en \u201czonas de oportunidades\u201d para los inversionistas contribuyendo a la reducci\u00f3n de la pobreza,&hellip; <\/p>\n","protected":false},"author":2,"featured_media":27770,"comment_status":"closed","ping_status":"closed","sticky":false,"template":"","format":"standard","meta":{"fifu_image_url":"","fifu_image_alt":"","footnotes":""},"categories":[177],"tags":[],"class_list":["post-27769","post","type-post","status-publish","format-standard","has-post-thumbnail","hentry","category-zona-franca"],"_links":{"self":[{"href":"https:\/\/elmundodelosnegocios.com.do\/v1\/wp-json\/wp\/v2\/posts\/27769","targetHints":{"allow":["GET"]}}],"collection":[{"href":"https:\/\/elmundodelosnegocios.com.do\/v1\/wp-json\/wp\/v2\/posts"}],"about":[{"href":"https:\/\/elmundodelosnegocios.com.do\/v1\/wp-json\/wp\/v2\/types\/post"}],"author":[{"embeddable":true,"href":"https:\/\/elmundodelosnegocios.com.do\/v1\/wp-json\/wp\/v2\/users\/2"}],"replies":[{"embeddable":true,"href":"https:\/\/elmundodelosnegocios.com.do\/v1\/wp-json\/wp\/v2\/comments?post=27769"}],"version-history":[{"count":0,"href":"https:\/\/elmundodelosnegocios.com.do\/v1\/wp-json\/wp\/v2\/posts\/27769\/revisions"}],"wp:featuredmedia":[{"embeddable":true,"href":"https:\/\/elmundodelosnegocios.com.do\/v1\/wp-json\/wp\/v2\/media\/27770"}],"wp:attachment":[{"href":"https:\/\/elmundodelosnegocios.com.do\/v1\/wp-json\/wp\/v2\/media?parent=27769"}],"wp:term":[{"taxonomy":"category","embeddable":true,"href":"https:\/\/elmundodelosnegocios.com.do\/v1\/wp-json\/wp\/v2\/categories?post=27769"},{"taxonomy":"post_tag","embeddable":true,"href":"https:\/\/elmundodelosnegocios.com.do\/v1\/wp-json\/wp\/v2\/tags?post=27769"}],"curies":[{"name":"wp","href":"https:\/\/api.w.org\/{rel}","templated":true}]}}