{"id":27772,"date":"2023-05-04T11:08:47","date_gmt":"2023-05-04T15:38:47","guid":{"rendered":"https:\/\/elmundodelosnegocios.com.do\/v1\/?p=27772"},"modified":"2023-05-04T12:36:02","modified_gmt":"2023-05-04T17:06:02","slug":"collado-inaugura-obras-en-la-altagracia-y-deja-iniciadas-otras-con-una-inversion-de-unos-202-millones-de-pesos","status":"publish","type":"post","link":"https:\/\/elmundodelosnegocios.com.do\/v1\/collado-inaugura-obras-en-la-altagracia-y-deja-iniciadas-otras-con-una-inversion-de-unos-202-millones-de-pesos\/","title":{"rendered":"En La Altagracia Collado inaugura y deja iniciadas obras con inversi\u00f3n 202 millones pesos"},"content":{"rendered":"\n<p><strong>La Altagracia<\/strong>, R.D. Mayo 4, 2023.-&nbsp;El ministro de Turismo, David Collado, agot\u00f3 una apretada agenda de trabajo en esta provincia, donde inaugur\u00f3 la reconstrucci\u00f3n de la v\u00eda de acceso a la playa de Macao y dej\u00f3 iniciados los trabajos de reconstrucci\u00f3n de las v\u00edas de accesos a la bas\u00edlica de Hig\u00fcey, as\u00ed como de diversas&nbsp; calles del distrito&nbsp; municipal de Ver\u00f3n.<\/p>\n\n\n\n<p>Estas tres importantes obras seguir\u00e1n fortaleciendo el desarrollo tur\u00edstico en la zona, y tienen una inversi\u00f3n de RD$202,036,328.<\/p>\n\n\n<div class=\"wp-block-image\">\n<figure class=\"aligncenter\"><img decoding=\"async\" src=\"https:\/\/i0.wp.com\/www.mitur.gob.do\/wp-content\/uploads\/2023\/05\/Palazo-Basilica-Higuey-768x541.webp?resize=768%2C541&amp;ssl=1\" alt=\"\"\/><\/figure>\n<\/div>\n\n\n<p>\u00abCada una de estas obras son viejos reclamos de la comunidad que nos comprometimos atender.&nbsp; Por eso estamos aqu\u00ed con ustedes\u00bb, dijo el ministro Collado.<\/p>\n\n\n\n<p>Afirm\u00f3 que esas obras tendr\u00e1n un impacto directo en el fortalecimiento del turismo de la provincia La Altagracia, que recibe la mayor cantidad de visitantes que llegan a Rep\u00fablica Dominicana.<\/p>\n\n\n\n<p>La inauguraci\u00f3n del acceso a la playa la de Macao consiste en la rehabilitaci\u00f3n de la v\u00eda de dos carriles de circulaci\u00f3n de 6.00 metros de ancho, que conecta desde la carretera Hig\u00fcey-Macao hasta el acceso que conduce a Playa Macao, en una longitud de 1.2 Kil\u00f3metros, a un costo de RD$35,957,924.07.<\/p>\n\n\n\n<p>Esa intervenci\u00f3n tambi\u00e9n incluye las construcciones de aceras, contenes y drenaje pluvial.<\/p>\n\n\n\n<p>Mientras que la reconstrucci\u00f3n de las infraestructuras de servicios de las calles circundantes de la bas\u00edlica de Hig\u00fcey tendr\u00e1 un costo de RD$95,375,124.16.<\/p>\n\n\n\n<p>El proyecto contempla una intervenci\u00f3n de 362 metros lineales de la v\u00eda principal desde el parque central hacia la bas\u00edlica de Hig\u00fcey.<\/p>\n\n\n\n<p>Ese boulevard de peregrinaci\u00f3n est\u00e1 dedicado a los misterios de la virgen y a la fe mariana.<\/p>\n\n\n\n<p>En tanto que, el arreglo de las infraestructuras viales del distrito municipal de Ver\u00f3n requiere una inversi\u00f3n de RD$RD$70,703,280.28.<\/p>\n\n\n\n<p>Esa intervenci\u00f3n conlleva la reconstrucci\u00f3n de las v\u00edas en unos 4.35 kil\u00f3metros de longitud, con un ancho variable; divididos en dos zonas en el distrito municipal de Ver\u00f3n, en el \u00e1rea de Macao y La Jarda.<\/p>\n\n\n\n<p>El proyecto de la zona Macao consiste en la intervenci\u00f3n de 8 ejes de v\u00eda, divididos en 4 zonas. En tanto que, los trabajos en La Jarda est\u00e1n basados en 6 ejes de v\u00eda.<\/p>\n\n\n\n<p><strong>V\u00eda de acceso a la playa Macao<\/strong><\/p>\n\n\n\n<p>La obra, tambi\u00e9n, contempla el asfaltado de la v\u00eda rehabilitada de 1.2 km, la construcci\u00f3n de 2,250 metros lineales de aceras laterales, 2,400 metros lineales de contenes y 1.50 metros de ancho de jardiner\u00eda.<\/p>\n\n\n\n<p>Asimismo, la soluci\u00f3n al drenaje pluvial con sistema de imbornales y pozos filtrantes, as\u00ed como, la creaci\u00f3n de \u00e1reas verdes, potencializaci\u00f3n del sistema el\u00e9ctrico y se\u00f1alizaci\u00f3n.<\/p>\n\n\n\n<p><strong>V\u00eda acceso bas\u00edlica de Hig\u00fcey<\/strong><\/p>\n\n\n\n<p>La obra consiste en el adoquinado de la v\u00eda; d\u00e1ndole mayor jerarqu\u00eda a las aceras, para poder desarrollar el viacrucis dentro de la misma hacia un punto final como la Bas\u00edlica, permitiendo a su vez, la circulaci\u00f3n general en ambos lados.<\/p>\n\n\n\n<p>Asimismo, se implementar\u00e1n \u00e1reas de estacionamiento, soterrado del cableado el\u00e9ctrico de alta y media tensi\u00f3n, as\u00ed como telecomunicaciones y cableado existente.<\/p>\n\n\n\n<p>Toda esta intervenci\u00f3n contar\u00e1, adem\u00e1s, con el embellecimiento de la v\u00eda, paisajismo, dise\u00f1o del parque Monse\u00f1or Adolfo Nouel, tambi\u00e9n, de la estructura para la colocaci\u00f3n de las im\u00e1genes sacras para realizar el viacrucis.<\/p>\n\n\n\n<p>La intervenci\u00f3n del proyecto contempla, aceras adoquinadas y en hormig\u00f3n vaciado, drenaje pluvial (imbornales y pozos filtrantes), se\u00f1alizaci\u00f3n vertical (letreros), se\u00f1alizaci\u00f3n horizontal (pintura termopl\u00e1stica reflectiva en divisi\u00f3n de carriles), paisajismo, equipamiento e iluminaci\u00f3n.<\/p>\n\n\n\n<p><strong>Infraestructuras viales del distrito municipal de Ver\u00f3n<\/strong><\/p>\n\n\n\n<p>Dentro de los alcances se encuentran la recuperaci\u00f3n de la estructura vial, colocaci\u00f3n de capa de rodadura asf\u00e1ltica, la construcci\u00f3n de&nbsp;&nbsp; 5,280 metros lineales de contenes en varias calles y creaci\u00f3n de drenaje pluvial y se\u00f1alizaci\u00f3n.<\/p>\n\n\n\n<p>La intervenci\u00f3n en La Jarda consiste en acceso desde la marginal del Bulevar Tur\u00edstico del Este, siendo este el conector de 4 ejes viales secundarios, adem\u00e1s de 4 ejes viales dentro de la zona, como tambi\u00e9n otro eje vial, con acceso desde la marginal del Bulevar Tur\u00edstico del Este.<\/p>\n\n\n\n<p><\/p>\n","protected":false},"excerpt":{"rendered":"<p>La Altagracia, R.D. Mayo 4, 2023.-&nbsp;El ministro de Turismo, David Collado, agot\u00f3 una apretada agenda de trabajo en esta provincia, donde inaugur\u00f3 la reconstrucci\u00f3n de la v\u00eda de acceso a&hellip; <\/p>\n","protected":false},"author":2,"featured_media":27773,"comment_status":"closed","ping_status":"closed","sticky":false,"template":"","format":"standard","meta":{"fifu_image_url":"","fifu_image_alt":"","footnotes":""},"categories":[172],"tags":[],"class_list":["post-27772","post","type-post","status-publish","format-standard","has-post-thumbnail","hentry","category-turismo"],"_links":{"self":[{"href":"https:\/\/elmundodelosnegocios.com.do\/v1\/wp-json\/wp\/v2\/posts\/27772","targetHints":{"allow":["GET"]}}],"collection":[{"href":"https:\/\/elmundodelosnegocios.com.do\/v1\/wp-json\/wp\/v2\/posts"}],"about":[{"href":"https:\/\/elmundodelosnegocios.com.do\/v1\/wp-json\/wp\/v2\/types\/post"}],"author":[{"embeddable":true,"href":"https:\/\/elmundodelosnegocios.com.do\/v1\/wp-json\/wp\/v2\/users\/2"}],"replies":[{"embeddable":true,"href":"https:\/\/elmundodelosnegocios.com.do\/v1\/wp-json\/wp\/v2\/comments?post=27772"}],"version-history":[{"count":0,"href":"https:\/\/elmundodelosnegocios.com.do\/v1\/wp-json\/wp\/v2\/posts\/27772\/revisions"}],"wp:featuredmedia":[{"embeddable":true,"href":"https:\/\/elmundodelosnegocios.com.do\/v1\/wp-json\/wp\/v2\/media\/27773"}],"wp:attachment":[{"href":"https:\/\/elmundodelosnegocios.com.do\/v1\/wp-json\/wp\/v2\/media?parent=27772"}],"wp:term":[{"taxonomy":"category","embeddable":true,"href":"https:\/\/elmundodelosnegocios.com.do\/v1\/wp-json\/wp\/v2\/categories?post=27772"},{"taxonomy":"post_tag","embeddable":true,"href":"https:\/\/elmundodelosnegocios.com.do\/v1\/wp-json\/wp\/v2\/tags?post=27772"}],"curies":[{"name":"wp","href":"https:\/\/api.w.org\/{rel}","templated":true}]}}