{"id":27884,"date":"2023-05-09T20:21:56","date_gmt":"2023-05-10T00:51:56","guid":{"rendered":"https:\/\/elmundodelosnegocios.com.do\/v1\/?p=27884"},"modified":"2023-05-09T20:21:58","modified_gmt":"2023-05-10T00:51:58","slug":"situacion-sobre-inflacion-de-costa-rica","status":"publish","type":"post","link":"https:\/\/elmundodelosnegocios.com.do\/v1\/situacion-sobre-inflacion-de-costa-rica\/","title":{"rendered":"Situaci\u00f3n sobre Inflaci\u00f3n de Costa Rica"},"content":{"rendered":"\n<p>El \u00cdndice de Precios al Consumidor (IPC) de Costa Rica registr\u00f3 una variaci\u00f3n de 2.44% en abril de 2023 al compararlo con el mismo mes del a\u00f1o anterior (variaci\u00f3n interanual), resultado que es inferior al 7.15% observado doce meses atr\u00e1s.<\/p>\n\n\n\n<p>Por otra parte, al comparar abril de 2023 respecto al mes anterior (inflaci\u00f3n mensual) se observ\u00f3 una variaci\u00f3n de -0.34%. Los grupos que tuvieron el mayor aporte fueron<\/p>\n\n\n\n<p>Transporte, Alquiler y servicios de la vivienda, y Alimentos y bebidas no alcoh\u00f3licas.<\/p>\n\n\n<div class=\"wp-block-image\">\n<figure class=\"aligncenter size-full\"><img loading=\"lazy\" decoding=\"async\" width=\"947\" height=\"706\" src=\"https:\/\/elmundodelosnegocios.com.do\/v1\/wp-content\/uploads\/2023\/05\/image004.png\" alt=\"\" class=\"wp-image-27885\" srcset=\"https:\/\/elmundodelosnegocios.com.do\/v1\/wp-content\/uploads\/2023\/05\/image004.png 947w, https:\/\/elmundodelosnegocios.com.do\/v1\/wp-content\/uploads\/2023\/05\/image004-300x224.png 300w, https:\/\/elmundodelosnegocios.com.do\/v1\/wp-content\/uploads\/2023\/05\/image004-768x573.png 768w\" sizes=\"auto, (max-width: 947px) 100vw, 947px\" \/><\/figure>\n<\/div>\n\n\n<div data-wp-interactive=\"core\/file\" class=\"wp-block-file\"><object data-wp-bind--hidden=\"!state.hasPdfPreview\" hidden class=\"wp-block-file__embed\" data=\"https:\/\/elmundodelosnegocios.com.do\/v1\/wp-content\/uploads\/2023\/05\/coEconomIPC042023-01.pdf\" type=\"application\/pdf\" style=\"width:100%;height:900px\" aria-label=\"Incrustado de coEconomIPC042023-01.\"><\/object><a id=\"wp-block-file--media-e8a1b6e4-4e58-40e3-97be-ba97efe05c00\" href=\"https:\/\/elmundodelosnegocios.com.do\/v1\/wp-content\/uploads\/2023\/05\/coEconomIPC042023-01.pdf\">coEconomIPC042023-01<\/a><a href=\"https:\/\/elmundodelosnegocios.com.do\/v1\/wp-content\/uploads\/2023\/05\/coEconomIPC042023-01.pdf\" class=\"wp-block-file__button wp-element-button\" download aria-describedby=\"wp-block-file--media-e8a1b6e4-4e58-40e3-97be-ba97efe05c00\">Descarga<\/a><\/div>\n","protected":false},"excerpt":{"rendered":"<p>El \u00cdndice de Precios al Consumidor (IPC) de Costa Rica registr\u00f3 una variaci\u00f3n de 2.44% en abril de 2023 al compararlo con el mismo mes del a\u00f1o anterior (variaci\u00f3n interanual),&hellip; <\/p>\n","protected":false},"author":2,"featured_media":27887,"comment_status":"closed","ping_status":"closed","sticky":false,"template":"","format":"standard","meta":{"fifu_image_url":"","fifu_image_alt":"","footnotes":""},"categories":[62,234],"tags":[],"class_list":["post-27884","post","type-post","status-publish","format-standard","has-post-thumbnail","hentry","category-economia","category-internacionales"],"_links":{"self":[{"href":"https:\/\/elmundodelosnegocios.com.do\/v1\/wp-json\/wp\/v2\/posts\/27884","targetHints":{"allow":["GET"]}}],"collection":[{"href":"https:\/\/elmundodelosnegocios.com.do\/v1\/wp-json\/wp\/v2\/posts"}],"about":[{"href":"https:\/\/elmundodelosnegocios.com.do\/v1\/wp-json\/wp\/v2\/types\/post"}],"author":[{"embeddable":true,"href":"https:\/\/elmundodelosnegocios.com.do\/v1\/wp-json\/wp\/v2\/users\/2"}],"replies":[{"embeddable":true,"href":"https:\/\/elmundodelosnegocios.com.do\/v1\/wp-json\/wp\/v2\/comments?post=27884"}],"version-history":[{"count":0,"href":"https:\/\/elmundodelosnegocios.com.do\/v1\/wp-json\/wp\/v2\/posts\/27884\/revisions"}],"wp:featuredmedia":[{"embeddable":true,"href":"https:\/\/elmundodelosnegocios.com.do\/v1\/wp-json\/wp\/v2\/media\/27887"}],"wp:attachment":[{"href":"https:\/\/elmundodelosnegocios.com.do\/v1\/wp-json\/wp\/v2\/media?parent=27884"}],"wp:term":[{"taxonomy":"category","embeddable":true,"href":"https:\/\/elmundodelosnegocios.com.do\/v1\/wp-json\/wp\/v2\/categories?post=27884"},{"taxonomy":"post_tag","embeddable":true,"href":"https:\/\/elmundodelosnegocios.com.do\/v1\/wp-json\/wp\/v2\/tags?post=27884"}],"curies":[{"name":"wp","href":"https:\/\/api.w.org\/{rel}","templated":true}]}}