{"id":27889,"date":"2023-05-09T20:39:20","date_gmt":"2023-05-10T01:09:20","guid":{"rendered":"https:\/\/elmundodelosnegocios.com.do\/v1\/?p=27889"},"modified":"2023-05-09T20:39:22","modified_gmt":"2023-05-10T01:09:22","slug":"reporte-mensual-de-actividad-economica-en-la-region","status":"publish","type":"post","link":"https:\/\/elmundodelosnegocios.com.do\/v1\/reporte-mensual-de-actividad-economica-en-la-region\/","title":{"rendered":"Reporte mensual de actividad econ\u00f3mica en la region"},"content":{"rendered":"\n<p>La actividad econ\u00f3mica de la regi\u00f3n de Centroam\u00e9rica y Rep\u00fablica Dominicana, medida por el IMAE en serie tendencia-ciclo, registr\u00f3 una variaci\u00f3n interanual de 2.9% en febrero de 2023, menos din\u00e1mica que la observada doce meses atr\u00e1s (5.6%).<\/p>\n\n\n\n<figure class=\"wp-block-image size-large\"><img loading=\"lazy\" decoding=\"async\" width=\"1024\" height=\"584\" src=\"https:\/\/elmundodelosnegocios.com.do\/v1\/wp-content\/uploads\/2023\/05\/image002-1024x584.png\" alt=\"\" class=\"wp-image-27890\" srcset=\"https:\/\/elmundodelosnegocios.com.do\/v1\/wp-content\/uploads\/2023\/05\/image002-1024x584.png 1024w, https:\/\/elmundodelosnegocios.com.do\/v1\/wp-content\/uploads\/2023\/05\/image002-300x171.png 300w, https:\/\/elmundodelosnegocios.com.do\/v1\/wp-content\/uploads\/2023\/05\/image002-768x438.png 768w, https:\/\/elmundodelosnegocios.com.do\/v1\/wp-content\/uploads\/2023\/05\/image002-1536x876.png 1536w, https:\/\/elmundodelosnegocios.com.do\/v1\/wp-content\/uploads\/2023\/05\/image002.png 1904w\" sizes=\"auto, (max-width: 1024px) 100vw, 1024px\" \/><\/figure>\n\n\n\n<h2 class=\"wp-block-heading\">Reporte de Actividad Econ\u00f3mica<\/h2>\n\n\n\n<p>Este informe compila cifras de producci\u00f3n de los pa\u00edses de Centroam\u00e9rica, Rep\u00fablica Dominicana y Panam\u00e1. Se basa principalmente en el \u00cdndice Mensual de Actividad Econ\u00f3mica (IMAE) que calculan los pa\u00edses, del cual se incluye informaci\u00f3n mensual por rama de actividad econ\u00f3mica. El IMAE se analiza y se presenta en tendencia-ciclo y se realiza un c\u00e1lculo para la regi\u00f3n CARD (Centroam\u00e9rica y Rep\u00fablica Dominicana) y para la regi\u00f3n CAPARD (regi\u00f3n CARD m\u00e1s Panam\u00e1), como un promedio ponderado de los \u00edndices por pa\u00eds. Tambi\u00e9n incluye cifras del Producto Interno Bruto trimestral de los pa\u00edses, as\u00ed como las estimaciones que realizan los bancos centrales para el cierre del presente a\u00f1o. Para efectos anal\u00edticos el \u00edndice de la regi\u00f3n CARD se compara con el \u00cdndice de Producci\u00f3n Industrial de los Estados Unidos Americanos mediante gr\u00e1ficos de dispersi\u00f3n y de tipo reloj, que muestra la evoluci\u00f3n del componente c\u00edclico y su comparaci\u00f3n con la\u00a0 brecha de producci\u00f3n.<\/p>\n\n\n\n<div data-wp-interactive=\"core\/file\" class=\"wp-block-file\"><object data-wp-bind--hidden=\"!state.hasPdfPreview\" hidden class=\"wp-block-file__embed\" data=\"https:\/\/elmundodelosnegocios.com.do\/v1\/wp-content\/uploads\/2023\/05\/ReporteActividad-2023-03.pdf\" type=\"application\/pdf\" style=\"width:100%;height:900px\" aria-label=\"Incrustado de ReporteActividad-2023-03.\"><\/object><a id=\"wp-block-file--media-53e925a6-26dc-4816-88df-64577ba8a06e\" href=\"https:\/\/elmundodelosnegocios.com.do\/v1\/wp-content\/uploads\/2023\/05\/ReporteActividad-2023-03.pdf\">ReporteActividad-2023-03<\/a><a href=\"https:\/\/elmundodelosnegocios.com.do\/v1\/wp-content\/uploads\/2023\/05\/ReporteActividad-2023-03.pdf\" class=\"wp-block-file__button wp-element-button\" download aria-describedby=\"wp-block-file--media-53e925a6-26dc-4816-88df-64577ba8a06e\">Descarga<\/a><\/div>\n","protected":false},"excerpt":{"rendered":"<p>La actividad econ\u00f3mica de la regi\u00f3n de Centroam\u00e9rica y Rep\u00fablica Dominicana, medida por el IMAE en serie tendencia-ciclo, registr\u00f3 una variaci\u00f3n interanual de 2.9% en febrero de 2023, menos din\u00e1mica&hellip; <\/p>\n","protected":false},"author":2,"featured_media":27892,"comment_status":"closed","ping_status":"closed","sticky":false,"template":"","format":"standard","meta":{"fifu_image_url":"","fifu_image_alt":"","footnotes":""},"categories":[62],"tags":[],"class_list":["post-27889","post","type-post","status-publish","format-standard","has-post-thumbnail","hentry","category-economia"],"_links":{"self":[{"href":"https:\/\/elmundodelosnegocios.com.do\/v1\/wp-json\/wp\/v2\/posts\/27889","targetHints":{"allow":["GET"]}}],"collection":[{"href":"https:\/\/elmundodelosnegocios.com.do\/v1\/wp-json\/wp\/v2\/posts"}],"about":[{"href":"https:\/\/elmundodelosnegocios.com.do\/v1\/wp-json\/wp\/v2\/types\/post"}],"author":[{"embeddable":true,"href":"https:\/\/elmundodelosnegocios.com.do\/v1\/wp-json\/wp\/v2\/users\/2"}],"replies":[{"embeddable":true,"href":"https:\/\/elmundodelosnegocios.com.do\/v1\/wp-json\/wp\/v2\/comments?post=27889"}],"version-history":[{"count":0,"href":"https:\/\/elmundodelosnegocios.com.do\/v1\/wp-json\/wp\/v2\/posts\/27889\/revisions"}],"wp:featuredmedia":[{"embeddable":true,"href":"https:\/\/elmundodelosnegocios.com.do\/v1\/wp-json\/wp\/v2\/media\/27892"}],"wp:attachment":[{"href":"https:\/\/elmundodelosnegocios.com.do\/v1\/wp-json\/wp\/v2\/media?parent=27889"}],"wp:term":[{"taxonomy":"category","embeddable":true,"href":"https:\/\/elmundodelosnegocios.com.do\/v1\/wp-json\/wp\/v2\/categories?post=27889"},{"taxonomy":"post_tag","embeddable":true,"href":"https:\/\/elmundodelosnegocios.com.do\/v1\/wp-json\/wp\/v2\/tags?post=27889"}],"curies":[{"name":"wp","href":"https:\/\/api.w.org\/{rel}","templated":true}]}}