{"id":27917,"date":"2023-05-10T13:46:45","date_gmt":"2023-05-10T18:16:45","guid":{"rendered":"https:\/\/elmundodelosnegocios.com.do\/v1\/?p=27917"},"modified":"2023-05-10T13:46:47","modified_gmt":"2023-05-10T18:16:47","slug":"gobierno-entrega-25-millones-de-pesos-en-apoyo-al-desarrollo-de-la-industria-emprendedora","status":"publish","type":"post","link":"https:\/\/elmundodelosnegocios.com.do\/v1\/gobierno-entrega-25-millones-de-pesos-en-apoyo-al-desarrollo-de-la-industria-emprendedora\/","title":{"rendered":"Ministro Bison\u00f3 entrega 25 millones pesos apoyo desarrollo industria emprendedora"},"content":{"rendered":"\n<p>Santo Domingo.-&nbsp;<strong>El ministro de Industria, Comercio y Mipymes (MICM), V\u00edctor \u201cIto\u201d Bison\u00f3<\/strong>, como parte de la historia de cambio para impulsar el desarrollo de sectores productivos, entreg\u00f3&nbsp;<strong>25 millones de pesos<\/strong>&nbsp;del Fondo de Contrapartida Financiera para el Desarrollo del Emprendimiento&nbsp;<strong>(CONFIE)<\/strong>, un instrumento de financiamiento que por medio de convocatorias otorga&nbsp;<strong>pr\u00e9stamos a emprendedores y los acompa\u00f1a a hacer crecer sus negocios.&nbsp;<\/strong>&nbsp;<\/p>\n\n\n<div class=\"wp-block-image\">\n<figure class=\"aligncenter size-large\"><img loading=\"lazy\" decoding=\"async\" width=\"1024\" height=\"576\" src=\"http:\/\/elmundodelosnegocios.com.do\/v1\/wp-content\/uploads\/2023\/05\/WhatsApp-Image-2023-05-09-at-5.08.40-PM-1024x576.jpeg\" alt=\"\" class=\"wp-image-27918\" srcset=\"https:\/\/elmundodelosnegocios.com.do\/v1\/wp-content\/uploads\/2023\/05\/WhatsApp-Image-2023-05-09-at-5.08.40-PM-1024x576.jpeg 1024w, https:\/\/elmundodelosnegocios.com.do\/v1\/wp-content\/uploads\/2023\/05\/WhatsApp-Image-2023-05-09-at-5.08.40-PM-300x169.jpeg 300w, https:\/\/elmundodelosnegocios.com.do\/v1\/wp-content\/uploads\/2023\/05\/WhatsApp-Image-2023-05-09-at-5.08.40-PM-768x432.jpeg 768w, https:\/\/elmundodelosnegocios.com.do\/v1\/wp-content\/uploads\/2023\/05\/WhatsApp-Image-2023-05-09-at-5.08.40-PM.jpeg 1300w\" sizes=\"auto, (max-width: 1024px) 100vw, 1024px\" \/><\/figure>\n<\/div>\n\n\n<p>Bison\u00f3 resalt\u00f3 que el emprendimiento se constituye como un&nbsp;<strong>motor para el crecimiento econ\u00f3mico sostenible<\/strong>&nbsp;y el desarrollo social del pa\u00eds que contribuye a la&nbsp;<strong>generaci\u00f3n de empleo y riqueza<\/strong>.<\/p>\n\n\n<div class=\"wp-block-image\">\n<figure class=\"aligncenter size-full\"><img loading=\"lazy\" decoding=\"async\" width=\"1024\" height=\"682\" src=\"https:\/\/elmundodelosnegocios.com.do\/v1\/wp-content\/uploads\/2023\/05\/Ito-Bisono-Ministro-de-Industria-Comercio-y-Mipymes.jpeg\" alt=\"\" class=\"wp-image-27930\" srcset=\"https:\/\/elmundodelosnegocios.com.do\/v1\/wp-content\/uploads\/2023\/05\/Ito-Bisono-Ministro-de-Industria-Comercio-y-Mipymes.jpeg 1024w, https:\/\/elmundodelosnegocios.com.do\/v1\/wp-content\/uploads\/2023\/05\/Ito-Bisono-Ministro-de-Industria-Comercio-y-Mipymes-300x200.jpeg 300w, https:\/\/elmundodelosnegocios.com.do\/v1\/wp-content\/uploads\/2023\/05\/Ito-Bisono-Ministro-de-Industria-Comercio-y-Mipymes-768x512.jpeg 768w\" sizes=\"auto, (max-width: 1024px) 100vw, 1024px\" \/><\/figure>\n<\/div>\n\n\n<p><em>\u201cDesde el gobierno, y por instrucciones del presidente Luis Abinader, desde el MICM trabajamos cada d\u00eda para crear oportunidades, sobre todo para los m\u00e1s j\u00f3venes, enfocados en accionar y dar cumplimiento a la Ley para impulsar la creaci\u00f3n de empleos, empleos y m\u00e1s empleos\u201d<\/em>, manifest\u00f3.<\/p>\n\n\n\n<p>El anuncio se hizo durante el acto de juramentaci\u00f3n de la nueva directiva del programa&nbsp;<strong>Red Nacional de Emprendimiento (RD-Emprende).<\/strong><\/p>\n\n\n\n<p>En ese sentido,&nbsp;<strong>el ministro de la Presidencia, Joel Santos<\/strong>, dijo que Rep\u00fablica Dominicana es&nbsp;<em>\u201cun espacio que gana posiciones como importante destino de inversiones y comercio y aspira a aumentar su peso en el escenario pol\u00edtico y econ\u00f3mico global postpandemia\u201d.<\/em><\/p>\n\n\n\n<p>Y agreg\u00f3 que&nbsp;<strong>este gobierno es un aliado de los emprendedores<\/strong>&nbsp;y siempre&nbsp;<em>\u201cescucharemos sus propuestas e ideas, discutiremos las soluciones con ustedes y pondremos en sus manos todo lo que tengamos para materializar sus mejores proyectos\u201d.<\/em><\/p>\n\n\n\n<p>De su lado, el titular del MICM se\u00f1al\u00f3 que la elecci\u00f3n de la nueva directiva es un proceso leg\u00edtimo que fortalece y agrega valor a las iniciativas que desde el ministerio se impulsan&nbsp;<strong>en favor de las mipymes y de los emprendedores.<\/strong><\/p>\n\n\n\n<p>Asimismo, dijo que la labor de RD-Emprende es esencial para fortalecer el ecosistema emprendedor en la Rep\u00fablica Dominicana, pues&nbsp;<strong>articula esfuerzos que impulsan nuevos emprendimientos y fortalece los existentes.<\/strong><\/p>\n\n\n\n<p>Una muestra de que desde el gobierno se dan pasos firmes de apoyo al sector, queda evidenciada con la implementaci\u00f3n, por primera vez, de la&nbsp;<strong>Ley 488-16<\/strong>, que agrupa a todos los actores del ecosistema para promover&nbsp;<strong>pol\u00edticas p\u00fablicas orientadas al fomento de la cultura y el esp\u00edritu emprendedor.<\/strong><\/p>\n\n\n\n<p>A pesar de que dicha Ley fue promulgada en el a\u00f1o 2020, es ahora cuando se le est\u00e1 dando cumplimiento,<strong>&nbsp;garantizando la continuidad del Estado y la institucionalidad<\/strong>.<\/p>\n\n\n\n<p><em>\u201cUstedes son los l\u00edderes y referentes que pueden inspirar y guiar a otros emprendedores, brindarles las herramientas y recursos necesarios para llevar adelante sus proyectos y empresas. Son los impulsores de un cambio cultural en el que ahora s\u00ed se valora el emprendimiento y se reconoce su impacto en el desarrollo del pa\u00eds\u201d,<\/em>&nbsp;destac\u00f3 Bison\u00f3.<\/p>\n\n\n\n<p><strong>RD-Emprende<\/strong><\/p>\n\n\n\n<p>La Red Nacional de Emprendimiento, (RD-Emprende) es un \u00f3rgano adscrito al Ministerio de Industria, Comercio y Mipymes (MICM) donde se re\u00fanen&nbsp;<strong>38 entidades<\/strong>&nbsp;que comparten conocimientos, experiencias y recursos para apoyar el&nbsp;<strong>desarrollo de nuevos proyectos y empresas, en especial aquellas lideradas por j\u00f3venes.<\/strong><\/p>\n\n\n\n<p>Bison\u00f3 destac\u00f3 las informaciones del&nbsp;<strong>Monitor Global de Emprendimiento<\/strong>&nbsp;que valora el entorno para emprender, respecto a la burocracia, pol\u00edticas gubernamentales y el acceso a infraestructura comercial y profesional&nbsp;<strong>Dicho sector exhibe importantes mejor\u00edas<\/strong>&nbsp;desde el a\u00f1o 2022, lo que evidencia el compromiso del gobierno del presidente Luis Abinader en implementar&nbsp;<strong>iniciativas que contribuyan a la creaci\u00f3n de un ecosistema emprendedor s\u00f3lido y din\u00e1mico.&nbsp;<\/strong><\/p>\n\n\n\n<p>Enfatiz\u00f3 que desde el gobierno se seguir\u00e1n dando pasos firmes para implementar soluciones efectivas, de la mano y en di\u00e1logo con los diferentes sectores productivos, al entender que&nbsp;<strong>las soluciones factibles para el desarrollo a largo plazo solo son posibles con el respaldo y apoyo de todos.&nbsp;<\/strong><\/p>\n\n\n\n<p><strong>Directiva RD-Emprende<\/strong><\/p>\n\n\n\n<p>La nueva directiva estar\u00e1 encabezada por la Asociaci\u00f3n Nacional de J\u00f3venes Empresarios (ANJE); Universidad Tecnol\u00f3gica de Santiago (UTESA) tendr\u00e1 la vicepresidencia; C\u00e1mara Americana de Comercio de la Rep\u00fablica Dominicana (AMCHAMDR) estar\u00e1 en la tesorer\u00eda; Liga Municipal Dominicana ser\u00e1 vocal y el MICM bajo la direcci\u00f3n de la secretar\u00eda t\u00e9cnica.&nbsp;<\/p>\n\n\n\n<p>\u201c<em>Desde el MICM queremos reiterar nuestro compromiso de trabajar de la mano con la RD-Emprende y todas las organizaciones y personas que forman parte de ella, para fomentar el emprendimiento y la innovaci\u00f3n\u201d,<\/em>&nbsp;concluy\u00f3.<\/p>\n","protected":false},"excerpt":{"rendered":"<p>Santo Domingo.-&nbsp;El ministro de Industria, Comercio y Mipymes (MICM), V\u00edctor \u201cIto\u201d Bison\u00f3, como parte de la historia de cambio para impulsar el desarrollo de sectores productivos, entreg\u00f3&nbsp;25 millones de pesos&nbsp;del&hellip; <\/p>\n","protected":false},"author":2,"featured_media":27918,"comment_status":"closed","ping_status":"closed","sticky":false,"template":"","format":"standard","meta":{"fifu_image_url":"","fifu_image_alt":"","footnotes":""},"categories":[154],"tags":[],"class_list":["post-27917","post","type-post","status-publish","format-standard","has-post-thumbnail","hentry","category-industria"],"_links":{"self":[{"href":"https:\/\/elmundodelosnegocios.com.do\/v1\/wp-json\/wp\/v2\/posts\/27917","targetHints":{"allow":["GET"]}}],"collection":[{"href":"https:\/\/elmundodelosnegocios.com.do\/v1\/wp-json\/wp\/v2\/posts"}],"about":[{"href":"https:\/\/elmundodelosnegocios.com.do\/v1\/wp-json\/wp\/v2\/types\/post"}],"author":[{"embeddable":true,"href":"https:\/\/elmundodelosnegocios.com.do\/v1\/wp-json\/wp\/v2\/users\/2"}],"replies":[{"embeddable":true,"href":"https:\/\/elmundodelosnegocios.com.do\/v1\/wp-json\/wp\/v2\/comments?post=27917"}],"version-history":[{"count":0,"href":"https:\/\/elmundodelosnegocios.com.do\/v1\/wp-json\/wp\/v2\/posts\/27917\/revisions"}],"wp:featuredmedia":[{"embeddable":true,"href":"https:\/\/elmundodelosnegocios.com.do\/v1\/wp-json\/wp\/v2\/media\/27918"}],"wp:attachment":[{"href":"https:\/\/elmundodelosnegocios.com.do\/v1\/wp-json\/wp\/v2\/media?parent=27917"}],"wp:term":[{"taxonomy":"category","embeddable":true,"href":"https:\/\/elmundodelosnegocios.com.do\/v1\/wp-json\/wp\/v2\/categories?post=27917"},{"taxonomy":"post_tag","embeddable":true,"href":"https:\/\/elmundodelosnegocios.com.do\/v1\/wp-json\/wp\/v2\/tags?post=27917"}],"curies":[{"name":"wp","href":"https:\/\/api.w.org\/{rel}","templated":true}]}}