{"id":28027,"date":"2023-05-15T13:23:55","date_gmt":"2023-05-15T17:53:55","guid":{"rendered":"https:\/\/elmundodelosnegocios.com.do\/v1\/?p=28027"},"modified":"2023-05-15T13:23:57","modified_gmt":"2023-05-15T17:53:57","slug":"eligen-arquitecta-de-moya-simo-comite-expertos-ranking-de-bam-2023","status":"publish","type":"post","link":"https:\/\/elmundodelosnegocios.com.do\/v1\/eligen-arquitecta-de-moya-simo-comite-expertos-ranking-de-bam-2023\/","title":{"rendered":"Eligen arquitecta De Moya Simo comit\u00e9 expertos Ranking de BAM 2023"},"content":{"rendered":"\n<p>La arquitecta Heidi De Moya, directora de la Escuela de Arquitectura y Urbanismo de la Universidad Nacional Pedro Henr\u00edquez Ure\u00f1a, fue elegida por el Best Architecture Masters (BAM), para participar en el comit\u00e9 de expertos en la sexta edici\u00f3n del ranking 2023, en el que se enumeran los mejores posgrados de Arquitectura alrededor del mundo.&nbsp; La Arq. De Moya tiene alrededor de 6 a\u00f1os participando en el BAM. La edici\u00f3n est\u00e1 prevista para julio de presente a\u00f1o.&nbsp;<\/p>\n\n\n\n<p>En esta oportunidad se estar\u00e1n evaluando de 30 a 40 programas, sujetos a verificaci\u00f3n por los expertos. El ranking se organiza con la finalidad de ayudar a arquitectos y estudiantes a conocer los mejores M\u00e1steres Internacionales disponibles en el mundo. El ranking anual de BAM compara y eval\u00faa programas de las mejores escuelas de arquitectura, a trav\u00e9s de una metodolog\u00eda comparativa y objetiva, desarrollada por expertos internacionales.&nbsp;&nbsp;<\/p>\n\n\n\n<p>El ranking de BAM se ha convertido en uno de los referentes m\u00e1s importantes en el mundo de la educaci\u00f3n arquitect\u00f3nica. BAM es una plataforma de arquitectura educativa.<\/p>\n\n\n\n<p><strong>Sobre Heidi De Moya Sim\u00f3&nbsp;<\/strong><\/p>\n\n\n\n<p>Arquitecta, docente en UNPHU desde 2012. Posee una Maestr\u00eda en Vivienda Colectiva y otra en Gerencia de Proyectos. Con experiencia en el \u00e1rea de Dise\u00f1o Arquitect\u00f3nico Residencial, Dise\u00f1o y Ejecuci\u00f3n de Mobiliarios a la Medida, Gesti\u00f3n y Formulaci\u00f3n de Proyectos Arquitect\u00f3nicos y Proyectos Urbanos.<\/p>\n","protected":false},"excerpt":{"rendered":"<p>La arquitecta Heidi De Moya, directora de la Escuela de Arquitectura y Urbanismo de la Universidad Nacional Pedro Henr\u00edquez Ure\u00f1a, fue elegida por el Best Architecture Masters (BAM), para participar&hellip; <\/p>\n","protected":false},"author":2,"featured_media":28028,"comment_status":"closed","ping_status":"closed","sticky":false,"template":"","format":"standard","meta":{"fifu_image_url":"","fifu_image_alt":"","footnotes":""},"categories":[69],"tags":[],"class_list":["post-28027","post","type-post","status-publish","format-standard","has-post-thumbnail","hentry","category-construccion"],"_links":{"self":[{"href":"https:\/\/elmundodelosnegocios.com.do\/v1\/wp-json\/wp\/v2\/posts\/28027","targetHints":{"allow":["GET"]}}],"collection":[{"href":"https:\/\/elmundodelosnegocios.com.do\/v1\/wp-json\/wp\/v2\/posts"}],"about":[{"href":"https:\/\/elmundodelosnegocios.com.do\/v1\/wp-json\/wp\/v2\/types\/post"}],"author":[{"embeddable":true,"href":"https:\/\/elmundodelosnegocios.com.do\/v1\/wp-json\/wp\/v2\/users\/2"}],"replies":[{"embeddable":true,"href":"https:\/\/elmundodelosnegocios.com.do\/v1\/wp-json\/wp\/v2\/comments?post=28027"}],"version-history":[{"count":0,"href":"https:\/\/elmundodelosnegocios.com.do\/v1\/wp-json\/wp\/v2\/posts\/28027\/revisions"}],"wp:featuredmedia":[{"embeddable":true,"href":"https:\/\/elmundodelosnegocios.com.do\/v1\/wp-json\/wp\/v2\/media\/28028"}],"wp:attachment":[{"href":"https:\/\/elmundodelosnegocios.com.do\/v1\/wp-json\/wp\/v2\/media?parent=28027"}],"wp:term":[{"taxonomy":"category","embeddable":true,"href":"https:\/\/elmundodelosnegocios.com.do\/v1\/wp-json\/wp\/v2\/categories?post=28027"},{"taxonomy":"post_tag","embeddable":true,"href":"https:\/\/elmundodelosnegocios.com.do\/v1\/wp-json\/wp\/v2\/tags?post=28027"}],"curies":[{"name":"wp","href":"https:\/\/api.w.org\/{rel}","templated":true}]}}