{"id":28074,"date":"2023-05-17T06:57:01","date_gmt":"2023-05-17T11:27:01","guid":{"rendered":"http:\/\/elmundodelosnegocios.com.do\/v1\/?p=28074"},"modified":"2023-05-17T06:57:03","modified_gmt":"2023-05-17T11:27:03","slug":"dgcine-promueve-al-pais-como-destino-filmico-ideal-en-el-marche-du-film-del-festival-de-cannes-2023","status":"publish","type":"post","link":"https:\/\/elmundodelosnegocios.com.do\/v1\/dgcine-promueve-al-pais-como-destino-filmico-ideal-en-el-marche-du-film-del-festival-de-cannes-2023\/","title":{"rendered":"DGCINE promueve al pa\u00eds como destino f\u00edlmico ideal en el March\u00e9 du Film del Festival de Cannes 2023"},"content":{"rendered":"\n<p>Cannes, Francia. \u2013 Con la misi\u00f3n de seguir promoviendo a la&nbsp;<strong>Rep\u00fablica Dominicana como el destino f\u00edlmico ideal en la regi\u00f3n<\/strong>, la Direcci\u00f3n General de Cine&nbsp;<strong>(DGCINE)<\/strong>&nbsp;est\u00e1 presente en el&nbsp;<strong>March\u00e9 du Film del Festival de Cannes.&nbsp;<\/strong><\/p>\n\n\n\n<p>En este importante mercado, la Rep\u00fablica Dominicana&nbsp;<strong>cuenta con un pabell\u00f3n<\/strong>&nbsp;donde se promueve al pa\u00eds como destino f\u00edlmico, se dan a conocer las oportunidades de coproducci\u00f3n y las pel\u00edculas dominicanas disponibles para distribuci\u00f3n internacional. As\u00ed tambi\u00e9n,&nbsp;<strong>cineastas dominicanos<\/strong>&nbsp;presentan sus proyectos en desarrollo ante&nbsp;<strong>agentes de venta, distribuidores y productores.<\/strong><\/p>\n\n\n\n<p>La delegaci\u00f3n dominicana, encabezada por&nbsp;<strong>la directora general de la DGCINE, Marianna Vargas Gurilieva<\/strong>, incluye&nbsp;<strong>12 directores y productores.<\/strong>&nbsp;La misma est\u00e1 conformada por Sterlyn Ram\u00edrez, Gabriella Moses, Yanillys P\u00e9rez, Leticia Tonos, Leticia Brea, Natalia Cabral, Oriol Estrada, Wendy Espinal, Ico Abreu, Mariel Aponte, Yatna Montilla y Karlina Veras.&nbsp;<\/p>\n\n\n\n<p>Seis de estos cineastas dominicanos fueron seleccionados a trav\u00e9s de una&nbsp;<strong>convocatoria lanzada por #DGCINE junto al Producers Network<\/strong>. Estos tendr\u00e1n la oportunidad de participar en todas actividades organizadas por ambas entidades.&nbsp;<\/p>\n\n\n\n<p>La directora de DGCINE indic\u00f3 que&nbsp;<em>\u201cuno de nuestros objetivos es apoyar la internacionalizaci\u00f3n del talento y el cine dominicano y es por esto que estaremos firmando acuerdos con festivales internacionales. Es lograr un cine que viaje y se expanda m\u00e1s all\u00e1 de sus fronteras. A trav\u00e9s del mercado m\u00e1s importante del mundo, afianzamos ese compromiso y continuamos enfocados en posicionar a la Rep\u00fablica Dominicana como el hub cinematogr\u00e1fico de la regi\u00f3n\u201d.<\/em><\/p>\n\n\n\n<p>Como apertura a la participaci\u00f3n de la delegaci\u00f3n dominicana, los cineastas dominicanos Ico Abreu y Wendy Espinal, forman parte del&nbsp;<strong>\u201cProducers Under the Spotlight\u201d&nbsp;<\/strong>del March\u00e9 du Film, seleccionados por el programa&nbsp;<strong>\u201cDEENTAL in the Caribbean\u201d<\/strong>, el cual fue realizado por primera vez en la regi\u00f3n del Caribe por el&nbsp;<strong>Centre National du Cin\u00e9ma et l\u2019Image Anim\u00e9e (CNC de Francia)&nbsp;<\/strong>con la cooperaci\u00f3n financiera de la&nbsp;<strong>Uni\u00f3n Europea y DGCINE<\/strong>&nbsp;en enero.<\/p>\n\n\n\n<p>De igual manera, se llevar\u00e1 a cabo un&nbsp;<strong>evento de coproducci\u00f3n&nbsp;<\/strong>de la Rep\u00fablica Dominicana, Colombia, Italia, Uruguay y Paraguay, as\u00ed como un&nbsp;<strong>Meet &amp; Greet<\/strong>&nbsp;con la industria cinematograf\u00edca internacional.&nbsp;<\/p>\n\n\n\n<p>El March\u00e9 du Film es el&nbsp;<strong>mayor encuentro internacional de profesionales de la industria del cine<\/strong>, donde se re\u00fanen alrededor de&nbsp;<strong>12,500 participantes<\/strong>, provenientes de&nbsp;<strong>121 pa\u00edses<\/strong>, del 16 al 24 de mayo de 2023.<\/p>\n","protected":false},"excerpt":{"rendered":"<p>Cannes, Francia. \u2013 Con la misi\u00f3n de seguir promoviendo a la&nbsp;Rep\u00fablica Dominicana como el destino f\u00edlmico ideal en la regi\u00f3n, la Direcci\u00f3n General de Cine&nbsp;(DGCINE)&nbsp;est\u00e1 presente en el&nbsp;March\u00e9 du Film&hellip; <\/p>\n","protected":false},"author":2,"featured_media":28075,"comment_status":"closed","ping_status":"closed","sticky":false,"template":"","format":"standard","meta":{"fifu_image_url":"","fifu_image_alt":"","footnotes":""},"categories":[157],"tags":[],"class_list":["post-28074","post","type-post","status-publish","format-standard","has-post-thumbnail","hentry","category-marketing"],"_links":{"self":[{"href":"https:\/\/elmundodelosnegocios.com.do\/v1\/wp-json\/wp\/v2\/posts\/28074","targetHints":{"allow":["GET"]}}],"collection":[{"href":"https:\/\/elmundodelosnegocios.com.do\/v1\/wp-json\/wp\/v2\/posts"}],"about":[{"href":"https:\/\/elmundodelosnegocios.com.do\/v1\/wp-json\/wp\/v2\/types\/post"}],"author":[{"embeddable":true,"href":"https:\/\/elmundodelosnegocios.com.do\/v1\/wp-json\/wp\/v2\/users\/2"}],"replies":[{"embeddable":true,"href":"https:\/\/elmundodelosnegocios.com.do\/v1\/wp-json\/wp\/v2\/comments?post=28074"}],"version-history":[{"count":0,"href":"https:\/\/elmundodelosnegocios.com.do\/v1\/wp-json\/wp\/v2\/posts\/28074\/revisions"}],"wp:featuredmedia":[{"embeddable":true,"href":"https:\/\/elmundodelosnegocios.com.do\/v1\/wp-json\/wp\/v2\/media\/28075"}],"wp:attachment":[{"href":"https:\/\/elmundodelosnegocios.com.do\/v1\/wp-json\/wp\/v2\/media?parent=28074"}],"wp:term":[{"taxonomy":"category","embeddable":true,"href":"https:\/\/elmundodelosnegocios.com.do\/v1\/wp-json\/wp\/v2\/categories?post=28074"},{"taxonomy":"post_tag","embeddable":true,"href":"https:\/\/elmundodelosnegocios.com.do\/v1\/wp-json\/wp\/v2\/tags?post=28074"}],"curies":[{"name":"wp","href":"https:\/\/api.w.org\/{rel}","templated":true}]}}