{"id":28082,"date":"2023-05-17T13:15:27","date_gmt":"2023-05-17T17:45:27","guid":{"rendered":"https:\/\/elmundodelosnegocios.com.do\/v1\/?p=28082"},"modified":"2023-05-17T13:15:29","modified_gmt":"2023-05-17T17:45:29","slug":"alertan-que-hipertension-puede-ser-asintomatica-o-presentar-sintomas-pocos-especificos","status":"publish","type":"post","link":"https:\/\/elmundodelosnegocios.com.do\/v1\/alertan-que-hipertension-puede-ser-asintomatica-o-presentar-sintomas-pocos-especificos\/","title":{"rendered":"Alertan que hipertensi\u00f3n puede ser asintom\u00e1tica o presentar s\u00edntomas pocos espec\u00edficos"},"content":{"rendered":"\n<p><strong>SANTO DOMINGO.-<\/strong>&nbsp;En el marco del d\u00eda de la hipertensi\u00f3n, la cardi\u00f3loga del Centro M\u00e9dico de Diabetes, Obesidad y Especialidades (CEMDOE), Aracelis G\u00f3mez, recomend\u00f3 a la poblaci\u00f3n estar alertas, pues uno de los grandes riesgos de la hipertensi\u00f3n arterial es que puede cursar asintom\u00e1tica.<\/p>\n\n\n<div class=\"wp-block-image\">\n<figure class=\"aligncenter size-full\"><img loading=\"lazy\" decoding=\"async\" width=\"1005\" height=\"621\" src=\"https:\/\/elmundodelosnegocios.com.do\/v1\/wp-content\/uploads\/2023\/05\/Dra.-Aracelis-Gomez-cardiologa.jpg\" alt=\"\" class=\"wp-image-28083\" srcset=\"https:\/\/elmundodelosnegocios.com.do\/v1\/wp-content\/uploads\/2023\/05\/Dra.-Aracelis-Gomez-cardiologa.jpg 1005w, https:\/\/elmundodelosnegocios.com.do\/v1\/wp-content\/uploads\/2023\/05\/Dra.-Aracelis-Gomez-cardiologa-300x185.jpg 300w, https:\/\/elmundodelosnegocios.com.do\/v1\/wp-content\/uploads\/2023\/05\/Dra.-Aracelis-Gomez-cardiologa-768x475.jpg 768w\" sizes=\"auto, (max-width: 1005px) 100vw, 1005px\" \/><figcaption class=\"wp-element-caption\">Dra. Aracelis G\u00f3mez, cardi\u00f3loga<\/figcaption><\/figure>\n<\/div>\n\n\n<p>Recalc\u00f3 que la primera manifestaci\u00f3n de la hipertensi\u00f3n puede ser una hemorragia cerebral o un edema pulmonar. \u00abNo es extra\u00f1o ver un paciente que llega a emergencia con un evento cerebral en crisis hipertensiva, sin saber que era hipertenso hasta ese momento, porque la hipertensi\u00f3n puede ser una enfermedad asintom\u00e1tica y, en ocasiones, producir s\u00edntomas inespec\u00edficos como cansancio o dolor de cabeza leve, a lo que que el paciente puede no prestar atenci\u00f3n\u00bb, detall\u00f3 la especialista.<\/p>\n\n\n\n<p>Adem\u00e1s, explic\u00f3 que no hay una edad espec\u00edfica para la aparici\u00f3n de la hipertensi\u00f3n, y aunque es mucho m\u00e1s frecuente en la vida adulta, a partir de los 40 a 50 a\u00f1os, tambi\u00e9n puede presentarse en la ni\u00f1ez y en edad avanzada y, a largo plazo, si no es bien tratada produce da\u00f1os importante a \u00f3rganos que van desde insuficiencia card\u00edaca hasta insuficiencia renal, entre otros.<\/p>\n\n\n\n<p>Entre los factores para detectar la hipertensi\u00f3n, la cardi\u00f3loga sostuvo que personas con historia familiar y mayor de 40 a\u00f1os, es prudente un chequeo de la presi\u00f3n cada cierto tiempo aunque no tenga ning\u00fan s\u00edntoma; es recomendable un chequeo m\u00e9dico de rutina al menos una vez al a\u00f1o en los adultos saludables, as\u00ed se detecta de manera temprana cualquier condici\u00f3n de salud y se previenen otras.<\/p>\n\n\n\n<p>La especialista invit\u00f3 a acoger h\u00e1bitos saludables como el ejercicio, la alimentaci\u00f3n baja en sal, grasa y carbohidratos; reducir el nivel de estr\u00e9s, realizar actividad f\u00edsica, preferiblemente al aire libre, visitar al m\u00e9dico para chequeo de rutina al menos una vez al a\u00f1o, mientras que a los pacientes que ya tienen el padecimiento, seguimiento estricto en sus consultas m\u00e9dicas y apego al tratamiento para prevenir complicaciones.<\/p>\n\n\n\n<p><strong>Sobre CEMDOE<\/strong><\/p>\n\n\n\n<p>Centro m\u00e9dico ambulatorio, especializado en enfermedades cr\u00f3nicas, que ofrece un modelo de atenci\u00f3n integral centrado en&nbsp;la&nbsp;seguridad, calidad y experiencia del paciente y su familia. Apoyados en procesos, est\u00e1ndares y pol\u00edticas internacionales que garantizan&nbsp;el&nbsp;\u00e9xito de su prop\u00f3sito.<\/p>\n\n\n\n<p>CEMDOE forma parte de INTEGRA, primer ecosistema de salud de&nbsp;la&nbsp;Rep\u00fablica Dominicana que tiene por objetivo mejorar&nbsp;la&nbsp;salud de&nbsp;la&nbsp;poblaci\u00f3n de forma sostenible y sustentable.<\/p>\n","protected":false},"excerpt":{"rendered":"<p>SANTO DOMINGO.-&nbsp;En el marco del d\u00eda de la hipertensi\u00f3n, la cardi\u00f3loga del Centro M\u00e9dico de Diabetes, Obesidad y Especialidades (CEMDOE), Aracelis G\u00f3mez, recomend\u00f3 a la poblaci\u00f3n estar alertas, pues uno&hellip; <\/p>\n","protected":false},"author":2,"featured_media":28083,"comment_status":"closed","ping_status":"closed","sticky":false,"template":"","format":"standard","meta":{"fifu_image_url":"","fifu_image_alt":"","footnotes":""},"categories":[80],"tags":[],"class_list":["post-28082","post","type-post","status-publish","format-standard","has-post-thumbnail","hentry","category-salud"],"_links":{"self":[{"href":"https:\/\/elmundodelosnegocios.com.do\/v1\/wp-json\/wp\/v2\/posts\/28082","targetHints":{"allow":["GET"]}}],"collection":[{"href":"https:\/\/elmundodelosnegocios.com.do\/v1\/wp-json\/wp\/v2\/posts"}],"about":[{"href":"https:\/\/elmundodelosnegocios.com.do\/v1\/wp-json\/wp\/v2\/types\/post"}],"author":[{"embeddable":true,"href":"https:\/\/elmundodelosnegocios.com.do\/v1\/wp-json\/wp\/v2\/users\/2"}],"replies":[{"embeddable":true,"href":"https:\/\/elmundodelosnegocios.com.do\/v1\/wp-json\/wp\/v2\/comments?post=28082"}],"version-history":[{"count":0,"href":"https:\/\/elmundodelosnegocios.com.do\/v1\/wp-json\/wp\/v2\/posts\/28082\/revisions"}],"wp:featuredmedia":[{"embeddable":true,"href":"https:\/\/elmundodelosnegocios.com.do\/v1\/wp-json\/wp\/v2\/media\/28083"}],"wp:attachment":[{"href":"https:\/\/elmundodelosnegocios.com.do\/v1\/wp-json\/wp\/v2\/media?parent=28082"}],"wp:term":[{"taxonomy":"category","embeddable":true,"href":"https:\/\/elmundodelosnegocios.com.do\/v1\/wp-json\/wp\/v2\/categories?post=28082"},{"taxonomy":"post_tag","embeddable":true,"href":"https:\/\/elmundodelosnegocios.com.do\/v1\/wp-json\/wp\/v2\/tags?post=28082"}],"curies":[{"name":"wp","href":"https:\/\/api.w.org\/{rel}","templated":true}]}}