{"id":28093,"date":"2023-05-17T13:33:29","date_gmt":"2023-05-17T18:03:29","guid":{"rendered":"https:\/\/elmundodelosnegocios.com.do\/v1\/?p=28093"},"modified":"2023-05-17T14:04:46","modified_gmt":"2023-05-17T18:34:46","slug":"banreservas-firma-acuerdo-con-airen-para-el-desarrollo-de-las-empresas-familiares","status":"publish","type":"post","link":"https:\/\/elmundodelosnegocios.com.do\/v1\/banreservas-firma-acuerdo-con-airen-para-el-desarrollo-de-las-empresas-familiares\/","title":{"rendered":"Banreservas firma acuerdo con AIREN para el desarrollo de las empresas familiares"},"content":{"rendered":"\n<p>El acuerdo beneficia a negocios familiares en todo el pa\u00eds<\/p>\n\n\n\n<p>Santo Domingo.- El Banco de Reservas y la Asociaci\u00f3n de Industriales de la Regi\u00f3n Norte (AIREN) firmaron un acuerdo para ofrecer soporte financiero a las empresas familiares en todo el territorio nacional.<\/p>\n\n\n\n<figure class=\"wp-block-image size-large\"><img loading=\"lazy\" decoding=\"async\" width=\"1024\" height=\"681\" src=\"https:\/\/elmundodelosnegocios.com.do\/v1\/wp-content\/uploads\/2023\/05\/2-4-1024x681.jpg\" alt=\"\" class=\"wp-image-28094\" srcset=\"https:\/\/elmundodelosnegocios.com.do\/v1\/wp-content\/uploads\/2023\/05\/2-4-1024x681.jpg 1024w, https:\/\/elmundodelosnegocios.com.do\/v1\/wp-content\/uploads\/2023\/05\/2-4-300x200.jpg 300w, https:\/\/elmundodelosnegocios.com.do\/v1\/wp-content\/uploads\/2023\/05\/2-4-768x511.jpg 768w, https:\/\/elmundodelosnegocios.com.do\/v1\/wp-content\/uploads\/2023\/05\/2-4-1536x1022.jpg 1536w, https:\/\/elmundodelosnegocios.com.do\/v1\/wp-content\/uploads\/2023\/05\/2-4-2048x1362.jpg 2048w\" sizes=\"auto, (max-width: 1024px) 100vw, 1024px\" \/><\/figure>\n\n\n\n<p>El convenio fue rubricado por el subadministrador de Empresas Subsidiarias de Banreservas, Francisco El\u00edas, y el presidente de la Junta Directiva de AIREN, Juan Bautista Ventura, durante un encuentro en la Torre Banreservas de Santo Domingo<\/p>\n\n\n<div class=\"wp-block-image\">\n<figure class=\"aligncenter size-full\"><img loading=\"lazy\" decoding=\"async\" width=\"750\" height=\"470\" src=\"https:\/\/elmundodelosnegocios.com.do\/v1\/wp-content\/uploads\/2023\/05\/1-750x470-1.jpeg\" alt=\"\" class=\"wp-image-28095\" srcset=\"https:\/\/elmundodelosnegocios.com.do\/v1\/wp-content\/uploads\/2023\/05\/1-750x470-1.jpeg 750w, https:\/\/elmundodelosnegocios.com.do\/v1\/wp-content\/uploads\/2023\/05\/1-750x470-1-300x188.jpeg 300w\" sizes=\"auto, (max-width: 750px) 100vw, 750px\" \/><\/figure>\n<\/div>\n\n\n<p>Al ponderar la importancia del acuerdo, El\u00edas expres\u00f3 que Banreservas contin\u00faa demostrando con acciones concretas su compromiso con el empresariado de Santiago y la regi\u00f3n, como es el caso de las Pymes familiares, que representan un activo muy importante en el desarrollo del pa\u00eds.<\/p>\n\n\n\n<p>Las empresas familiares dominicanas tambi\u00e9n recibir\u00e1n capacitaci\u00f3n concebida para garantizar su permanencia y competitividad, mediante el Centro de Desarrollo de Empresas Familiares (CDEF).<br>En el primer a\u00f1o, m\u00e1s de 10 instituciones ser\u00e1n beneficiadas con facilidades financieras y consultor\u00edas que atender\u00e1n adecuadamente este segmento del sector productivo. Adem\u00e1s, se realizar\u00e1n congresos y seminarios en diferentes puntos de la regi\u00f3n, para sensibilizar a los peque\u00f1os empresarios sobre el tema.<br>El sector PYMES y las microempresas generan m\u00e1s del 50% de los empleos de la econom\u00eda mundial y sus aportes no se limitan a su contribuci\u00f3n en el Producto Interno Bruto, sino que tambi\u00e9n incluyen hermosas historias de vida y desarrollo personal y familiar.<\/p>\n\n\n\n<p>El Centro de Desarrollo de Empresas Familiares (CDEF) es una unidad de servicios de AIREN dedicada a promover la continuidad y permanencia de las empresas familiares del pa\u00eds, as\u00ed como su fortalecimiento, sostenibilidad y&nbsp;desarrollo.<\/p>\n\n\n\n<p>Las empresas familiares constituyen m\u00e1s del 80% de las empresas de Rep\u00fablica Dominicana y de toda Latinoam\u00e9rica, por lo que su labor es decisiva para el avance de la naci\u00f3n.<\/p>\n\n\n\n<p>En la actividad tambi\u00e9n estuvieron presentes el director ejecutivo de AIREN, Carlos Fondeur; el director senior de Negocios Personales de la zona metropolitana, sur y este, Gustavo Polanco; y la coordinadora del CDEF, Mary Cruz.<\/p>\n","protected":false},"excerpt":{"rendered":"<p>El acuerdo beneficia a negocios familiares en todo el pa\u00eds Santo Domingo.- El Banco de Reservas y la Asociaci\u00f3n de Industriales de la Regi\u00f3n Norte (AIREN) firmaron un acuerdo para&hellip; <\/p>\n","protected":false},"author":2,"featured_media":28094,"comment_status":"closed","ping_status":"closed","sticky":false,"template":"","format":"standard","meta":{"fifu_image_url":"","fifu_image_alt":"","footnotes":""},"categories":[83],"tags":[],"class_list":["post-28093","post","type-post","status-publish","format-standard","has-post-thumbnail","hentry","category-empresariales-empresariales"],"_links":{"self":[{"href":"https:\/\/elmundodelosnegocios.com.do\/v1\/wp-json\/wp\/v2\/posts\/28093","targetHints":{"allow":["GET"]}}],"collection":[{"href":"https:\/\/elmundodelosnegocios.com.do\/v1\/wp-json\/wp\/v2\/posts"}],"about":[{"href":"https:\/\/elmundodelosnegocios.com.do\/v1\/wp-json\/wp\/v2\/types\/post"}],"author":[{"embeddable":true,"href":"https:\/\/elmundodelosnegocios.com.do\/v1\/wp-json\/wp\/v2\/users\/2"}],"replies":[{"embeddable":true,"href":"https:\/\/elmundodelosnegocios.com.do\/v1\/wp-json\/wp\/v2\/comments?post=28093"}],"version-history":[{"count":0,"href":"https:\/\/elmundodelosnegocios.com.do\/v1\/wp-json\/wp\/v2\/posts\/28093\/revisions"}],"wp:featuredmedia":[{"embeddable":true,"href":"https:\/\/elmundodelosnegocios.com.do\/v1\/wp-json\/wp\/v2\/media\/28094"}],"wp:attachment":[{"href":"https:\/\/elmundodelosnegocios.com.do\/v1\/wp-json\/wp\/v2\/media?parent=28093"}],"wp:term":[{"taxonomy":"category","embeddable":true,"href":"https:\/\/elmundodelosnegocios.com.do\/v1\/wp-json\/wp\/v2\/categories?post=28093"},{"taxonomy":"post_tag","embeddable":true,"href":"https:\/\/elmundodelosnegocios.com.do\/v1\/wp-json\/wp\/v2\/tags?post=28093"}],"curies":[{"name":"wp","href":"https:\/\/api.w.org\/{rel}","templated":true}]}}