{"id":28110,"date":"2023-05-18T11:38:44","date_gmt":"2023-05-18T16:08:44","guid":{"rendered":"http:\/\/elmundodelosnegocios.com.do\/v1\/?p=28110"},"modified":"2023-05-18T11:48:17","modified_gmt":"2023-05-18T16:18:17","slug":"idac-certifica-aerodromo-domestico-de-nisibon-airpark-primero-en-su-tipo-en-el-caribe","status":"publish","type":"post","link":"https:\/\/elmundodelosnegocios.com.do\/v1\/idac-certifica-aerodromo-domestico-de-nisibon-airpark-primero-en-su-tipo-en-el-caribe\/","title":{"rendered":"IDAC certifica aer\u00f3dromo dom\u00e9stico de Nisib\u00f3n AirPark; primero en su tipo en el Caribe"},"content":{"rendered":"\n<p>Santo Domingo. \u2013 El Instituto Dominicano de Aviaci\u00f3n Civil (IDAC) autoriz\u00f3 formalmente la operaci\u00f3n del aer\u00f3dromo dom\u00e9stico de Nisib\u00f3n AirPark, el primero de su tipo en la regi\u00f3n del Caribe, dentro de una propiedad de 23 millones de metros cuadrados. El mismo incluir\u00e1 un proyecto inmobiliario, un parque de aventura con 13 atracciones, un club de aviadores y otras actividades vinculadas al sector aeron\u00e1utico.<\/p>\n\n\n\n<figure class=\"wp-block-image size-large\"><img loading=\"lazy\" decoding=\"async\" width=\"1024\" height=\"576\" src=\"http:\/\/elmundodelosnegocios.com.do\/v1\/wp-content\/uploads\/2023\/05\/1-1-1024x576.jpeg\" alt=\"\" class=\"wp-image-28111\" srcset=\"https:\/\/elmundodelosnegocios.com.do\/v1\/wp-content\/uploads\/2023\/05\/1-1-1024x576.jpeg 1024w, https:\/\/elmundodelosnegocios.com.do\/v1\/wp-content\/uploads\/2023\/05\/1-1-300x169.jpeg 300w, https:\/\/elmundodelosnegocios.com.do\/v1\/wp-content\/uploads\/2023\/05\/1-1-768x432.jpeg 768w, https:\/\/elmundodelosnegocios.com.do\/v1\/wp-content\/uploads\/2023\/05\/1-1.jpeg 1300w\" sizes=\"auto, (max-width: 1024px) 100vw, 1024px\" \/><\/figure>\n\n\n\n<p>El certificado fue entregado por el director general interino del IDAC, H\u00e9ctor Porcella, al presidente de Nisib\u00f3n AirPark, Oscar Villanueva, quien estuvo acompa\u00f1ado de los empresarios Fernando Villanueva y Eduardo Read, presidente y miembro del consejo del grupo Viamar, entre otros. Tambi\u00e9n estuvo presente el director del Departamento Aeroportuario, V\u00edctor Pichardo, y el comandante general de la Fuerza A\u00e9rea de la Rep\u00fablica Dominicana, mayor general Carlos R. Febrillet.<\/p>\n\n\n\n<p>Porcella explic\u00f3 que la certificaci\u00f3n del novedoso aer\u00f3dromo cumpli\u00f3 con todos los requerimientos establecidos en la Ley de Aviaci\u00f3n Civil de la Rep\u00fablica Dominicana No. 491-06, en un proceso que se inici\u00f3 en el a\u00f1o 2013.<\/p>\n\n\n\n<p>Afirm\u00f3 que el complejo aeron\u00e1utico se corresponde con el gran momento que vive la aviaci\u00f3n civil en el pa\u00edscomo resultado del extraordinario auge de la industria tur\u00edstica nacional y la firme voluntad del presidente Luis Abinader y del ministro David Collado de fortalecer la inversi\u00f3n en los sectores estrat\u00e9gicos de la econom\u00eda dominicana.<\/p>\n\n\n\n<p>Al resaltar la dimensi\u00f3n del proyecto, Oscar Villanueva asegur\u00f3 que no hay en el pa\u00eds ni en la regi\u00f3n un complejo que contenga un parque de aventuras, una comunidad a\u00e9rea, dos hoteles tem\u00e1ticos, 7 kil\u00f3metros de r\u00edo, club de playa y actividades alrededor de un aeropuerto dom\u00e9stico, entre otras atracciones.<\/p>\n\n\n\n<p>Los componentes aeron\u00e1uticos del complejo, conjuntamente con la terminal y sus hangares, se complementar\u00e1n con un desarrollo inmobiliario bajo el concepto de villas con hangares o hangar-homes, a donde los propietarios podr\u00e1n llegar y guardar sus aeronaves.<\/p>\n\n\n\n<p>El proyecto de capital privado est\u00e1 emplazado en la comunidad de Las Lagunas de Nisib\u00f3n, en Hig\u00fcey, a menos de 50 kil\u00f3metros de Punta Cana y est\u00e1 destinado a convertirse en uno de los principales atractivos complementarios de m\u00e1s famoso destino tur\u00edstico de la regi\u00f3n del Caribe.<\/p>\n","protected":false},"excerpt":{"rendered":"<p>Santo Domingo. \u2013 El Instituto Dominicano de Aviaci\u00f3n Civil (IDAC) autoriz\u00f3 formalmente la operaci\u00f3n del aer\u00f3dromo dom\u00e9stico de Nisib\u00f3n AirPark, el primero de su tipo en la regi\u00f3n del Caribe,&hellip; <\/p>\n","protected":false},"author":2,"featured_media":28111,"comment_status":"closed","ping_status":"closed","sticky":false,"template":"","format":"standard","meta":{"fifu_image_url":"","fifu_image_alt":"","footnotes":""},"categories":[168],"tags":[],"class_list":["post-28110","post","type-post","status-publish","format-standard","has-post-thumbnail","hentry","category-transporte-aereo"],"_links":{"self":[{"href":"https:\/\/elmundodelosnegocios.com.do\/v1\/wp-json\/wp\/v2\/posts\/28110","targetHints":{"allow":["GET"]}}],"collection":[{"href":"https:\/\/elmundodelosnegocios.com.do\/v1\/wp-json\/wp\/v2\/posts"}],"about":[{"href":"https:\/\/elmundodelosnegocios.com.do\/v1\/wp-json\/wp\/v2\/types\/post"}],"author":[{"embeddable":true,"href":"https:\/\/elmundodelosnegocios.com.do\/v1\/wp-json\/wp\/v2\/users\/2"}],"replies":[{"embeddable":true,"href":"https:\/\/elmundodelosnegocios.com.do\/v1\/wp-json\/wp\/v2\/comments?post=28110"}],"version-history":[{"count":0,"href":"https:\/\/elmundodelosnegocios.com.do\/v1\/wp-json\/wp\/v2\/posts\/28110\/revisions"}],"wp:featuredmedia":[{"embeddable":true,"href":"https:\/\/elmundodelosnegocios.com.do\/v1\/wp-json\/wp\/v2\/media\/28111"}],"wp:attachment":[{"href":"https:\/\/elmundodelosnegocios.com.do\/v1\/wp-json\/wp\/v2\/media?parent=28110"}],"wp:term":[{"taxonomy":"category","embeddable":true,"href":"https:\/\/elmundodelosnegocios.com.do\/v1\/wp-json\/wp\/v2\/categories?post=28110"},{"taxonomy":"post_tag","embeddable":true,"href":"https:\/\/elmundodelosnegocios.com.do\/v1\/wp-json\/wp\/v2\/tags?post=28110"}],"curies":[{"name":"wp","href":"https:\/\/api.w.org\/{rel}","templated":true}]}}