{"id":28113,"date":"2023-05-18T11:47:37","date_gmt":"2023-05-18T16:17:37","guid":{"rendered":"http:\/\/elmundodelosnegocios.com.do\/v1\/?p=28113"},"modified":"2023-10-10T08:49:54","modified_gmt":"2023-10-10T13:19:54","slug":"comalep-concluye-reunion-en-rd-abordando-nuevas-estrategias-de-seguridad-y-riesgos-en-las-aduanas","status":"publish","type":"post","link":"https:\/\/elmundodelosnegocios.com.do\/v1\/comalep-concluye-reunion-en-rd-abordando-nuevas-estrategias-de-seguridad-y-riesgos-en-las-aduanas\/","title":{"rendered":"COMALEP concluye reuni\u00f3n en RD abordando nuevas estrategias de seguridad y riesgos en las aduanas"},"content":{"rendered":"\n<p>Punta Cana.- Con el abordaje de&nbsp;<strong>mejores pr\u00e1ctica<\/strong>s en materia de recaudaci\u00f3n, la&nbsp;<strong>seguridad<\/strong>&nbsp;a trav\u00e9s de la gesti\u00f3n de riesgos, la&nbsp;<strong>lucha contra la corrupci\u00f3n<\/strong>&nbsp;desde las aduanas y la lucha&nbsp;<strong>contra el narcotr\u00e1fico<\/strong>, concluy\u00f3 la&nbsp;<strong>Cuadrag\u00e9sima Tercera Reuni\u00f3n de Directores Nacionales de Aduanas<\/strong>&nbsp;que se celebr\u00f3 del 15 al 16 de mayo en Punta Cana.&nbsp;<\/p>\n\n\n\n<figure class=\"wp-block-image size-large\"><img loading=\"lazy\" decoding=\"async\" width=\"1024\" height=\"576\" src=\"http:\/\/elmundodelosnegocios.com.do\/v1\/wp-content\/uploads\/2023\/05\/IMG_2037-1024x576.jpg\" alt=\"\" class=\"wp-image-28114\" srcset=\"https:\/\/elmundodelosnegocios.com.do\/v1\/wp-content\/uploads\/2023\/05\/IMG_2037-1024x576.jpg 1024w, https:\/\/elmundodelosnegocios.com.do\/v1\/wp-content\/uploads\/2023\/05\/IMG_2037-300x169.jpg 300w, https:\/\/elmundodelosnegocios.com.do\/v1\/wp-content\/uploads\/2023\/05\/IMG_2037-768x432.jpg 768w, https:\/\/elmundodelosnegocios.com.do\/v1\/wp-content\/uploads\/2023\/05\/IMG_2037.jpg 1300w\" sizes=\"auto, (max-width: 1024px) 100vw, 1024px\" \/><\/figure>\n\n\n\n<p>En dicha reuni\u00f3n, celebrada en el marco del&nbsp;<strong>Convenio Multilateral de Aduanas de Am\u00e9rica Latina, Espa\u00f1a y Portugal (COMALEP)&nbsp;<\/strong>con la Rep\u00fablica Dominicana en papel de anfitri\u00f3n, los titulares de aduanas de los&nbsp;<strong>21 pa\u00edses miembros presentes&nbsp;<\/strong>replantearon sus operaciones dentro de los retos de&nbsp;<strong>la sostenibilidad ambiental y la equidad de g\u00e9nero.&nbsp;&nbsp;<\/strong><\/p>\n\n\n\n<p>El subdirector t\u00e9cnico de la Direcci\u00f3n General de Aduanas,&nbsp;<strong>Gabino Jos\u00e9 Polanco<\/strong>, en nombre del director general,&nbsp;<strong>Eduardo Sanz Lovat\u00f3n<\/strong>&nbsp;agradeci\u00f3 la asistencia&nbsp;<strong>presencial y virtual<\/strong>&nbsp;de los miembros del COMALEP, al tiempo que reafirm\u00f3 el compromiso de la aduana dominicana con&nbsp;<strong>los lineamientos de ese convenio y los de la Organizaci\u00f3n Mundial de Aduanas (OMA) y la Organizaci\u00f3n Mundial del Comercio (OMC).&nbsp;<\/strong><\/p>\n\n\n\n<p><em>\u201cNos ha permitido cumplir con el objetivo m\u00e1s importante del COMALEP, que es generar puentes entre nosotros como titulares y nuestros equipos que operan las aduanas para fomentar la cooperaci\u00f3n y contribuir en la competitividad de la regi\u00f3n\u201d,<\/em>&nbsp;explic\u00f3&nbsp;<strong>Rafael Mar\u00edn Mollinedo<\/strong>, titular de la Agencia Nacional de Aduanas de M\u00e9xico&nbsp;<strong>(ANAM)<\/strong>, y secretario permanente del COMALEP.&nbsp;<\/p>\n\n\n\n<p>Mar\u00edn Mollinedo inform\u00f3 que fueron analizadas las estrategias en materia de&nbsp;<strong>seguridad en las aduanas ante el tr\u00e1fico de drogas y dem\u00e1s riesgos, como tarea constante.&nbsp;<\/strong><\/p>\n\n\n\n<p><em>\u201cQuiero agradecer la hospitalidad y el compromiso del Gobierno de la Rep\u00fablica Dominicana y a todos quienes han hecho posible el \u00e9xito de esta cuadrag\u00e9sima tercera Reuni\u00f3n de Directores Nacionales de Aduanas del COMALEP\u201d<\/em>, a\u00f1adi\u00f3 el titular de la aduana mexicana.&nbsp;<\/p>\n\n\n\n<p>En la sesi\u00f3n conclusiva, tambi\u00e9n estuvieron presentes&nbsp;<strong>Ricardo Trevi\u00f1o Chapa<\/strong>, secretario general adjunto de la Organizaci\u00f3n Mundial de Comercio (OMA); y&nbsp;<strong>Claudia \u00c1vila<\/strong>, directora general de Atenci\u00f3n Aduanera y Asuntos Internacionales de la Agencia Nacional de Aduanas de M\u00e9xico.&nbsp;<\/p>\n\n\n\n<p>Se recuerda que&nbsp;<strong>tres actividades internacionales se celebran del 15 al 19 de mayo<\/strong>&nbsp;en las instalaciones del Hard Rock Hotel &amp; Casino Punta Cana, en busca de identificar&nbsp;<strong>oportunidades y retos comunes<\/strong>, luego de que la Rep\u00fablica Dominicana fuera electa como sede por los&nbsp;<strong>avances que ha exhibido en materia de gesti\u00f3n aduanera<\/strong>.&nbsp;<\/p>\n\n\n\n<p>El primer encuentro fue la&nbsp;<strong>XLIII Reuni\u00f3n de Directores Nacionales para el Convenio Multilateral sobre Cooperaci\u00f3n y Asistencia Mutua entre las direcciones nacionales de Aduanas de Am\u00e9rica Latina, Espa\u00f1a y Portugal (COMALEP),<\/strong>&nbsp;que se desarroll\u00f3 los d\u00edas 15 y 16 de mayo.<\/p>\n\n\n\n<p>El 17 de mayo se efect\u00faa el&nbsp;<strong>III Foro en Conjunto de Aduanas: Grupo Regional del Sector Privado<\/strong>, donde se exploran las oportunidades de alianza y de identificaci\u00f3n conjunta de&nbsp;<strong>soluciones entre el sector privado y las aduanas.<\/strong><\/p>\n\n\n\n<p>Finalmente, del 18 al 19 de mayo se llevar\u00e1 a cabo la&nbsp;<strong>XXV Conferencia Regional de Directores Generales de Aduanas (CRDGA 2023)<\/strong>, un espacio que se aprovechar\u00e1 para discutir los asuntos que preocupan a las administraciones aduaneras, con base al&nbsp;<strong>Plan Estrat\u00e9gico y agenda de la Organizaci\u00f3n Mundial de las Aduanas<\/strong>, en el \u00e1mbito de la&nbsp;<strong>gobernanza interna<\/strong>&nbsp;de la organizaci\u00f3n y las&nbsp;<strong>prioridades<\/strong>&nbsp;de sus miembros para las&nbsp;<strong>seis vicepresidencias regionales<\/strong>&nbsp;en todo el mundo.<\/p>\n","protected":false},"excerpt":{"rendered":"<p>Punta Cana.- Con el abordaje de&nbsp;mejores pr\u00e1cticas en materia de recaudaci\u00f3n, la&nbsp;seguridad&nbsp;a trav\u00e9s de la gesti\u00f3n de riesgos, la&nbsp;lucha contra la corrupci\u00f3n&nbsp;desde las aduanas y la lucha&nbsp;contra el narcotr\u00e1fico, concluy\u00f3&hellip; <\/p>\n","protected":false},"author":2,"featured_media":33046,"comment_status":"closed","ping_status":"closed","sticky":false,"template":"","format":"standard","meta":{"fifu_image_url":"https:\/\/i0.wp.com\/elmundodelosnegocios.com.do\/v1\/wp-content\/uploads\/2023\/05\/IMG_2037.jpg?resize=768%2C432&ssl=1","fifu_image_alt":"","footnotes":""},"categories":[181],"tags":[],"class_list":["post-28113","post","type-post","status-publish","format-standard","has-post-thumbnail","hentry","category-carga-logistica"],"_links":{"self":[{"href":"https:\/\/elmundodelosnegocios.com.do\/v1\/wp-json\/wp\/v2\/posts\/28113","targetHints":{"allow":["GET"]}}],"collection":[{"href":"https:\/\/elmundodelosnegocios.com.do\/v1\/wp-json\/wp\/v2\/posts"}],"about":[{"href":"https:\/\/elmundodelosnegocios.com.do\/v1\/wp-json\/wp\/v2\/types\/post"}],"author":[{"embeddable":true,"href":"https:\/\/elmundodelosnegocios.com.do\/v1\/wp-json\/wp\/v2\/users\/2"}],"replies":[{"embeddable":true,"href":"https:\/\/elmundodelosnegocios.com.do\/v1\/wp-json\/wp\/v2\/comments?post=28113"}],"version-history":[{"count":0,"href":"https:\/\/elmundodelosnegocios.com.do\/v1\/wp-json\/wp\/v2\/posts\/28113\/revisions"}],"wp:featuredmedia":[{"embeddable":true,"href":"https:\/\/elmundodelosnegocios.com.do\/v1\/wp-json\/wp\/v2\/media\/33046"}],"wp:attachment":[{"href":"https:\/\/elmundodelosnegocios.com.do\/v1\/wp-json\/wp\/v2\/media?parent=28113"}],"wp:term":[{"taxonomy":"category","embeddable":true,"href":"https:\/\/elmundodelosnegocios.com.do\/v1\/wp-json\/wp\/v2\/categories?post=28113"},{"taxonomy":"post_tag","embeddable":true,"href":"https:\/\/elmundodelosnegocios.com.do\/v1\/wp-json\/wp\/v2\/tags?post=28113"}],"curies":[{"name":"wp","href":"https:\/\/api.w.org\/{rel}","templated":true}]}}