{"id":28121,"date":"2023-05-18T12:05:51","date_gmt":"2023-05-18T16:35:51","guid":{"rendered":"https:\/\/elmundodelosnegocios.com.do\/v1\/?p=28121"},"modified":"2023-05-18T12:05:53","modified_gmt":"2023-05-18T16:35:53","slug":"ministro-de-turismo-llama-a-miembros-de-la-omt-a-buscar-solucion-conjunta-al-tema-del-sargazo","status":"publish","type":"post","link":"https:\/\/elmundodelosnegocios.com.do\/v1\/ministro-de-turismo-llama-a-miembros-de-la-omt-a-buscar-solucion-conjunta-al-tema-del-sargazo\/","title":{"rendered":"Ministro de Turismo llama a miembros de la OMT a buscar soluci\u00f3n conjunta al tema del Sargazo"},"content":{"rendered":"\n<p>Punta Cana, La Altagracia. &#8211;<strong>El ministro de Turismo de Rep\u00fablica Dominicana, David Collado<\/strong>, hizo un ferviente llamado a los miembros del&nbsp;<strong>Consejo Ejecutivo de la Organizaci\u00f3n Mundial del Turismo (OMT),<\/strong>&nbsp;que se encuentran reunidos en el pa\u00eds, a unirse para buscar una&nbsp;<strong>soluci\u00f3n conjunta a temas comunes, como el sargazo que afecta a gran parte del Caribe.<\/strong><\/p>\n\n\n<div class=\"wp-block-image\">\n<figure class=\"aligncenter size-large\"><img loading=\"lazy\" decoding=\"async\" width=\"1024\" height=\"576\" src=\"https:\/\/elmundodelosnegocios.com.do\/v1\/wp-content\/uploads\/2023\/05\/IMG-20230517-WA0017-1-1024x576.jpg\" alt=\"\" class=\"wp-image-28122\" srcset=\"https:\/\/elmundodelosnegocios.com.do\/v1\/wp-content\/uploads\/2023\/05\/IMG-20230517-WA0017-1-1024x576.jpg 1024w, https:\/\/elmundodelosnegocios.com.do\/v1\/wp-content\/uploads\/2023\/05\/IMG-20230517-WA0017-1-300x169.jpg 300w, https:\/\/elmundodelosnegocios.com.do\/v1\/wp-content\/uploads\/2023\/05\/IMG-20230517-WA0017-1-768x432.jpg 768w, https:\/\/elmundodelosnegocios.com.do\/v1\/wp-content\/uploads\/2023\/05\/IMG-20230517-WA0017-1.jpg 1300w\" sizes=\"auto, (max-width: 1024px) 100vw, 1024px\" \/><\/figure>\n<\/div>\n\n\n<p><em>\u00abLa soluci\u00f3n al problema del sargazo no podr\u00e1 ser individual\u00bb<\/em>, dijo Collado en sus palabras de apertura a la 118.\u00aa reuni\u00f3n del Consejo Ejecutivo de la OMT, que inici\u00f3 este mi\u00e9rcoles en la tur\u00edstica regi\u00f3n Este del pa\u00eds y se extender\u00e1 hasta ma\u00f1ana jueves.<\/p>\n\n\n\n<p>En ese sentido, dijo que se deben buscar soluciones a los&nbsp;<strong>temas que afectan la regi\u00f3n a nivel general,<\/strong>&nbsp;refiri\u00e9ndose al sargazo.<\/p>\n\n\n\n<p><em>\u00abY organismos como este deben ayudar a los pa\u00edses peque\u00f1os a buscar soluciones cuando no la tenemos\u00bb,<\/em>&nbsp;indic\u00f3 Collado.<\/p>\n\n\n\n<p>El ministro de Turismo agradeci\u00f3 tambi\u00e9n que la OMT haya escogido a Rep\u00fablica Dominicana para realizar su reuni\u00f3n,&nbsp;<strong>por primera vez en la historia.<\/strong><\/p>\n\n\n\n<p>Entiende que eso es un&nbsp;<strong>reconocimiento a la historia de \u00e9xito que ha tenido la industria tur\u00edstica&nbsp;<\/strong>en los \u00faltimos a\u00f1os, lo que la convierte en l\u00edder en la regi\u00f3n.<\/p>\n\n\n\n<p>Indic\u00f3 que el turismo no es un lujo para la Rep\u00fablica Dominicana, sino algo esencial por el&nbsp;<strong>impacto que tiene en la econom\u00eda<\/strong>, que representa m\u00e1s&nbsp;<strong>del 25 % del Producto Interno Bruto (PIB).<\/strong><\/p>\n\n\n\n<p>Al dejar iniciada la reuni\u00f3n<strong>, el secretario general de la OMT, Zurab Pololikashvili<\/strong>, destac\u00f3 los logros alcanzados por el pa\u00eds en materia tur\u00edstica,&nbsp;<strong>especialmente su r\u00e1pida recuperaci\u00f3n.<\/strong><\/p>\n\n\n\n<p>Dijo que Rep\u00fablica Dominicana se ha convertido en una&nbsp;<strong>referencia mundial del turismo.<\/strong><\/p>\n\n\n\n<p><em>\u00abSe\u00f1or ministro David Collado, sin usted y su equipo habr\u00eda sido imposible organizar esta cumbre, la m\u00e1s importante para nuestra organizaci\u00f3n y para el turismo\u00bb.<\/em><\/p>\n\n\n\n<p><strong>El canciller Roberto Alvarez<\/strong>&nbsp;destac\u00f3 la importancia que tiene para el pa\u00eds la reuni\u00f3n del Comit\u00e9 Ejecutivo de la OMT, que se lleva a cabo por primera vez en Rep\u00fablica Dominicana.<\/p>\n\n\n\n<p><em>\u00abEsperamos que este foro sea especialmente propicio para promover el turismo responsable, local, sostenible y universalmente accesible\u00bb<\/em>, dijo el canciller dominicano.<\/p>\n\n\n\n<p>En la reuni\u00f3n de la OMT acompa\u00f1aron al ministro Collado, el embajador dominicano ante ese organismo,&nbsp;<strong>An\u00edbal de Castro<\/strong>&nbsp;y el viceministro de Turismo,&nbsp;<strong>Carlos Peguero<\/strong>, entre otros funcionarios.<\/p>\n\n\n\n<p>En esta 118.\u00aa reuni\u00f3n de OMT participan&nbsp;<strong>19 ministros de 38 naciones presentes, entre ellos los 35 pa\u00edses miembros y 3 observadores, as\u00ed como unos 200 delegados<\/strong>, la cual se desarrolla en Punta Cana desde el pasado martes hasta el jueves, y re\u00fane a los l\u00edderes de la industria a nivel mundial.<\/p>\n\n\n\n<p>Quisqueya entr\u00f3 al Comit\u00e9 Ejecutivo de la OMT, luego de m\u00e1s de una d\u00e9cada,&nbsp;<strong>gracias al trabajo de este Gobierno y a los resultados en la recuperaci\u00f3n del turismo.<\/strong><\/p>\n","protected":false},"excerpt":{"rendered":"<p>Punta Cana, La Altagracia. &#8211;El ministro de Turismo de Rep\u00fablica Dominicana, David Collado, hizo un ferviente llamado a los miembros del&nbsp;Consejo Ejecutivo de la Organizaci\u00f3n Mundial del Turismo (OMT),&nbsp;que se&hellip; <\/p>\n","protected":false},"author":2,"featured_media":28122,"comment_status":"closed","ping_status":"closed","sticky":false,"template":"","format":"standard","meta":{"fifu_image_url":"","fifu_image_alt":"","footnotes":""},"categories":[172],"tags":[],"class_list":["post-28121","post","type-post","status-publish","format-standard","has-post-thumbnail","hentry","category-turismo"],"_links":{"self":[{"href":"https:\/\/elmundodelosnegocios.com.do\/v1\/wp-json\/wp\/v2\/posts\/28121","targetHints":{"allow":["GET"]}}],"collection":[{"href":"https:\/\/elmundodelosnegocios.com.do\/v1\/wp-json\/wp\/v2\/posts"}],"about":[{"href":"https:\/\/elmundodelosnegocios.com.do\/v1\/wp-json\/wp\/v2\/types\/post"}],"author":[{"embeddable":true,"href":"https:\/\/elmundodelosnegocios.com.do\/v1\/wp-json\/wp\/v2\/users\/2"}],"replies":[{"embeddable":true,"href":"https:\/\/elmundodelosnegocios.com.do\/v1\/wp-json\/wp\/v2\/comments?post=28121"}],"version-history":[{"count":0,"href":"https:\/\/elmundodelosnegocios.com.do\/v1\/wp-json\/wp\/v2\/posts\/28121\/revisions"}],"wp:featuredmedia":[{"embeddable":true,"href":"https:\/\/elmundodelosnegocios.com.do\/v1\/wp-json\/wp\/v2\/media\/28122"}],"wp:attachment":[{"href":"https:\/\/elmundodelosnegocios.com.do\/v1\/wp-json\/wp\/v2\/media?parent=28121"}],"wp:term":[{"taxonomy":"category","embeddable":true,"href":"https:\/\/elmundodelosnegocios.com.do\/v1\/wp-json\/wp\/v2\/categories?post=28121"},{"taxonomy":"post_tag","embeddable":true,"href":"https:\/\/elmundodelosnegocios.com.do\/v1\/wp-json\/wp\/v2\/tags?post=28121"}],"curies":[{"name":"wp","href":"https:\/\/api.w.org\/{rel}","templated":true}]}}