{"id":28128,"date":"2023-05-17T12:25:16","date_gmt":"2023-05-17T16:55:16","guid":{"rendered":"https:\/\/elmundodelosnegocios.com.do\/v1\/?p=28128"},"modified":"2023-05-18T12:27:03","modified_gmt":"2023-05-18T16:57:03","slug":"ministerio-de-cultura-anuncia-celebracion-del-primer-congreso-nacional-de-industrias-creativas-rd-naranja","status":"publish","type":"post","link":"https:\/\/elmundodelosnegocios.com.do\/v1\/ministerio-de-cultura-anuncia-celebracion-del-primer-congreso-nacional-de-industrias-creativas-rd-naranja\/","title":{"rendered":"Ministerio de Cultura anuncia celebraci\u00f3n del primer Congreso Nacional de Industrias Creativas \u201cRD Naranja\u201d"},"content":{"rendered":"\n<p>Santo Domingo.- Con el prop\u00f3sito de fortalecer el&nbsp;<strong>ecosistema creativo dominicano<\/strong>&nbsp;mediante la formaci\u00f3n y capacitaci\u00f3n del talento,<strong>&nbsp;el Ministerio de Cultura<\/strong>&nbsp;anunci\u00f3 hoy la celebraci\u00f3n del&nbsp;<strong>primer Congreso Nacional de Industrias Creativas \u201cRD Naranja\u201d<\/strong>, el cual se desarrollar\u00e1 del 16 al 18 de junio en la Plaza de la Cultura Juan Pablo Duarte.&nbsp;<\/p>\n\n\n\n<figure class=\"wp-block-image size-large\"><img loading=\"lazy\" decoding=\"async\" width=\"1024\" height=\"576\" src=\"https:\/\/elmundodelosnegocios.com.do\/v1\/wp-content\/uploads\/2023\/05\/IMG_2034-1024x576.jpeg\" alt=\"\" class=\"wp-image-28129\" srcset=\"https:\/\/elmundodelosnegocios.com.do\/v1\/wp-content\/uploads\/2023\/05\/IMG_2034-1024x576.jpeg 1024w, https:\/\/elmundodelosnegocios.com.do\/v1\/wp-content\/uploads\/2023\/05\/IMG_2034-300x169.jpeg 300w, https:\/\/elmundodelosnegocios.com.do\/v1\/wp-content\/uploads\/2023\/05\/IMG_2034-768x432.jpeg 768w, https:\/\/elmundodelosnegocios.com.do\/v1\/wp-content\/uploads\/2023\/05\/IMG_2034.jpeg 1300w\" sizes=\"auto, (max-width: 1024px) 100vw, 1024px\" \/><\/figure>\n\n\n\n<p>Este importante evento, que ser\u00e1 desarrollado con el coauspicio del&nbsp;<strong>Ministerio de Industria, Comercio y Mipymes (MICM)<\/strong>&nbsp;junto al apoyo del&nbsp;<strong>Banco Popular, Propagas y Black &amp; Decker<\/strong>, pretende dotar a los j\u00f3venes de las&nbsp;<strong>herramientas necesarias<\/strong>&nbsp;para que puedan emprender y hacer de su creatividad un&nbsp;<strong>negocio rentable<\/strong>.<\/p>\n\n\n\n<p>En ese sentido,&nbsp;<strong>la ministra de Cultura, Milagros Germ\u00e1n<\/strong>, inform\u00f3 que esta actividad contar\u00e1 con una nutrida agenda que incluye&nbsp;<strong>actividades formativas, paneles y talleres<\/strong>&nbsp;que ser\u00e1n impartidos por grandes profesionales del pa\u00eds.<\/p>\n\n\n\n<p><em>\u201cLos planes de este ministerio buscan estimular la creatividad, de la mano con la educaci\u00f3n necesaria para que los due\u00f1os de las ideas puedan proteger sus creaciones y sacar provecho econ\u00f3mico de las mismas\u201d,<\/em>&nbsp;expres\u00f3 Germ\u00e1n.<\/p>\n\n\n\n<p>El viernes 16, en la jornada denominada&nbsp;<strong>\u201cCadena de valor en la econom\u00eda naranja\u201d,<\/strong>&nbsp;se impartir\u00e1n las charlas&nbsp;<strong>\u201cHaz m\u00e1s dinero con tu talento creativo\u201d<\/strong>, por parte del Banco Popular Dominicano, al igual que&nbsp;<strong>\u201cPonte en Precio\u201d<\/strong>, a cargo de&nbsp;<strong>The Money Coach<\/strong>, ideal para emprendedores que quieren aprender a poner un valor justo a su trabajo. Asimismo, se desarrollar\u00e1 el panel&nbsp;<strong>\u201cMecenazgo: encontrando la media naranja de tu proyecto\u201d.<\/strong><\/p>\n\n\n\n<p>El s\u00e1bado 17, d\u00eda de&nbsp;<strong>\u201cInnovaci\u00f3n y Creatividad\u201d<\/strong>, la charla&nbsp;<strong>\u201cAlgoritmo naranja\u201d&nbsp;<\/strong>ser\u00e1 ofrecida por<strong>&nbsp;Mr. Pich\u00f3n<\/strong>, y se llevar\u00e1 a cabo el panel&nbsp;<strong>\u201cLevel up: tomando el control\u201d<\/strong>, en el cual se abordar\u00e1n temas relacionados con los<strong>videojuegos<\/strong>&nbsp;en la Rep\u00fablica Dominicana, y&nbsp;<strong>Patricia Pe\u00f1a<\/strong>&nbsp;ofrecer\u00e1 consejos para poder presentar adecuadamente un proyecto ante la industria, con su disertaci\u00f3n&nbsp;<strong>\u201cDeja tu marca\u201d.<\/strong><\/p>\n\n\n\n<p>El domingo 18,&nbsp;<strong>The Key Item<\/strong>&nbsp;ofrecer\u00e1 la capacitaci\u00f3n titulada&nbsp;<strong>\u201cFotograf\u00eda de productos para redes sociales\u201d<\/strong>. Ese mismo d\u00eda se desarrollar\u00e1 el panel&nbsp;<strong>\u201cHecho en RD\u201d<\/strong>, sobre exportaci\u00f3n de moda dominicana.<\/p>\n\n\n\n<p>La programaci\u00f3n completa de RD Naranja se encuentra disponible en el portal web del Ministerio de Cultura (<a href=\"https:\/\/presidencia.gob.do\/noticias\/www.cultura.gob.do\">www.cultura.gob.do<\/a>). Los interesados en asistir a las charlas y paneles deben registrarse en el enlace colocado en el portal web.&nbsp;<strong>El evento es completamente gratis, pero con cupo limitado.<\/strong><\/p>\n\n\n\n<p>Tambi\u00e9n se habilitar\u00e1n puntos de instituciones p\u00fablicas y acad\u00e9micas relacionadas con el&nbsp;<strong>fomento, educaci\u00f3n y profesionalidad de la econom\u00eda naranja<\/strong>&nbsp;para que el p\u00fablico pueda realizar&nbsp;<strong>consultas t\u00e9cnicas.<\/strong><\/p>\n\n\n\n<p><strong>Feria Nacional de Artesan\u00eda<\/strong><\/p>\n\n\n\n<p>En el marco de este congreso tambi\u00e9n se celebrar\u00e1 la tan esperada&nbsp;<strong>Feria Nacional de Artesan\u00eda<\/strong>&nbsp;y se ofrecer\u00e1n talleres para que el p\u00fablico general entre en contacto con nuestras industrias creativas:&nbsp;<strong>danza, teatro, pintura, escritura creativa<\/strong>, entre otros.<\/p>\n\n\n\n<p>Asimismo, durante este evento,&nbsp;<strong>el Ministerio de Industria, Comercio y Mipymes (MICM)<\/strong>&nbsp;estar\u00e1 desarrollando una&nbsp;<strong>ronda de negocios con los artesanos<\/strong>, con el objetivo de impulsar la comercializaci\u00f3n de la artesan\u00eda local.<\/p>\n\n\n\n<p>Adem\u00e1s, todos los d\u00edas tendr\u00e1n lugar&nbsp;<strong>presentaciones musicales<\/strong>&nbsp;a cargo de diversos cantantes, entre los que figuran&nbsp;<strong>Omar Quezada, Isaac Hern\u00e1ndez, Josean Jacobo y Yellow Outlet.<\/strong><\/p>\n\n\n\n<p><strong>M\u00e1s sobre RD Naranja<\/strong><\/p>\n\n\n\n<p>RD Naranja es un valioso proyecto que surge en respuesta a la necesidad de los&nbsp;<strong>creativos dominicanos que buscan sacar mejor provecho de su trabajo<\/strong>, as\u00ed como del p\u00fablico general que busca conocer, conectar y entender mejor las industrias creativas.<\/p>\n\n\n\n<p>En este sentido, se trata del primer plan hol\u00edstico que estimula el engranaje completo para&nbsp;<strong>transformar la creatividad de los dominicanos en bienes y servicios,<\/strong>&nbsp;con la profesionalidad y formaci\u00f3n adecuada.<\/p>\n","protected":false},"excerpt":{"rendered":"<p>Santo Domingo.- Con el prop\u00f3sito de fortalecer el&nbsp;ecosistema creativo dominicano&nbsp;mediante la formaci\u00f3n y capacitaci\u00f3n del talento,&nbsp;el Ministerio de Cultura&nbsp;anunci\u00f3 hoy la celebraci\u00f3n del&nbsp;primer Congreso Nacional de Industrias Creativas \u201cRD Naranja\u201d,&hellip; <\/p>\n","protected":false},"author":2,"featured_media":28129,"comment_status":"closed","ping_status":"closed","sticky":false,"template":"","format":"standard","meta":{"fifu_image_url":"","fifu_image_alt":"","footnotes":""},"categories":[148],"tags":[],"class_list":["post-28128","post","type-post","status-publish","format-standard","has-post-thumbnail","hentry","category-cultura"],"_links":{"self":[{"href":"https:\/\/elmundodelosnegocios.com.do\/v1\/wp-json\/wp\/v2\/posts\/28128","targetHints":{"allow":["GET"]}}],"collection":[{"href":"https:\/\/elmundodelosnegocios.com.do\/v1\/wp-json\/wp\/v2\/posts"}],"about":[{"href":"https:\/\/elmundodelosnegocios.com.do\/v1\/wp-json\/wp\/v2\/types\/post"}],"author":[{"embeddable":true,"href":"https:\/\/elmundodelosnegocios.com.do\/v1\/wp-json\/wp\/v2\/users\/2"}],"replies":[{"embeddable":true,"href":"https:\/\/elmundodelosnegocios.com.do\/v1\/wp-json\/wp\/v2\/comments?post=28128"}],"version-history":[{"count":0,"href":"https:\/\/elmundodelosnegocios.com.do\/v1\/wp-json\/wp\/v2\/posts\/28128\/revisions"}],"wp:featuredmedia":[{"embeddable":true,"href":"https:\/\/elmundodelosnegocios.com.do\/v1\/wp-json\/wp\/v2\/media\/28129"}],"wp:attachment":[{"href":"https:\/\/elmundodelosnegocios.com.do\/v1\/wp-json\/wp\/v2\/media?parent=28128"}],"wp:term":[{"taxonomy":"category","embeddable":true,"href":"https:\/\/elmundodelosnegocios.com.do\/v1\/wp-json\/wp\/v2\/categories?post=28128"},{"taxonomy":"post_tag","embeddable":true,"href":"https:\/\/elmundodelosnegocios.com.do\/v1\/wp-json\/wp\/v2\/tags?post=28128"}],"curies":[{"name":"wp","href":"https:\/\/api.w.org\/{rel}","templated":true}]}}