{"id":28175,"date":"2023-05-19T10:11:51","date_gmt":"2023-05-19T14:41:51","guid":{"rendered":"https:\/\/elmundodelosnegocios.com.do\/v1\/?p=28175"},"modified":"2023-05-19T10:11:52","modified_gmt":"2023-05-19T14:41:52","slug":"vicepresidenta-pena-asegura-gobierno-esta-decidido-a-seguir-trabajando-con-sector-de-la-construccion-en-beneficio-del-pais","status":"publish","type":"post","link":"https:\/\/elmundodelosnegocios.com.do\/v1\/vicepresidenta-pena-asegura-gobierno-esta-decidido-a-seguir-trabajando-con-sector-de-la-construccion-en-beneficio-del-pais\/","title":{"rendered":"Vicepresidenta Pe\u00f1a asegura Gobierno est\u00e1 decidido a seguir trabajando con sector de la construcci\u00f3n en beneficio del pa\u00eds"},"content":{"rendered":"\n<p>Santo Domingo. \u2013 Durante su participaci\u00f3n en la inauguraci\u00f3n de la&nbsp;<strong>Feria CONSTRUEXPO 2023<\/strong>, la vicepresidenta de la Rep\u00fablica,&nbsp;<strong>Raquel Pe\u00f1a<\/strong>, destac\u00f3 que el&nbsp;<strong>sector de la construcci\u00f3n ha demostrado resiliencia<\/strong>&nbsp;en momentos dif\u00edciles y que el Gobierno est\u00e1 decidido a continuar trabajando unido a este, para el beneficio del sector y de toda la Rep\u00fablica Dominicana.<\/p>\n\n\n<div class=\"wp-block-image\">\n<figure class=\"aligncenter size-large\"><img loading=\"lazy\" decoding=\"async\" width=\"1024\" height=\"576\" src=\"https:\/\/elmundodelosnegocios.com.do\/v1\/wp-content\/uploads\/2023\/05\/IMG_2048-1024x576.jpg\" alt=\"\" class=\"wp-image-28176\" srcset=\"https:\/\/elmundodelosnegocios.com.do\/v1\/wp-content\/uploads\/2023\/05\/IMG_2048-1024x576.jpg 1024w, https:\/\/elmundodelosnegocios.com.do\/v1\/wp-content\/uploads\/2023\/05\/IMG_2048-300x169.jpg 300w, https:\/\/elmundodelosnegocios.com.do\/v1\/wp-content\/uploads\/2023\/05\/IMG_2048-768x432.jpg 768w, https:\/\/elmundodelosnegocios.com.do\/v1\/wp-content\/uploads\/2023\/05\/IMG_2048.jpg 1300w\" sizes=\"auto, (max-width: 1024px) 100vw, 1024px\" \/><\/figure>\n<\/div>\n\n\n<p>\u201cContamos con el sector construcci\u00f3n para el desarrollo de la gran infraestructura p\u00fablica que este Gobierno ha ideado para responder al crecimiento y desarrollo de la naci\u00f3n y a las demandas de los nuevos tiempos; tenemos su apoyo para la edificaci\u00f3n de viviendas que impactan la vida de miles de familias a nivel nacional, y recibimos de ustedes un apoyo de gran peso para la creaci\u00f3n y dinamizaci\u00f3n de empleos\u201d,\u00a0manifest\u00f3 la vicemandataria.<\/p>\n\n\n\n<p>Pe\u00f1a indic\u00f3 que, por el fuerte&nbsp;<strong>compromiso que tiene el presidente Luis Abinader con el empuje de los diversos sectores productivos<\/strong>&nbsp;de nuestro pa\u00eds, el Gobierno apoya la industria de la construcci\u00f3n, la cual tiene gran potencial de desarrollo y que es crucial por su&nbsp;<strong>gran peso econ\u00f3mico<\/strong>, no solo en el pa\u00eds, sino en toda la regi\u00f3n.<\/p>\n\n\n\n<p>Sobre CONSTRUEXPO 2023, la funcionaria dijo que la exposici\u00f3n, que se inaugura con la participaci\u00f3n de&nbsp;<strong>m\u00e1s de 50 entidades relacionadas al sector de la construcci\u00f3n,<\/strong>&nbsp;es tambi\u00e9n un espacio para la&nbsp;<strong>dinamizaci\u00f3n de la inversi\u00f3n extranjera,<\/strong>&nbsp;un aspecto que el Gobierno se empe\u00f1a en fomentar d\u00eda tras d\u00eda.<\/p>\n\n\n\n<p><em>\u201cEste es sin duda un espacio para el intercambio de ideas y experiencias y para el relacionamiento de todos los actores que involucran el sector. Es tambi\u00e9n una demostraci\u00f3n m\u00e1s del apoyo entre el sector p\u00fablico y privado, quienes estamos impulsando juntos el crecimiento de nuestro pa\u00eds y el desarrollo sostenible de nuestra fuerte y resiliente Rep\u00fablica Dominicana\u201d,<\/em>&nbsp;destac\u00f3 Pe\u00f1a.&nbsp;<\/p>\n\n\n\n<p>De su lado,&nbsp;<strong>el ministro de Obras P\u00fablicas y Comunicaciones, Deligne Ascensi\u00f3n<\/strong>, asegur\u00f3 que el Gobierno que encabeza el presidente Luis Abinader ha trabajado en la&nbsp;<strong>agilizaci\u00f3n de los permisos de construcci\u00f3n<\/strong>&nbsp;y la finalizaci\u00f3n de la econom\u00eda a trav\u00e9s de la inversi\u00f3n del Gobierno en el sector de la construcci\u00f3n, lo cual ha dinamizado la econom\u00eda del pa\u00eds.<\/p>\n\n\n\n<p>En tanto, la&nbsp;<strong>coordinadora general de CONSTRUEXPO 2023, Miriam Batista<\/strong>, expres\u00f3 que en la feria participan 57 entidades, de las cuales hay&nbsp;<strong>14 empresas internacionales, cinco instituciones gubernamentales, 4 ONG, y 34 empresas locales<\/strong>&nbsp;que estar\u00e1n exponiendo sus novedades hasta el domingo.&nbsp;<\/p>\n\n\n\n<p>Por su partes, la presidenta de la Asociaci\u00f3n de Constructores y Promotores de Viviendas<\/p>\n\n\n\n<p><strong>(ACOPROVI), Annerys Mel\u00e9ndez<\/strong>, dijo que se ha notado c\u00f3mo el&nbsp;<strong>Gobierno ha hecho todo el esfuerzo para que no le afecten al sector de la construcci\u00f3n las situaciones adversas&nbsp;<\/strong>que han ocurrido desde la pandemia del COVID-19, por lo que est\u00e1n esperanzados de que la situaci\u00f3n seguir\u00e1 mejorando.&nbsp;<\/p>\n\n\n\n<p><strong>Sobre la feria<\/strong><\/p>\n\n\n\n<p>La feria, que se extender\u00e1 desde hoy hasta el domingo 21, se celebra en el Centro de Convenciones del Hotel Dominican Fiesta, con la organizaci\u00f3n general de la firma Jos\u00e9 Veras y Asociados, e incluye un amplio programa de&nbsp;<strong>actividades y conferencias con especialistas de este importante rengl\u00f3n de la econom\u00eda.<\/strong><\/p>\n\n\n\n<p>Adem\u00e1s de las firmas dominicanas tanto p\u00fablicas como gubernamentales, CONSTRUEXPO 2023 cuenta con&nbsp;<strong>expositores de Estados Unidos, M\u00e9xico y China<\/strong>, pa\u00edses que han tenido presencia en a\u00f1os anteriores, a los que se unen&nbsp;<strong>Colombia, Panam\u00e1 y Dubai<\/strong>, con lo que suman 15, las empresas extranjeras que llegan con el inter\u00e9s de establecer relaciones comerciales en Rep\u00fablica Dominicana.<\/p>\n","protected":false},"excerpt":{"rendered":"<p>Santo Domingo. \u2013 Durante su participaci\u00f3n en la inauguraci\u00f3n de la&nbsp;Feria CONSTRUEXPO 2023, la vicepresidenta de la Rep\u00fablica,&nbsp;Raquel Pe\u00f1a, destac\u00f3 que el&nbsp;sector de la construcci\u00f3n ha demostrado resiliencia&nbsp;en momentos dif\u00edciles&hellip; <\/p>\n","protected":false},"author":2,"featured_media":28176,"comment_status":"closed","ping_status":"closed","sticky":false,"template":"","format":"standard","meta":{"fifu_image_url":"","fifu_image_alt":"","footnotes":""},"categories":[69],"tags":[],"class_list":["post-28175","post","type-post","status-publish","format-standard","has-post-thumbnail","hentry","category-construccion"],"_links":{"self":[{"href":"https:\/\/elmundodelosnegocios.com.do\/v1\/wp-json\/wp\/v2\/posts\/28175","targetHints":{"allow":["GET"]}}],"collection":[{"href":"https:\/\/elmundodelosnegocios.com.do\/v1\/wp-json\/wp\/v2\/posts"}],"about":[{"href":"https:\/\/elmundodelosnegocios.com.do\/v1\/wp-json\/wp\/v2\/types\/post"}],"author":[{"embeddable":true,"href":"https:\/\/elmundodelosnegocios.com.do\/v1\/wp-json\/wp\/v2\/users\/2"}],"replies":[{"embeddable":true,"href":"https:\/\/elmundodelosnegocios.com.do\/v1\/wp-json\/wp\/v2\/comments?post=28175"}],"version-history":[{"count":0,"href":"https:\/\/elmundodelosnegocios.com.do\/v1\/wp-json\/wp\/v2\/posts\/28175\/revisions"}],"wp:featuredmedia":[{"embeddable":true,"href":"https:\/\/elmundodelosnegocios.com.do\/v1\/wp-json\/wp\/v2\/media\/28176"}],"wp:attachment":[{"href":"https:\/\/elmundodelosnegocios.com.do\/v1\/wp-json\/wp\/v2\/media?parent=28175"}],"wp:term":[{"taxonomy":"category","embeddable":true,"href":"https:\/\/elmundodelosnegocios.com.do\/v1\/wp-json\/wp\/v2\/categories?post=28175"},{"taxonomy":"post_tag","embeddable":true,"href":"https:\/\/elmundodelosnegocios.com.do\/v1\/wp-json\/wp\/v2\/tags?post=28175"}],"curies":[{"name":"wp","href":"https:\/\/api.w.org\/{rel}","templated":true}]}}