{"id":28269,"date":"2023-05-24T11:08:24","date_gmt":"2023-05-24T15:38:24","guid":{"rendered":"https:\/\/elmundodelosnegocios.com.do\/v1\/?p=28269"},"modified":"2023-05-24T11:08:26","modified_gmt":"2023-05-24T15:38:26","slug":"infotep-y-universidad-de-panama-firman-acuerdo-en-beneficio-de-ciudadanos-en-ambos-paises","status":"publish","type":"post","link":"https:\/\/elmundodelosnegocios.com.do\/v1\/infotep-y-universidad-de-panama-firman-acuerdo-en-beneficio-de-ciudadanos-en-ambos-paises\/","title":{"rendered":"INFOTEP y universidad de Panam\u00e1 firman acuerdo en beneficio de ciudadanos en ambos pa\u00edses"},"content":{"rendered":"\n<p>Santo Domingo.- El Instituto Nacional de Formaci\u00f3n T\u00e9cnico Profesional&nbsp;<strong>(INFOTEP)<\/strong>&nbsp;y la Universidad Metropolitana de Educaci\u00f3n, Ciencia y Tecnolog\u00eda&nbsp;<strong>(UMECIT)<\/strong>, de la Rep\u00fablica de Panam\u00e1, firmaron un&nbsp;<strong>acuerdo de colaboraci\u00f3n<\/strong>que beneficiar\u00e1 a los ciudadanos de ambos pa\u00edses en cuanto a la&nbsp;<strong>transferencia de conocimientos y tecnolog\u00edas.<\/strong><\/p>\n\n\n\n<p>El convenio, firmado por el director general del INFOTEP,&nbsp;<strong>Rafael Santos Bad\u00eda<\/strong>, y el rector de la UMECIT,&nbsp;<strong>Jos\u00e9 Alberto Nieto Rojas,<\/strong>&nbsp;tiene como objetivo establecer las bases para la&nbsp;<strong>cooperaci\u00f3n t\u00e9cnica<\/strong>&nbsp;entre ambas instituciones, en beneficio de sus cuerpos docentes y administrativos, y tendr\u00e1 una&nbsp;<strong>vigencia de cinco a\u00f1os<\/strong>.<\/p>\n\n\n\n<p>Santos Bad\u00eda afirm\u00f3 que con este acuerdo el INFOTEP&nbsp;<strong>fortalece el modelo de formaci\u00f3n<\/strong>&nbsp;que esa instituci\u00f3n representa en Rep\u00fablica Dominicana.<\/p>\n\n\n\n<p><em>\u201cEste acercamiento es de gran importancia para ambos pa\u00edses y mediante esta firma podremos intercambiar experiencias cient\u00edficas, docentes y misiones de asesoramiento, tanto a los entes productivos de Panam\u00e1 como de Rep\u00fablica Dominicana\u201d,<\/em>&nbsp;expres\u00f3 Santos Bad\u00eda.<\/p>\n\n\n\n<p>Indic\u00f3 que mediante estas acciones, el INFOTEP busca beneficiar a la&nbsp;<strong>comunidad dominicana residente en Panam\u00e1, al incluirla en el programa de apoyo y fortalecimiento a los criollos en el exterior<\/strong>.<\/p>\n\n\n\n<figure class=\"wp-block-image alignwide\"><img decoding=\"async\" src=\"https:\/\/presidencia.gob.do\/sites\/default\/files\/inline-images\/IMG_8596.jpeg\" alt=\"\"\/><\/figure>\n\n\n\n<p>El rector de la UMECIT, Nieto Rojas, afirm\u00f3 que con la firma de este acuerdo ambas instituciones podr\u00e1n&nbsp;<strong>compartir experiencias y socializar<\/strong>&nbsp;<strong>el conocimiento en beneficio de las dos naciones.<\/strong><\/p>\n\n\n\n<p><em>\u201cNos sentimos muy contentos y honrados de poder firmar este acuerdo con el INFOTEP, que es muy importante para nuestro modelo de educaci\u00f3n\u201d,<\/em>&nbsp;expres\u00f3.<\/p>\n\n\n\n<p><strong>Otros puntos del acuerdo<\/strong><\/p>\n\n\n\n<p>Mediante la firma de este acuerdo, los&nbsp;<strong>servidores del INFOTEP podr\u00e1n participar en seminarios y otros programas de complementaci\u00f3n<\/strong>, con validez acad\u00e9mica dentro de los curr\u00edculos de los programas en los que est\u00e9n matriculados en UMECIT.<\/p>\n\n\n\n<p>Procurar\u00e1n la organizaci\u00f3n conjunta de eventos y actividades, como congresos, seminarios, simposios, talleres, conferencias, ferias cient\u00edficas y acad\u00e9micas, entre otros.<\/p>\n\n\n\n<p>Al mismo tiempo, facilitar\u00e1n el&nbsp;<strong>intercambio de informaci\u00f3n y material impreso, audiovisual y digital existente en cada instituci\u00f3n<\/strong>&nbsp;sobre temas de inter\u00e9s com\u00fan, respetando y reconociendo los derechos de autor de cada una de las instituciones.<\/p>\n\n\n\n<p>Con la intenci\u00f3n de llevar a la pr\u00e1ctica los prop\u00f3sitos se\u00f1alados anteriormente, ambas instituciones nombrar\u00e1n a dos miembros de cada entidad, para la&nbsp;<strong>coordinaci\u00f3n y el establecimiento de programas espec\u00edficos y de intercambio.<\/strong><\/p>\n\n\n\n<p>Este convenio forma parte de las acciones que el INFOTEP lleva a cabo para fortalecer las competencias de sus colaboradores y cuerpo docente, que se traduce en&nbsp;<strong>mejoras a la formaci\u00f3n t\u00e9cnica que imparte al capital humano del pa\u00eds.<\/strong><\/p>\n","protected":false},"excerpt":{"rendered":"<p>Santo Domingo.- El Instituto Nacional de Formaci\u00f3n T\u00e9cnico Profesional&nbsp;(INFOTEP)&nbsp;y la Universidad Metropolitana de Educaci\u00f3n, Ciencia y Tecnolog\u00eda&nbsp;(UMECIT), de la Rep\u00fablica de Panam\u00e1, firmaron un&nbsp;acuerdo de colaboraci\u00f3nque beneficiar\u00e1 a los ciudadanos&hellip; <\/p>\n","protected":false},"author":2,"featured_media":28270,"comment_status":"closed","ping_status":"closed","sticky":false,"template":"","format":"standard","meta":{"fifu_image_url":"","fifu_image_alt":"","footnotes":""},"categories":[151],"tags":[],"class_list":["post-28269","post","type-post","status-publish","format-standard","has-post-thumbnail","hentry","category-gerencia"],"_links":{"self":[{"href":"https:\/\/elmundodelosnegocios.com.do\/v1\/wp-json\/wp\/v2\/posts\/28269","targetHints":{"allow":["GET"]}}],"collection":[{"href":"https:\/\/elmundodelosnegocios.com.do\/v1\/wp-json\/wp\/v2\/posts"}],"about":[{"href":"https:\/\/elmundodelosnegocios.com.do\/v1\/wp-json\/wp\/v2\/types\/post"}],"author":[{"embeddable":true,"href":"https:\/\/elmundodelosnegocios.com.do\/v1\/wp-json\/wp\/v2\/users\/2"}],"replies":[{"embeddable":true,"href":"https:\/\/elmundodelosnegocios.com.do\/v1\/wp-json\/wp\/v2\/comments?post=28269"}],"version-history":[{"count":0,"href":"https:\/\/elmundodelosnegocios.com.do\/v1\/wp-json\/wp\/v2\/posts\/28269\/revisions"}],"wp:featuredmedia":[{"embeddable":true,"href":"https:\/\/elmundodelosnegocios.com.do\/v1\/wp-json\/wp\/v2\/media\/28270"}],"wp:attachment":[{"href":"https:\/\/elmundodelosnegocios.com.do\/v1\/wp-json\/wp\/v2\/media?parent=28269"}],"wp:term":[{"taxonomy":"category","embeddable":true,"href":"https:\/\/elmundodelosnegocios.com.do\/v1\/wp-json\/wp\/v2\/categories?post=28269"},{"taxonomy":"post_tag","embeddable":true,"href":"https:\/\/elmundodelosnegocios.com.do\/v1\/wp-json\/wp\/v2\/tags?post=28269"}],"curies":[{"name":"wp","href":"https:\/\/api.w.org\/{rel}","templated":true}]}}