{"id":28272,"date":"2023-05-24T11:26:06","date_gmt":"2023-05-24T15:56:06","guid":{"rendered":"https:\/\/elmundodelosnegocios.com.do\/v1\/?p=28272"},"modified":"2023-05-24T11:26:08","modified_gmt":"2023-05-24T15:56:08","slug":"cne-otorga-tres-nuevas-concesiones-definitivas-que-sumaran-148-megavatios-al-sistema-electrico-nacional","status":"publish","type":"post","link":"https:\/\/elmundodelosnegocios.com.do\/v1\/cne-otorga-tres-nuevas-concesiones-definitivas-que-sumaran-148-megavatios-al-sistema-electrico-nacional\/","title":{"rendered":"CNE otorga tres nuevas concesiones definitivas que sumar\u00e1n 148 megavatios al sistema el\u00e9ctrico nacional"},"content":{"rendered":"\n<p>Santo Domingo.-&nbsp;<strong>La Comisi\u00f3n Nacional de Energ\u00eda (CNE),<\/strong>&nbsp;ha logrado un hito hist\u00f3rico al otorgar, en un mismo d\u00eda,&nbsp;<strong>3 contratos de concesiones definitivas para la instalaci\u00f3n de parques de energ\u00eda solar fotovoltaica<\/strong>, ubicados en diferentes regiones del pa\u00eds. Estos parques sumar\u00e1n unos&nbsp;<strong>148 megavatios<\/strong>&nbsp;de energ\u00eda limpia para el sistema el\u00e9ctrico nacional.<\/p>\n\n\n\n<p>Las concesiones, firmadas por&nbsp;<strong>el director ejecutivo de la CNE, Edward Veras<\/strong>, en representaci\u00f3n del Estado dominicano, favorecieron a las concesionarias:&nbsp;<strong>LCV Ecoener Solares Dominicana<\/strong>, para desarrollar el proyecto \u201cPlanta Solar Fotovoltaica Payita 1\u201d;&nbsp;<strong>Cotoper\u00ed Solar FV<\/strong>, para el \u201cParque Fotovoltaico Cotoper\u00ed Solar I\u201d y a la empresa&nbsp;<strong>Renewable Energy World Dominicus (R.E.W.D.)<\/strong>, que instalar\u00e1 el \u00abParque Solar R.E.W.D.\u201d.<\/p>\n\n\n\n<p>Por la empresa LCV Ecoener Solares Dominicana, firm\u00f3 su gerente general,&nbsp;<strong>Fernando Rodr\u00edguez Alfonso<\/strong>; por la concesionaria Cotoper\u00ed Solar FV, lo hizo su representante legal,&nbsp;<strong>Gustavo Vergara,<\/strong>&nbsp;y por la empresa Renewable Energy World Dominicus, estamp\u00f3 su r\u00fabrica&nbsp;<strong>Joanny Mar\u00eda Luna C\u00e1ceres<\/strong>, representante legal.<\/p>\n\n\n\n<p>Durante los actos de las firmas de las tres nuevas concesiones, Veras resalt\u00f3 que la&nbsp;<strong>Rep\u00fablica Dominicana avanza con pasos firmes hacia un futuro cada vez m\u00e1s sostenible y limpio para todos los ciudadanos.<\/strong><\/p>\n\n\n\n<p>Afirm\u00f3&nbsp;<strong>que el gobierno del presidente Luis Abinader tiene el firme compromiso d<\/strong>e seguir impulsando el desarrollo de importantes proyectos de energ\u00eda renovable en las distintas regiones del pa\u00eds.<\/p>\n\n\n\n<figure class=\"wp-block-image\"><img decoding=\"async\" src=\"https:\/\/presidencia.gob.do\/sites\/default\/files\/inline-images\/IMG_8595.jpeg\" alt=\"\"\/><\/figure>\n\n\n\n<p><strong>Datos de las concesiones definitivas otorgadas<\/strong><\/p>\n\n\n\n<p>El proyecto \u00abPlanta Solar Fotovoltaica Payita 1\u00bb, de la concesionaria LCV Ecoener Solares Dominicana, tendr\u00e1 una capacidad nominal de&nbsp;<strong>50 megavatios (50MWn)<\/strong>. Este estar\u00e1 ubicado en la secci\u00f3n Payita, del municipio de&nbsp;<strong>Nagua<\/strong>,&nbsp;<strong>en la provincia Mar\u00eda Trinidad S\u00e1nchez,<\/strong>&nbsp;en la regi\u00f3n Nordeste del pa\u00eds.<\/p>\n\n\n\n<p>Mientras que el \u00abParque Solar R.E.W.D.\u00bb, de la concesionaria Renewable Energy World Dominicus, tambi\u00e9n cuenta con una capacidad nominal de&nbsp;<strong>50 megavatios (50MWn)<\/strong>. El proyecto de energ\u00eda solar fotovoltaica tiene como ubicaci\u00f3n el municipio de&nbsp;<strong>Villa Hermosa, en la provincia La Romana<\/strong>, al Este de la ciudad de Santo Domingo.&nbsp;<\/p>\n\n\n\n<p>La tercera concesi\u00f3n firmada favoreci\u00f3 a la concesionaria Cotoper\u00ed Solar FV, para instalar el \u00abParque Fotovoltaico Cotoper\u00ed Solar I\u00bb, con una capacidad nominal de&nbsp;<strong>48.06 megavatios (48.06MWn)<\/strong>. El proyecto estar\u00e1 ubicado en el municipio de&nbsp;<strong>Guaymate<\/strong>, que pertenece tambi\u00e9n a la provincia de&nbsp;<strong>La Romana.<\/strong><\/p>\n\n\n\n<p>Durante los actos de firma de las concesiones, los representantes de las tres empresas coincidieron en agradecer las&nbsp;<strong>facilidades otorgadas<\/strong>&nbsp;por las autoridades durante el proceso y reiteraron su compromiso de&nbsp;<strong>continuar con sus inversiones en favor del sector el\u00e9ctrico nacional y por un medio ambiente cada vez m\u00e1s limpio.<\/strong><\/p>\n","protected":false},"excerpt":{"rendered":"<p>Santo Domingo.-&nbsp;La Comisi\u00f3n Nacional de Energ\u00eda (CNE),&nbsp;ha logrado un hito hist\u00f3rico al otorgar, en un mismo d\u00eda,&nbsp;3 contratos de concesiones definitivas para la instalaci\u00f3n de parques de energ\u00eda solar fotovoltaica,&hellip; <\/p>\n","protected":false},"author":2,"featured_media":28273,"comment_status":"closed","ping_status":"closed","sticky":false,"template":"","format":"standard","meta":{"fifu_image_url":"","fifu_image_alt":"","footnotes":""},"categories":[182],"tags":[],"class_list":["post-28272","post","type-post","status-publish","format-standard","has-post-thumbnail","hentry","category-energia"],"_links":{"self":[{"href":"https:\/\/elmundodelosnegocios.com.do\/v1\/wp-json\/wp\/v2\/posts\/28272","targetHints":{"allow":["GET"]}}],"collection":[{"href":"https:\/\/elmundodelosnegocios.com.do\/v1\/wp-json\/wp\/v2\/posts"}],"about":[{"href":"https:\/\/elmundodelosnegocios.com.do\/v1\/wp-json\/wp\/v2\/types\/post"}],"author":[{"embeddable":true,"href":"https:\/\/elmundodelosnegocios.com.do\/v1\/wp-json\/wp\/v2\/users\/2"}],"replies":[{"embeddable":true,"href":"https:\/\/elmundodelosnegocios.com.do\/v1\/wp-json\/wp\/v2\/comments?post=28272"}],"version-history":[{"count":0,"href":"https:\/\/elmundodelosnegocios.com.do\/v1\/wp-json\/wp\/v2\/posts\/28272\/revisions"}],"wp:featuredmedia":[{"embeddable":true,"href":"https:\/\/elmundodelosnegocios.com.do\/v1\/wp-json\/wp\/v2\/media\/28273"}],"wp:attachment":[{"href":"https:\/\/elmundodelosnegocios.com.do\/v1\/wp-json\/wp\/v2\/media?parent=28272"}],"wp:term":[{"taxonomy":"category","embeddable":true,"href":"https:\/\/elmundodelosnegocios.com.do\/v1\/wp-json\/wp\/v2\/categories?post=28272"},{"taxonomy":"post_tag","embeddable":true,"href":"https:\/\/elmundodelosnegocios.com.do\/v1\/wp-json\/wp\/v2\/tags?post=28272"}],"curies":[{"name":"wp","href":"https:\/\/api.w.org\/{rel}","templated":true}]}}