{"id":28275,"date":"2023-05-24T13:34:37","date_gmt":"2023-05-24T18:04:37","guid":{"rendered":"https:\/\/elmundodelosnegocios.com.do\/v1\/?p=28275"},"modified":"2023-05-24T13:34:40","modified_gmt":"2023-05-24T18:04:40","slug":"idac-e-icm-acuerdan-elaborar-una-actualizada-y-moderna-cartografia-para-navegacion-visual-en-rd","status":"publish","type":"post","link":"https:\/\/elmundodelosnegocios.com.do\/v1\/idac-e-icm-acuerdan-elaborar-una-actualizada-y-moderna-cartografia-para-navegacion-visual-en-rd\/","title":{"rendered":"IDAC e ICM acuerdan elaborar una actualizada y moderna cartograf\u00eda para navegaci\u00f3n visual en RD"},"content":{"rendered":"\n<p>Santo Domingo. &#8211;&nbsp;<strong>El Instituto Dominicano de Aviaci\u00f3n Civil (IDAC), el Instituto Geogr\u00e1fico Nacional y el Instituto Cartogr\u00e1fico Militar (ICM)<\/strong>&nbsp;acordaron unir esfuerzos para elaborar una moderna y actualizada cartograf\u00eda destinada al uso de la&nbsp;<strong>navegaci\u00f3n a\u00e9rea visual<\/strong>&nbsp;en todo el territorio nacional.<\/p>\n\n\n<div class=\"wp-block-image\">\n<figure class=\"aligncenter size-large\"><img loading=\"lazy\" decoding=\"async\" width=\"1024\" height=\"576\" src=\"https:\/\/elmundodelosnegocios.com.do\/v1\/wp-content\/uploads\/2023\/05\/Foto-1-1024x576.jpeg\" alt=\"\" class=\"wp-image-28276\" srcset=\"https:\/\/elmundodelosnegocios.com.do\/v1\/wp-content\/uploads\/2023\/05\/Foto-1-1024x576.jpeg 1024w, https:\/\/elmundodelosnegocios.com.do\/v1\/wp-content\/uploads\/2023\/05\/Foto-1-300x169.jpeg 300w, https:\/\/elmundodelosnegocios.com.do\/v1\/wp-content\/uploads\/2023\/05\/Foto-1-768x432.jpeg 768w, https:\/\/elmundodelosnegocios.com.do\/v1\/wp-content\/uploads\/2023\/05\/Foto-1.jpeg 1300w\" sizes=\"auto, (max-width: 1024px) 100vw, 1024px\" \/><\/figure>\n<\/div>\n\n\n<p>La informaci\u00f3n fue ofrecida por&nbsp;<strong>el director general del IDAC, H\u00e9ctor Porcella,<\/strong>&nbsp;durante una reuni\u00f3n con las instituciones que tienen que ver con la&nbsp;<strong>autorizaci\u00f3n y certificaci\u00f3n de edificaciones y antenas o levantamientos de informaciones sobre puntos geogr\u00e1ficos<\/strong>, datos esenciales para actualizar los mapas visuales que se utilizan en la aviaci\u00f3n del pa\u00eds.<\/p>\n\n\n\n<p>Porcella adelant\u00f3 que la Rep\u00fablica Dominicana contar\u00e1 por primera vez con una&nbsp;<strong>plataforma digital actualizada<\/strong>&nbsp;para responder a la necesidad de los vuelos que se rigen por las&nbsp;<strong>Reglas de Vuelo Visual o VFR<\/strong>, por sus siglas en ingl\u00e9s.<\/p>\n\n\n\n<p><strong>Bol\u00edvar Troncoso, director del Instituto Geogr\u00e1fico \u201cJos\u00e9 Hungr\u00eda Morel\u201d,<\/strong>&nbsp;dijo que esa entidad est\u00e1 cumpliendo el mandato de la ley que le ordena elaborar una cartograf\u00eda base del pa\u00eds moderna y actualizada, para&nbsp;<strong>georreferenciar y ubicar en sus coordenadas cartogr\u00e1ficas los datos de latitud y longitud en el espacio geogr\u00e1fico dominicano.<\/strong><\/p>\n\n\n\n<p><em>\u201cEl proyecto planteado por el director del IDAC, es parte de lo que tenemos que hacer para georreferenciar todas las antenas, edificaciones que hay en el pa\u00eds, que pueden ser objeto de obst\u00e1culo o de accidente en la navegaci\u00f3n a\u00e9rea nacional\u201d,<\/em>&nbsp;apunt\u00f3 el reconocido acad\u00e9mico.<\/p>\n\n\n\n<p><strong>El coronel piloto Melvy Paulino FARD, subdirector del Instituto Cartogr\u00e1fico Militar<\/strong>, en representaci\u00f3n del titular, general de brigada&nbsp;<strong>Rafael Antonio Carrasco Paulino<\/strong>, ERD, inform\u00f3 que esa entidad dependiente del Ministerio de Defensa est\u00e1 trabajando en la certificaci\u00f3n de las cartas aeron\u00e1uticas VFR y&nbsp;<strong>espera contar con la cartograf\u00eda actualizada en un plazo razonable.<\/strong><\/p>\n\n\n\n<p>En la reuni\u00f3n, celebrada en el sal\u00f3n de conferencias del IDAC, participaron la directora de Navegaci\u00f3n A\u00e9rea, Claudia Roa; el director de Normas de Vuelo, Pedro Pi\u00f1a de los Santos; el director de Vigilancia Operacional, Gender Castro; el director de Tecnolog\u00eda de Informaci\u00f3n y Comunicaci\u00f3n, Ra\u00fal Mu\u00f1oz; el director de Comunicaci\u00f3n y Relaciones P\u00fablicas, Luis Jos\u00e9 Ch\u00e1vez, y la encargada de Acuerdos Interinstitucionales, Jasm\u00edn Fabre.<\/p>\n","protected":false},"excerpt":{"rendered":"<p>Santo Domingo. &#8211;&nbsp;El Instituto Dominicano de Aviaci\u00f3n Civil (IDAC), el Instituto Geogr\u00e1fico Nacional y el Instituto Cartogr\u00e1fico Militar (ICM)&nbsp;acordaron unir esfuerzos para elaborar una moderna y actualizada cartograf\u00eda destinada al&hellip; <\/p>\n","protected":false},"author":2,"featured_media":28276,"comment_status":"closed","ping_status":"closed","sticky":false,"template":"","format":"standard","meta":{"fifu_image_url":"","fifu_image_alt":"","footnotes":""},"categories":[167],"tags":[],"class_list":["post-28275","post","type-post","status-publish","format-standard","has-post-thumbnail","hentry","category-transporte"],"_links":{"self":[{"href":"https:\/\/elmundodelosnegocios.com.do\/v1\/wp-json\/wp\/v2\/posts\/28275","targetHints":{"allow":["GET"]}}],"collection":[{"href":"https:\/\/elmundodelosnegocios.com.do\/v1\/wp-json\/wp\/v2\/posts"}],"about":[{"href":"https:\/\/elmundodelosnegocios.com.do\/v1\/wp-json\/wp\/v2\/types\/post"}],"author":[{"embeddable":true,"href":"https:\/\/elmundodelosnegocios.com.do\/v1\/wp-json\/wp\/v2\/users\/2"}],"replies":[{"embeddable":true,"href":"https:\/\/elmundodelosnegocios.com.do\/v1\/wp-json\/wp\/v2\/comments?post=28275"}],"version-history":[{"count":0,"href":"https:\/\/elmundodelosnegocios.com.do\/v1\/wp-json\/wp\/v2\/posts\/28275\/revisions"}],"wp:featuredmedia":[{"embeddable":true,"href":"https:\/\/elmundodelosnegocios.com.do\/v1\/wp-json\/wp\/v2\/media\/28276"}],"wp:attachment":[{"href":"https:\/\/elmundodelosnegocios.com.do\/v1\/wp-json\/wp\/v2\/media?parent=28275"}],"wp:term":[{"taxonomy":"category","embeddable":true,"href":"https:\/\/elmundodelosnegocios.com.do\/v1\/wp-json\/wp\/v2\/categories?post=28275"},{"taxonomy":"post_tag","embeddable":true,"href":"https:\/\/elmundodelosnegocios.com.do\/v1\/wp-json\/wp\/v2\/tags?post=28275"}],"curies":[{"name":"wp","href":"https:\/\/api.w.org\/{rel}","templated":true}]}}