{"id":28312,"date":"2023-05-26T03:05:21","date_gmt":"2023-05-26T07:35:21","guid":{"rendered":"http:\/\/elmundodelosnegocios.com.do\/v1\/index.php\/2023\/05\/26\/resumen-brigade-m3-european-acquisition-corp-aviso-de-reembolso\/"},"modified":"2023-05-26T03:05:21","modified_gmt":"2023-05-26T07:35:21","slug":"resumen-brigade-m3-european-acquisition-corp-aviso-de-reembolso","status":"publish","type":"post","link":"https:\/\/elmundodelosnegocios.com.do\/v1\/resumen-brigade-m3-european-acquisition-corp-aviso-de-reembolso\/","title":{"rendered":"Resumen: Brigade-M3 European Acquisition Corp.: Aviso de reembolso"},"content":{"rendered":"<p>\u00c1MSTERDAM&#8211;(BUSINESS WIRE)&#8211;Brigade-M3 European Acquisition Corp. (la \u00abSociedad\u00bb), una sociedad de adquisiciones con fines especiales constituida el 21 de abril de 2021 de conformidad con las leyes de las Islas Caim\u00e1n en calidad de sociedad exenta de responsabilidad limitada, que cotiza en Euronext \u00c1msterdam, el mercado regulado operado por Euronext Amsterdam N.V. (\u00abEuronext Amsterdam\u00bb), anuncia hoy que no concluir\u00e1 una combinaci\u00f3n de negocios antes de su fecha l\u00edmite de combinaci\u00f3n de negocios el 14 de junio de 2023 (la \u00abFecha l\u00edmite de combinaci\u00f3n de negocios\u00bb). Por ende, el Directorio de la Sociedad (el \u00abDirectorio\u00bb) ha resuelto iniciar el reembolso de todas las participaciones cotizadas y acciones ordinarias en el capital social de la Sociedad (las \u00abParticipaciones\u00bb y \u00abAcciones ordinarias\u00bb, respectivamente) tras la Fecha L\u00edmite de Combinaci\u00f3n de Negocios de conformidad con los t\u00e9rminos y condiciones para el reembolso de las Participaciones y Acciones Ordinarias en los estatutos de la Sociedad y seg\u00fan lo divulgado en el folleto de OPV de la Sociedad de fecha 8 de diciembre de 2021 (el \u00abFolleto\u00bb).<br \/>\nEl comunicado en el idioma original es la versi\u00f3n oficial y autorizada del mismo. Esta traducci\u00f3n es solamente un medio de ayuda y deber\u00e1 ser comparada con el texto en idioma original, que es la \u00fanica versi\u00f3n del texto que tendr\u00e1 validez legal. Contacts<br \/>\nCONSULTASBrigade-M3 European Acquisition Corp.<br \/>\nc\/o Brigade Capital Management, LP<br \/>\n399 Park Avenue, 16th Floor<br \/>\nNueva York, NY 10022<br \/>\nCorreo electr\u00f3nico: BrigadeM3EAC@brigadecapital.com<\/p>\n","protected":false},"excerpt":{"rendered":"<p>\u00c1MSTERDAM&#8211;(BUSINESS WIRE)&#8211;Brigade-M3 European Acquisition Corp. (la \u00abSociedad\u00bb), una sociedad de adquisiciones con fines especiales constituida el 21 de abril de 2021 de conformidad con las leyes de las Islas Caim\u00e1n&hellip; <\/p>\n","protected":false},"author":2,"featured_media":0,"comment_status":"closed","ping_status":"closed","sticky":false,"template":"","format":"standard","meta":{"fifu_image_url":"","fifu_image_alt":"","footnotes":""},"categories":[252],"tags":[253],"class_list":["post-28312","post","type-post","status-publish","format-standard","hentry","category-business-wire","tag-business-wire"],"_links":{"self":[{"href":"https:\/\/elmundodelosnegocios.com.do\/v1\/wp-json\/wp\/v2\/posts\/28312","targetHints":{"allow":["GET"]}}],"collection":[{"href":"https:\/\/elmundodelosnegocios.com.do\/v1\/wp-json\/wp\/v2\/posts"}],"about":[{"href":"https:\/\/elmundodelosnegocios.com.do\/v1\/wp-json\/wp\/v2\/types\/post"}],"author":[{"embeddable":true,"href":"https:\/\/elmundodelosnegocios.com.do\/v1\/wp-json\/wp\/v2\/users\/2"}],"replies":[{"embeddable":true,"href":"https:\/\/elmundodelosnegocios.com.do\/v1\/wp-json\/wp\/v2\/comments?post=28312"}],"version-history":[{"count":0,"href":"https:\/\/elmundodelosnegocios.com.do\/v1\/wp-json\/wp\/v2\/posts\/28312\/revisions"}],"wp:attachment":[{"href":"https:\/\/elmundodelosnegocios.com.do\/v1\/wp-json\/wp\/v2\/media?parent=28312"}],"wp:term":[{"taxonomy":"category","embeddable":true,"href":"https:\/\/elmundodelosnegocios.com.do\/v1\/wp-json\/wp\/v2\/categories?post=28312"},{"taxonomy":"post_tag","embeddable":true,"href":"https:\/\/elmundodelosnegocios.com.do\/v1\/wp-json\/wp\/v2\/tags?post=28312"}],"curies":[{"name":"wp","href":"https:\/\/api.w.org\/{rel}","templated":true}]}}