{"id":28315,"date":"2023-05-26T09:37:58","date_gmt":"2023-05-26T14:07:58","guid":{"rendered":"http:\/\/elmundodelosnegocios.com.do\/v1\/?p=28315"},"modified":"2023-05-26T09:38:00","modified_gmt":"2023-05-26T14:08:00","slug":"indotel-participara-en-congreso-latinoamericano-de-transformacion-digital-en-la-ciudad-de-mexico","status":"publish","type":"post","link":"https:\/\/elmundodelosnegocios.com.do\/v1\/indotel-participara-en-congreso-latinoamericano-de-transformacion-digital-en-la-ciudad-de-mexico\/","title":{"rendered":"Indotel participar\u00e1 en Congreso Latinoamericano de Transformaci\u00f3n Digital en la ciudad de M\u00e9xico"},"content":{"rendered":"\n<p>Santo Domingo.- El Instituto Dominicano de las Telecomunicaciones (Indotel) contin\u00faa posicion\u00e1ndose a nivel internacional por sus buenas pr\u00e1cticas regulatorias y en ese sentido ha sido invitado a compartir las pol\u00edticas de p\u00fablicas en el Congreso Latinoamericano de Transformaci\u00f3n Digital, que se desarrollar\u00e1 en la ciudad de M\u00e9xico.<\/p>\n\n\n\n<figure class=\"wp-block-image size-full\"><img loading=\"lazy\" decoding=\"async\" width=\"955\" height=\"638\" src=\"https:\/\/elmundodelosnegocios.com.do\/v1\/wp-content\/uploads\/2023\/05\/04.png\" alt=\"\" class=\"wp-image-28316\" srcset=\"https:\/\/elmundodelosnegocios.com.do\/v1\/wp-content\/uploads\/2023\/05\/04.png 955w, https:\/\/elmundodelosnegocios.com.do\/v1\/wp-content\/uploads\/2023\/05\/04-300x200.png 300w, https:\/\/elmundodelosnegocios.com.do\/v1\/wp-content\/uploads\/2023\/05\/04-768x513.png 768w\" sizes=\"auto, (max-width: 955px) 100vw, 955px\" \/><\/figure>\n\n\n\n<p>El evento, que se realizar\u00e1 durante los d\u00edas 31 de mayo y 1 de junio pr\u00f3ximo, reunir\u00e1 altas autoridades del sector de las telecomunicaciones a nivel regional, en el que participar\u00e1n operadores de las diferentes tecnolog\u00edas, reguladores y ministerios de telecomunicaciones.<\/p>\n\n\n\n<p>En representaci\u00f3n de la Rep\u00fablica Dominicana estar\u00e1 la directora ejecutiva del Indotel, Julissa Cruz, quien va exponer sobre las buenas pr\u00e1cticas en temas de espectro, modernizaci\u00f3n regulatoria, y regulaci\u00f3n eficiente.<\/p>\n\n\n\n<p>Adem\u00e1s conversar\u00e1 acerca de casos de la sostenibilidad financiera del sector TIC y telecomunicaciones como elemento esencial de cara a mantener y ampliar las inversiones necesarias para la mejora y extensi\u00f3n de los servicios.<\/p>\n\n\n\n<p>La directora ejecutiva del Indotel, Julissa Cruz, intervendr\u00e1 como panelista en el tema \u201cEl desaf\u00edo de la sostenibilidad financiera para un futuro digital, promoci\u00f3n de la inversi\u00f3n en el nuevo contexto\u201d.<\/p>\n\n\n\n<p>En el evento, a desarrollarse en la capital mexicana, se analizar\u00e1n las pol\u00edticas p\u00fablicas promotora de inversi\u00f3n y el aporte de todos los factores del ecosistema digital.<\/p>\n\n\n\n<p>En estos momentos el Indotel se encuentra en proceso para ser catalogado por la Uni\u00f3n Internacional de Telecomunicaciones (UIT) como un regulador de quinta generaci\u00f3n.<\/p>\n\n\n\n<p>En la ma\u00f1ana del primero de junio; Cruz participar\u00e1 en la mesa redonda sobre \u201cRegulaci\u00f3n inteligente para acelerar la digitalizaci\u00f3n\u201d, en otro de los paneles que participar\u00e1 ser\u00e1 \u201cMejores pr\u00e1cticas de asignaci\u00f3n de espectro para el futuro de las telecomunicaciones y de los ciudadanos de Am\u00e9rica Latina\u201d.<\/p>\n\n\n\n<p>El Indotel anunci\u00f3 que lanzar\u00e1 una nueva licitaci\u00f3n de espectro para promover la inversi\u00f3n de los servicios de telecomunicaciones.<\/p>\n\n\n\n<p>El evento est\u00e1 organizado por el Centro de Estudios de Telecomunicaciones de Am\u00e9rica Latina (Asiet) y asociaci\u00f3n global del ecosistema m\u00f3vil (GSMA).<\/p>\n","protected":false},"excerpt":{"rendered":"<p>Santo Domingo.- El Instituto Dominicano de las Telecomunicaciones (Indotel) contin\u00faa posicion\u00e1ndose a nivel internacional por sus buenas pr\u00e1cticas regulatorias y en ese sentido ha sido invitado a compartir las pol\u00edticas&hellip; <\/p>\n","protected":false},"author":2,"featured_media":11303,"comment_status":"closed","ping_status":"closed","sticky":false,"template":"","format":"standard","meta":{"fifu_image_url":"","fifu_image_alt":"","footnotes":""},"categories":[64],"tags":[],"class_list":["post-28315","post","type-post","status-publish","format-standard","has-post-thumbnail","hentry","category-telecomunicaciones"],"_links":{"self":[{"href":"https:\/\/elmundodelosnegocios.com.do\/v1\/wp-json\/wp\/v2\/posts\/28315","targetHints":{"allow":["GET"]}}],"collection":[{"href":"https:\/\/elmundodelosnegocios.com.do\/v1\/wp-json\/wp\/v2\/posts"}],"about":[{"href":"https:\/\/elmundodelosnegocios.com.do\/v1\/wp-json\/wp\/v2\/types\/post"}],"author":[{"embeddable":true,"href":"https:\/\/elmundodelosnegocios.com.do\/v1\/wp-json\/wp\/v2\/users\/2"}],"replies":[{"embeddable":true,"href":"https:\/\/elmundodelosnegocios.com.do\/v1\/wp-json\/wp\/v2\/comments?post=28315"}],"version-history":[{"count":0,"href":"https:\/\/elmundodelosnegocios.com.do\/v1\/wp-json\/wp\/v2\/posts\/28315\/revisions"}],"wp:featuredmedia":[{"embeddable":true,"href":"https:\/\/elmundodelosnegocios.com.do\/v1\/wp-json\/wp\/v2\/media\/11303"}],"wp:attachment":[{"href":"https:\/\/elmundodelosnegocios.com.do\/v1\/wp-json\/wp\/v2\/media?parent=28315"}],"wp:term":[{"taxonomy":"category","embeddable":true,"href":"https:\/\/elmundodelosnegocios.com.do\/v1\/wp-json\/wp\/v2\/categories?post=28315"},{"taxonomy":"post_tag","embeddable":true,"href":"https:\/\/elmundodelosnegocios.com.do\/v1\/wp-json\/wp\/v2\/tags?post=28315"}],"curies":[{"name":"wp","href":"https:\/\/api.w.org\/{rel}","templated":true}]}}