{"id":28328,"date":"2023-05-26T12:21:01","date_gmt":"2023-05-26T16:51:01","guid":{"rendered":"https:\/\/elmundodelosnegocios.com.do\/v1\/?p=28328"},"modified":"2023-05-26T12:21:03","modified_gmt":"2023-05-26T16:51:03","slug":"inaugura-air-canada-cargo-servicio-en-aeropuerto-internacional-punta-cana","status":"publish","type":"post","link":"https:\/\/elmundodelosnegocios.com.do\/v1\/inaugura-air-canada-cargo-servicio-en-aeropuerto-internacional-punta-cana\/","title":{"rendered":"Inaugura Air Canad\u00e1 Cargo servicio en Aeropuerto Internacional Punta Cana"},"content":{"rendered":"\n<p><strong>Punta Cana,<\/strong>&nbsp;La Altagracia, R.D. Mayo 25, 2023.-&nbsp;Air Canad\u00e1 Cargo inaugura su primer vuelo de carga al Aeropuerto Internacional de Punta Cana (PUJ), con su carguero Boeing 767. El servicio se operar\u00e1 una vez por semana.<\/p>\n\n\n<div class=\"wp-block-image\">\n<figure class=\"aligncenter size-large\"><img loading=\"lazy\" decoding=\"async\" width=\"1024\" height=\"682\" src=\"https:\/\/elmundodelosnegocios.com.do\/v1\/wp-content\/uploads\/2023\/05\/03-1024x682.jpg\" alt=\"\" class=\"wp-image-28329\" srcset=\"https:\/\/elmundodelosnegocios.com.do\/v1\/wp-content\/uploads\/2023\/05\/03-1024x682.jpg 1024w, https:\/\/elmundodelosnegocios.com.do\/v1\/wp-content\/uploads\/2023\/05\/03-300x200.jpg 300w, https:\/\/elmundodelosnegocios.com.do\/v1\/wp-content\/uploads\/2023\/05\/03-768x512.jpg 768w, https:\/\/elmundodelosnegocios.com.do\/v1\/wp-content\/uploads\/2023\/05\/03.jpg 1040w\" sizes=\"auto, (max-width: 1024px) 100vw, 1024px\" \/><\/figure>\n<\/div>\n\n\n<p>El acto de recibimiento del primer vuelo de carga de Air Canad\u00e1 Cargo cont\u00f3 con la presencia del Frank El\u00edas Rainieri, presidente &amp; CEO del Grupo Puntacana; Giovanni Rainieri, director Operaciones Airside del Aeropuerto Internacional de Punta Cana; Sergio Moreno, gerente de Operaciones de Carga de Air Canad\u00e1 Cargo; Rene Rojas, gerente General de Carga y Servicios para Latinoam\u00e9rica de Air Canad\u00e1 Cargo; Yuderka Torres de Castillo, gerente de Aeropuerto de Air Canad\u00e1; ejecutivos del Grupo Puntacana, aliados estrat\u00e9gicos y medios de comunicaci\u00f3n.<\/p>\n\n\n<div class=\"wp-block-image\">\n<figure class=\"aligncenter size-large\"><img loading=\"lazy\" decoding=\"async\" width=\"1024\" height=\"683\" src=\"https:\/\/elmundodelosnegocios.com.do\/v1\/wp-content\/uploads\/2023\/05\/04-1-1024x683.jpg\" alt=\"\" class=\"wp-image-28330\" srcset=\"https:\/\/elmundodelosnegocios.com.do\/v1\/wp-content\/uploads\/2023\/05\/04-1-1024x683.jpg 1024w, https:\/\/elmundodelosnegocios.com.do\/v1\/wp-content\/uploads\/2023\/05\/04-1-300x200.jpg 300w, https:\/\/elmundodelosnegocios.com.do\/v1\/wp-content\/uploads\/2023\/05\/04-1-768x512.jpg 768w, https:\/\/elmundodelosnegocios.com.do\/v1\/wp-content\/uploads\/2023\/05\/04-1.jpg 1095w\" sizes=\"auto, (max-width: 1024px) 100vw, 1024px\" \/><\/figure>\n<\/div>\n\n\n<p>\u201cEstamos muy contentos de a\u00f1adir otro destino a nuestra creciente red de aviones de carga. Este nuevo servicio se basa en nuestras capacidades para servir al pa\u00eds a trav\u00e9s de la red de pasajeros de Air Canad\u00e1, proporcionando capacidad de carga constante durante todo el a\u00f1o para nuestros clientes clave en la regi\u00f3n\u201d, expres\u00f3 Jon Turner, vicepresidente de Carga de Air Canad\u00e1.<\/p>\n\n\n\n<p>El vuelo de Air Canad\u00e1 Cargo al Aeropuerto Internacional de Punta Cana es la \u00faltima incorporaci\u00f3n a su red mundial de vuelos de carga, tras los servicios de carga lanzados recientemente a San Jos\u00e9, Basilea, Lieja, Dallas, Atlanta y Bogot\u00e1.<\/p>\n\n\n\n<p>\u201cNos complace recibir el primer vuelo inaugural de carga de nuestros aliados de Air Canad\u00e1 Cargo, dando apertura a su servicio en el Aeropuerto Internacional de Punta Cana. Como ganadores de los Premios Internacionales a la Calidad del Servicio Aeroportuario del Consejo de Aeropuertos durante siete a\u00f1os consecutivos, confiamos en que esto contribuir\u00e1 a la excelencia y diversificaci\u00f3n en nuestras operaciones de carga\u201d, expres\u00f3 Giovanni Rainieri, director de Operaciones Airside del Aeropuerto Internacional de Punta Cana.<\/p>\n\n\n\n<p>Cabe resaltar que, el Punta Cana Free Trade Zone (PCFTZ), una empresa de Grupo Puntacana, se encuentra desarrollando en alianza estrat\u00e9gica junto a la empresa proveedora de soluciones log\u00edsticas DP World, un Centro Log\u00edstico con el prop\u00f3sito de desarrollar una plataforma multimodal para el manejo de carga a\u00e9rea, terrestre y mar\u00edtima.<\/p>\n\n\n\n<p>Este proyecto solidifica la posici\u00f3n de la Rep\u00fablica Dominicana como el punto de comercio y HUB log\u00edstico m\u00e1s importante para carga a\u00e9rea y mar\u00edtima en el Caribe. El Centro Log\u00edstico se beneficiar\u00e1 de la amplia experiencia y est\u00e1ndares de clase mundial de DP World para el manejo de operaciones log\u00edsticas y carga multimodal, as\u00ed como de la alta conectividad del Aeropuerto Internacional de Punta Cana (PUJ), representando el liderazgo internacional de ambas empresas en el sector log\u00edstico y aeroportuario, respectivamente.<\/p>\n\n\n\n<p><strong>Sobre el Aeropuerto Internacional de Punta Cana (PUJ)<\/strong><\/p>\n\n\n\n<p>Inaugurado en 1983, es el primer aer\u00f3dromo privado de uso comercial internacional en el mundo, el de mayor tr\u00e1fico en la Rep\u00fablica Dominicana y el de mayor conectividad en el Caribe, uniendo 64 ciudades y 26 pa\u00edses de todo el mundo, movilizando ocho millones de pasajeros al a\u00f1o.<\/p>\n\n\n\n<p>Dispone de dos pistas, 27 puertas de embarque, 30 parqueos de aviones y tres salones VIP. Asimismo, cuenta con su propio Centro de Reciclaje e Incineraci\u00f3n, donde se recicla el 60% por ciento de los residuos que genera.<\/p>\n\n\n\n<p>El Aeropuerto Internacional de Punta Cana ha sido galardonado en los \u00faltimos siete a\u00f1os como el \u201cMejor Aeropuerto por Tama\u00f1o y Regi\u00f3n\u201d en la categor\u00eda de 5 a 15 millones de pasajeros en el Caribe y Latinoam\u00e9rica, otorgado por el Consejo Internacional de Aeropuertos (ACI, por sus siglas en ingl\u00e9s).<\/p>\n\n\n\n<p>Instagram @puntacanaairport&nbsp;<a>www.puntacanaairport.com<\/a><\/p>\n\n\n\n<p><strong>Acerca de Air Canad\u00e1 Cargo<\/strong><\/p>\n\n\n\n<p>Air Canad\u00e1 Cargo es un galardonado proveedor de servicios de carga a\u00e9rea. Es el mayor proveedor de carga a\u00e9rea de Canad\u00e1 en t\u00e9rminos de capacidad de carga, con presencia en m\u00e1s de 50 pa\u00edses y centros de auto-asistencia en Montreal, Toronto, Vancouver, Chicago, Londres y Frankfurt. Como divisi\u00f3n de carga a\u00e9rea de Air Canad\u00e1, Air Canad\u00e1 Cargo ofrece un transporte a\u00e9reo de carga fiable y conectividad en los seis continentes utilizando los vuelos nacionales e internacionales de pasajeros y de carga de Air Canad\u00e1, as\u00ed como servicios de transporte por cami\u00f3n.&nbsp;<a>www.aircanadacargo.com<\/a>&nbsp; &nbsp;&nbsp;<\/p>\n\n\n\n<p><strong>Acerca de Air Canad\u00e1<\/strong><\/p>\n\n\n\n<p>Air Canad\u00e1 es la mayor compa\u00f1\u00eda a\u00e9rea de Canad\u00e1, la aerol\u00ednea de bandera del pa\u00eds y miembro fundador de Star Alliance, la red de transporte a\u00e9reo m\u00e1s completa del mundo. Air Canad\u00e1 ofrece vuelos regulares directos a m\u00e1s de 180 aeropuertos de Canad\u00e1, Estados Unidos y seis continentes. Tiene una clasificaci\u00f3n de cuatro estrellas de Skytrax.<\/p>\n\n\n\n<p>El programa Aeroplan de Air Canad\u00e1 es el principal programa de fidelizaci\u00f3n de viajes de Canad\u00e1, en el que los miembros pueden ganar o canjear puntos en la mayor red de aerol\u00edneas asociadas del mundo, compuesta por 45 compa\u00f1\u00edas a\u00e9reas, adem\u00e1s de a trav\u00e9s de una amplia gama de recompensas en mercanc\u00edas, hoteles y alquiler de coches. Su divisi\u00f3n de carga, Air Canad\u00e1 Cargo, proporciona transporte a\u00e9reo de carga y conectividad a cientos de destinos en seis continentes utilizando aviones de pasajeros y de carga de Air Canad\u00e1.&nbsp; Air Canad\u00e1 se ha comprometido a alcanzar el objetivo de cero emisiones netas en todas sus operaciones mundiales para 2050. Las acciones de Air Canad\u00e1 cotizan en el TSX de Canad\u00e1 y en el OCTQX de Estados Unidos.<\/p>\n","protected":false},"excerpt":{"rendered":"<p>Punta Cana,&nbsp;La Altagracia, R.D. Mayo 25, 2023.-&nbsp;Air Canad\u00e1 Cargo inaugura su primer vuelo de carga al Aeropuerto Internacional de Punta Cana (PUJ), con su carguero Boeing 767. El servicio se&hellip; <\/p>\n","protected":false},"author":2,"featured_media":28329,"comment_status":"closed","ping_status":"closed","sticky":false,"template":"","format":"standard","meta":{"fifu_image_url":"","fifu_image_alt":"","footnotes":""},"categories":[168],"tags":[],"class_list":["post-28328","post","type-post","status-publish","format-standard","has-post-thumbnail","hentry","category-transporte-aereo"],"_links":{"self":[{"href":"https:\/\/elmundodelosnegocios.com.do\/v1\/wp-json\/wp\/v2\/posts\/28328","targetHints":{"allow":["GET"]}}],"collection":[{"href":"https:\/\/elmundodelosnegocios.com.do\/v1\/wp-json\/wp\/v2\/posts"}],"about":[{"href":"https:\/\/elmundodelosnegocios.com.do\/v1\/wp-json\/wp\/v2\/types\/post"}],"author":[{"embeddable":true,"href":"https:\/\/elmundodelosnegocios.com.do\/v1\/wp-json\/wp\/v2\/users\/2"}],"replies":[{"embeddable":true,"href":"https:\/\/elmundodelosnegocios.com.do\/v1\/wp-json\/wp\/v2\/comments?post=28328"}],"version-history":[{"count":0,"href":"https:\/\/elmundodelosnegocios.com.do\/v1\/wp-json\/wp\/v2\/posts\/28328\/revisions"}],"wp:featuredmedia":[{"embeddable":true,"href":"https:\/\/elmundodelosnegocios.com.do\/v1\/wp-json\/wp\/v2\/media\/28329"}],"wp:attachment":[{"href":"https:\/\/elmundodelosnegocios.com.do\/v1\/wp-json\/wp\/v2\/media?parent=28328"}],"wp:term":[{"taxonomy":"category","embeddable":true,"href":"https:\/\/elmundodelosnegocios.com.do\/v1\/wp-json\/wp\/v2\/categories?post=28328"},{"taxonomy":"post_tag","embeddable":true,"href":"https:\/\/elmundodelosnegocios.com.do\/v1\/wp-json\/wp\/v2\/tags?post=28328"}],"curies":[{"name":"wp","href":"https:\/\/api.w.org\/{rel}","templated":true}]}}