{"id":28603,"date":"2023-06-06T07:05:00","date_gmt":"2023-06-06T11:35:00","guid":{"rendered":"https:\/\/elmundodelosnegocios.com.do\/v1\/?p=28603"},"modified":"2023-06-06T07:05:02","modified_gmt":"2023-06-06T11:35:02","slug":"director-porcella-reune-con-ejecutivos-korea-airports-y-evaluan-perspectivas-aeropuerto-pedernales","status":"publish","type":"post","link":"https:\/\/elmundodelosnegocios.com.do\/v1\/director-porcella-reune-con-ejecutivos-korea-airports-y-evaluan-perspectivas-aeropuerto-pedernales\/","title":{"rendered":"Director Porcella re\u00fane con ejecutivos Korea Airports y eval\u00faan perspectivas aeropuerto Pedernales"},"content":{"rendered":"\n<p><strong>SE\u00daL<\/strong>, Corea. Junio 2023.<strong>&#8211;<\/strong>&nbsp;El director general interino del Instituto Dominicano de Aviaci\u00f3n Civil (IDAC), H\u00e9ctor Porcella, se reuni\u00f3 con altos ejecutivos de la empresa Korea Airports Corporation, quienes le hicieron una presentaci\u00f3n de los avances del proyecto de desarrollo del Aeropuerto Internacional de Pedernales.<\/p>\n\n\n\n<figure class=\"wp-block-image size-full\"><img loading=\"lazy\" decoding=\"async\" width=\"1024\" height=\"692\" src=\"http:\/\/elmundodelosnegocios.com.do\/v1\/wp-content\/uploads\/2023\/06\/Hector-Porcella-y-HyeongJung-Yoon-presidente-de-Korea-Airports-Corporation.jpeg\" alt=\"H\u00e9ctor Porcella y HyeongJung Yoon, presidente de Korea Airports Corporation\" class=\"wp-image-28604\" srcset=\"https:\/\/elmundodelosnegocios.com.do\/v1\/wp-content\/uploads\/2023\/06\/Hector-Porcella-y-HyeongJung-Yoon-presidente-de-Korea-Airports-Corporation.jpeg 1024w, https:\/\/elmundodelosnegocios.com.do\/v1\/wp-content\/uploads\/2023\/06\/Hector-Porcella-y-HyeongJung-Yoon-presidente-de-Korea-Airports-Corporation-300x203.jpeg 300w, https:\/\/elmundodelosnegocios.com.do\/v1\/wp-content\/uploads\/2023\/06\/Hector-Porcella-y-HyeongJung-Yoon-presidente-de-Korea-Airports-Corporation-768x519.jpeg 768w\" sizes=\"auto, (max-width: 1024px) 100vw, 1024px\" \/><figcaption class=\"wp-element-caption\">H\u00e9ctor Porcella y HyeongJung Yoon, presidente de Korea Airports Corporation<\/figcaption><\/figure>\n\n\n\n<p>Porcella se manifest\u00f3 impresionado por la importancia que le asigna la reputada empresa p\u00fablica coreana al proyecto tur\u00edstico de Pedernales, tras la firma en el pasado mes de mayo de un acuerdo preliminar con el Gobierno Dominicano a trav\u00e9s del ministro de la Presidencia Joel Santos y del director general de Alianzas P\u00fablico Privada, Sigmund Freund.<\/p>\n\n\n\n<p>Dijo que los ejecutivos de Korea Airports Corporation, encabezado por&nbsp; su presidente&nbsp;&nbsp;HyeongJung Yoon,&nbsp;proyectaron durante la presentaci\u00f3n el dise\u00f1o de una obra moderna de clase mundial que ser\u00e1 un referente en el Caribe y en Am\u00e9rica Latina.<\/p>\n\n\n\n<figure class=\"wp-block-image size-full\"><img loading=\"lazy\" decoding=\"async\" width=\"1024\" height=\"683\" src=\"https:\/\/elmundodelosnegocios.com.do\/v1\/wp-content\/uploads\/2023\/06\/Ejecutivos-de-la-empresa-Korea-Airports-Corporation.jpeg\" alt=\"\" class=\"wp-image-28605\" srcset=\"https:\/\/elmundodelosnegocios.com.do\/v1\/wp-content\/uploads\/2023\/06\/Ejecutivos-de-la-empresa-Korea-Airports-Corporation.jpeg 1024w, https:\/\/elmundodelosnegocios.com.do\/v1\/wp-content\/uploads\/2023\/06\/Ejecutivos-de-la-empresa-Korea-Airports-Corporation-300x200.jpeg 300w, https:\/\/elmundodelosnegocios.com.do\/v1\/wp-content\/uploads\/2023\/06\/Ejecutivos-de-la-empresa-Korea-Airports-Corporation-768x512.jpeg 768w\" sizes=\"auto, (max-width: 1024px) 100vw, 1024px\" \/><figcaption class=\"wp-element-caption\">Ejecutivos de la empresa Korea Airports Corporation<\/figcaption><\/figure>\n\n\n\n<p>\u201cDurante el intercambio con los ejecutivos de esta importante empresa del Estado coreano recibimos amplios detalles sobre lo que se proponen desarrollar en Pedernales, de acuerdo a los par\u00e1metros ya establecidos con las autoridades de la Rep\u00fablica Dominicana\u201d, apunt\u00f3 Porcella.<\/p>\n\n\n\n<p>El director general interino del IDAC, tambi\u00e9n realiz\u00f3 una visita guiada por las principales instalaciones de la corporaci\u00f3n y recibi\u00f3 explicaciones sobre los diversos proyectos de \u00faltima generaci\u00f3n en el \u00e1mbito de la aviaci\u00f3n civil y en materia de movilidad urbana.<\/p>\n\n\n\n<p>Porcella fue invitado a visitar la casa matriz de Korea Airports Corporation, luego que a trav\u00e9s de su intermedio la Rep\u00fablica Dominicana aceptara ser la sede de la pr\u00f3xima edici\u00f3n del Simposio de Apoyo a la Implementaci\u00f3n Global de la Organizaci\u00f3n de la Aviaci\u00f3n Civil Internacional (OACI).<\/p>\n","protected":false},"excerpt":{"rendered":"<p>SE\u00daL, Corea. Junio 2023.&#8211;&nbsp;El director general interino del Instituto Dominicano de Aviaci\u00f3n Civil (IDAC), H\u00e9ctor Porcella, se reuni\u00f3 con altos ejecutivos de la empresa Korea Airports Corporation, quienes le hicieron&hellip; <\/p>\n","protected":false},"author":2,"featured_media":28604,"comment_status":"closed","ping_status":"closed","sticky":false,"template":"","format":"standard","meta":{"fifu_image_url":"","fifu_image_alt":"","footnotes":""},"categories":[169],"tags":[],"class_list":["post-28603","post","type-post","status-publish","format-standard","has-post-thumbnail","hentry","category-transporte-internacional"],"_links":{"self":[{"href":"https:\/\/elmundodelosnegocios.com.do\/v1\/wp-json\/wp\/v2\/posts\/28603","targetHints":{"allow":["GET"]}}],"collection":[{"href":"https:\/\/elmundodelosnegocios.com.do\/v1\/wp-json\/wp\/v2\/posts"}],"about":[{"href":"https:\/\/elmundodelosnegocios.com.do\/v1\/wp-json\/wp\/v2\/types\/post"}],"author":[{"embeddable":true,"href":"https:\/\/elmundodelosnegocios.com.do\/v1\/wp-json\/wp\/v2\/users\/2"}],"replies":[{"embeddable":true,"href":"https:\/\/elmundodelosnegocios.com.do\/v1\/wp-json\/wp\/v2\/comments?post=28603"}],"version-history":[{"count":0,"href":"https:\/\/elmundodelosnegocios.com.do\/v1\/wp-json\/wp\/v2\/posts\/28603\/revisions"}],"wp:featuredmedia":[{"embeddable":true,"href":"https:\/\/elmundodelosnegocios.com.do\/v1\/wp-json\/wp\/v2\/media\/28604"}],"wp:attachment":[{"href":"https:\/\/elmundodelosnegocios.com.do\/v1\/wp-json\/wp\/v2\/media?parent=28603"}],"wp:term":[{"taxonomy":"category","embeddable":true,"href":"https:\/\/elmundodelosnegocios.com.do\/v1\/wp-json\/wp\/v2\/categories?post=28603"},{"taxonomy":"post_tag","embeddable":true,"href":"https:\/\/elmundodelosnegocios.com.do\/v1\/wp-json\/wp\/v2\/tags?post=28603"}],"curies":[{"name":"wp","href":"https:\/\/api.w.org\/{rel}","templated":true}]}}