{"id":28689,"date":"2023-06-11T12:48:59","date_gmt":"2023-06-11T17:18:59","guid":{"rendered":"https:\/\/elmundodelosnegocios.com.do\/v1\/?p=28689"},"modified":"2023-06-11T12:49:01","modified_gmt":"2023-06-11T17:19:01","slug":"aduanas-presenta-en-europa-ventajas-para-invertir-en-sector-logistico-de-rd","status":"publish","type":"post","link":"https:\/\/elmundodelosnegocios.com.do\/v1\/aduanas-presenta-en-europa-ventajas-para-invertir-en-sector-logistico-de-rd\/","title":{"rendered":"Aduanas presenta en Europa ventajas para invertir en sector log\u00edstico de RD"},"content":{"rendered":"\n<p>Barcelona, Espa\u00f1a. &#8211; La&nbsp;<strong>Direcci\u00f3n General de Aduanas (DGA) y empresarios del sector privado,<\/strong>&nbsp;junto con miembros de la Asociaci\u00f3n Dominicana de Centros y Operadores Log\u00edsticos&nbsp;<strong>(ASOLOGIC),<\/strong>&nbsp;presentaron ante empresarios europeos del&nbsp;<strong>sector log\u00edstico<\/strong>, las ventajas que tiene la Rep\u00fablica Dominicana a nivel jur\u00eddico, tecnol\u00f3gico, de&nbsp;<strong>infraestructura y de conectividad a\u00e9rea y mar\u00edtima<\/strong>, para que empresas extranjeras instalen su&nbsp;<strong>centro de distribuci\u00f3n de mercanc\u00edas para la regi\u00f3n<\/strong>.&nbsp;<\/p>\n\n\n<div class=\"wp-block-image\">\n<figure class=\"aligncenter size-large\"><img loading=\"lazy\" decoding=\"async\" width=\"1024\" height=\"576\" src=\"https:\/\/elmundodelosnegocios.com.do\/v1\/wp-content\/uploads\/2023\/06\/El-subdirector-de-Aduanas-Johannes-Kelner-durante-su-exposicion-en-SIL-Barcelona.-1024x576.jpg\" alt=\"\" class=\"wp-image-28690\" srcset=\"https:\/\/elmundodelosnegocios.com.do\/v1\/wp-content\/uploads\/2023\/06\/El-subdirector-de-Aduanas-Johannes-Kelner-durante-su-exposicion-en-SIL-Barcelona.-1024x576.jpg 1024w, https:\/\/elmundodelosnegocios.com.do\/v1\/wp-content\/uploads\/2023\/06\/El-subdirector-de-Aduanas-Johannes-Kelner-durante-su-exposicion-en-SIL-Barcelona.-300x169.jpg 300w, https:\/\/elmundodelosnegocios.com.do\/v1\/wp-content\/uploads\/2023\/06\/El-subdirector-de-Aduanas-Johannes-Kelner-durante-su-exposicion-en-SIL-Barcelona.-768x432.jpg 768w, https:\/\/elmundodelosnegocios.com.do\/v1\/wp-content\/uploads\/2023\/06\/El-subdirector-de-Aduanas-Johannes-Kelner-durante-su-exposicion-en-SIL-Barcelona..jpg 1300w\" sizes=\"auto, (max-width: 1024px) 100vw, 1024px\" \/><figcaption class=\"wp-element-caption\">El subdirector de Aduanas, Johannes Kelner, durante su exposici\u00f3n en SIL Barcelona.<\/figcaption><\/figure>\n<\/div>\n\n\n<p>Esto durante el&nbsp;<strong>\u201cSIL Barcelona 2023\u201d,<\/strong>&nbsp;la feria log\u00edstica m\u00e1s importante del sur de Europa, donde,&nbsp;<strong>por primera vez, una misi\u00f3n p\u00fablico-privada, participa en nombre del pa\u00eds buscando atraer inversiones en log\u00edstica.&nbsp;<\/strong><\/p>\n\n\n\n<p><strong>El subdirector de Aduanas, Johannes Kelner<\/strong>, expuso en el evento, que congrega a m\u00e1s de 650 empresas log\u00edsticas, las condiciones que han hecho de la Rep\u00fablica Dominicana el&nbsp;<strong>pa\u00eds con mayor crecimiento econ\u00f3mico de la regi\u00f3n<\/strong>, como lo muestra el aumento de un 27 % en el 2022 de la inversi\u00f3n extranjera directa, con respecto a 2021.&nbsp;<\/p>\n\n\n\n<p>En tanto que, en representaci\u00f3n del sector privado dominicano particip\u00f3&nbsp;<strong>el empresario Guillermo Alba<\/strong>, de la Asociaci\u00f3n Dominicana de Centros y Operadores Log\u00edsticos (ASOLOGIC), quien abord\u00f3 el tema de<strong>&nbsp;la distribuci\u00f3n estrat\u00e9gica de mercanc\u00edas a nivel internacional.&nbsp;<\/strong><\/p>\n\n\n\n<p>Ambos se reunieron con la&nbsp;<strong>Foment de Treval Nacional en Barcelona, la asociaci\u00f3n de empresas m\u00e1s importante de Espa\u00f1a<\/strong>, con m\u00e1s de 230,000 empresas asociadas, de 900 asociaciones y gremios y 77 organizaciones sectoriales, un aliado clave para desarrollar actividades de negocios.<\/p>\n\n\n\n<p>Con Foment Treval se trataron&nbsp;<strong>temas de cooperaci\u00f3n&nbsp;<\/strong>para el fomento de la inversi\u00f3n, actividades de negocios y el crecimiento del sector log\u00edstico.<\/p>\n\n\n\n<figure class=\"wp-block-image\"><img decoding=\"async\" src=\"https:\/\/presidencia.gob.do\/sites\/default\/files\/inline-images\/Foto%201%20Funcionarios%20de%20la%20DGA%2C%20empresarios%20del%20sector%20privado%20y%20miembros%20de%20Asologic%20junto%20al%20embajador%20dominicano%20en%20el%20Reino%20de%20Espa%C3%B1a%2C%20Juan%20Bol%C3%ADvar%20Diaz..jpg\" alt=\"\"\/><\/figure>\n\n\n\n<p>La participaci\u00f3n de la Rep\u00fablica Dominicana, en el primer d\u00eda de la feria, cont\u00f3 tambi\u00e9n, con la presencia del embajador dominicano en el Reino de Espa\u00f1a,&nbsp;<strong>Juan Bol\u00edvar D\u00edaz, y otros miembros del cuerpo diplom\u00e1tico.<\/strong><\/p>\n\n\n\n<p>La presencia de la DGA junto con el sector privado y los miembros de ASOLOGIC en el evento es un&nbsp;<strong>esfuerzo unificado<\/strong>&nbsp;para promover el pa\u00eds en el exterior como un&nbsp;<strong>hub log\u00edstico de clase mundial.<\/strong><\/p>\n\n\n\n<p><strong>Sobre el evento<\/strong><\/p>\n\n\n\n<p>En SIL Barcelona participan m\u00e1s de 6,000 personas y lleva 25 a\u00f1os realiz\u00e1ndose.<\/p>\n\n\n\n<p><strong>En el marco del SIL 2023, sumando sinergias con el SIL KNOWLEDGE, se llevan a cabo 4 grandes congresos internacionales<\/strong>&nbsp;que re\u00fanen a los expertos m\u00e1s destacados en log\u00edstica: El 39 Congreso ALACAT, la 18.\u00aa European Conference &amp; European Research Seminar del CSCMP, la 19.\u00aa MedaLogistics Week y la 26.\u00aa edici\u00f3n de EUROLOG.<\/p>\n\n\n\n<p>Se est\u00e1 realizando del 7 al 9 de junio en el Recinto de Montju\u00efc &#8211; Plaza Espa\u00f1a de Fira de Barcelona.<\/p>\n","protected":false},"excerpt":{"rendered":"<p>Barcelona, Espa\u00f1a. &#8211; La&nbsp;Direcci\u00f3n General de Aduanas (DGA) y empresarios del sector privado,&nbsp;junto con miembros de la Asociaci\u00f3n Dominicana de Centros y Operadores Log\u00edsticos&nbsp;(ASOLOGIC),&nbsp;presentaron ante empresarios europeos del&nbsp;sector log\u00edstico, las&hellip; <\/p>\n","protected":false},"author":2,"featured_media":28690,"comment_status":"closed","ping_status":"closed","sticky":false,"template":"","format":"standard","meta":{"fifu_image_url":"","fifu_image_alt":"","footnotes":""},"categories":[178],"tags":[],"class_list":["post-28689","post","type-post","status-publish","format-standard","has-post-thumbnail","hentry","category-aduana"],"_links":{"self":[{"href":"https:\/\/elmundodelosnegocios.com.do\/v1\/wp-json\/wp\/v2\/posts\/28689","targetHints":{"allow":["GET"]}}],"collection":[{"href":"https:\/\/elmundodelosnegocios.com.do\/v1\/wp-json\/wp\/v2\/posts"}],"about":[{"href":"https:\/\/elmundodelosnegocios.com.do\/v1\/wp-json\/wp\/v2\/types\/post"}],"author":[{"embeddable":true,"href":"https:\/\/elmundodelosnegocios.com.do\/v1\/wp-json\/wp\/v2\/users\/2"}],"replies":[{"embeddable":true,"href":"https:\/\/elmundodelosnegocios.com.do\/v1\/wp-json\/wp\/v2\/comments?post=28689"}],"version-history":[{"count":0,"href":"https:\/\/elmundodelosnegocios.com.do\/v1\/wp-json\/wp\/v2\/posts\/28689\/revisions"}],"wp:featuredmedia":[{"embeddable":true,"href":"https:\/\/elmundodelosnegocios.com.do\/v1\/wp-json\/wp\/v2\/media\/28690"}],"wp:attachment":[{"href":"https:\/\/elmundodelosnegocios.com.do\/v1\/wp-json\/wp\/v2\/media?parent=28689"}],"wp:term":[{"taxonomy":"category","embeddable":true,"href":"https:\/\/elmundodelosnegocios.com.do\/v1\/wp-json\/wp\/v2\/categories?post=28689"},{"taxonomy":"post_tag","embeddable":true,"href":"https:\/\/elmundodelosnegocios.com.do\/v1\/wp-json\/wp\/v2\/tags?post=28689"}],"curies":[{"name":"wp","href":"https:\/\/api.w.org\/{rel}","templated":true}]}}