{"id":28750,"date":"2023-06-13T16:55:03","date_gmt":"2023-06-13T21:25:03","guid":{"rendered":"https:\/\/elmundodelosnegocios.com.do\/v1\/?p=28750"},"modified":"2023-06-13T16:55:06","modified_gmt":"2023-06-13T21:25:06","slug":"ministro-de-turismo-inicia-recorrido-por-europa-para-atraer-mas-turistas-desde-el-viejo-continente","status":"publish","type":"post","link":"https:\/\/elmundodelosnegocios.com.do\/v1\/ministro-de-turismo-inicia-recorrido-por-europa-para-atraer-mas-turistas-desde-el-viejo-continente\/","title":{"rendered":"Ministro de Turismo inicia recorrido por Europa para atraer m\u00e1s turistas desde el viejo continente"},"content":{"rendered":"\n<p>Frankfurt, Alemania. &#8211;&nbsp;<strong>El ministro de Turismo, David Collado<\/strong>, inici\u00f3 aqu\u00ed un viaje de&nbsp;<strong>promoci\u00f3n tur\u00edstica<\/strong>&nbsp;de Rep\u00fablica Dominicana que incluye&nbsp;<strong>Alemania, Reino Unido e Italia,<\/strong>&nbsp;para garantizar que los europeos sigan prefiriendo ese pa\u00eds caribe\u00f1o como su&nbsp;<strong>destino favorito de larga distancia.<\/strong><\/p>\n\n\n<div class=\"wp-block-image\">\n<figure class=\"aligncenter size-large\"><img loading=\"lazy\" decoding=\"async\" width=\"1024\" height=\"576\" src=\"https:\/\/elmundodelosnegocios.com.do\/v1\/wp-content\/uploads\/2023\/06\/DSC1247-1024x576.jpg\" alt=\"\" class=\"wp-image-28751\" srcset=\"https:\/\/elmundodelosnegocios.com.do\/v1\/wp-content\/uploads\/2023\/06\/DSC1247-1024x576.jpg 1024w, https:\/\/elmundodelosnegocios.com.do\/v1\/wp-content\/uploads\/2023\/06\/DSC1247-300x169.jpg 300w, https:\/\/elmundodelosnegocios.com.do\/v1\/wp-content\/uploads\/2023\/06\/DSC1247-768x432.jpg 768w, https:\/\/elmundodelosnegocios.com.do\/v1\/wp-content\/uploads\/2023\/06\/DSC1247.jpg 1300w\" sizes=\"auto, (max-width: 1024px) 100vw, 1024px\" \/><\/figure>\n<\/div>\n\n\n<p>Este recorrido tiene como objetivo consolidar el&nbsp;<strong>posicionamiento de Rep\u00fablica Dominicana en esos mercados emisores y hacer nuevas alianzas<\/strong>&nbsp;que se traduzcan en la llegada de m\u00e1s turistas a Quisqueya.<\/p>\n\n\n\n<p>En el marco de este recorrido de promoci\u00f3n por Europa, el ministro Collado realiz\u00f3 en Frankfurt el&nbsp;<strong>primer Roadshow con turoperadores, l\u00edneas a\u00e9reas y agencias de viajes<\/strong>&nbsp;del mercado alem\u00e1n para garantizar que m\u00e1s visitantes europeos sigan eligiendo a Rep\u00fablica Dominicana.<\/p>\n\n\n\n<p><em>\u201cEuropa es un mercado vital para Rep\u00fablica Dominicana y desde el Ministerio de Turismo estaremos haciendo todas las gestiones de lugar para lograr que m\u00e1s turistas alemanes, italianos y brit\u00e1nicos escojan nuestro pa\u00eds como su destino favorito de larga distancia\u00bb<\/em>, explic\u00f3 Collado.&nbsp;<\/p>\n\n\n\n<p>El ministro destac\u00f3 que Rep\u00fablica Dominicana ha sido el<strong>&nbsp;pa\u00eds l\u00edder en la recuperaci\u00f3n de turistas<\/strong>, lo cual ha sido reconocido por la Organizaci\u00f3n Mundial de Turismo&nbsp;<strong>(OMT)<\/strong>.<\/p>\n\n\n\n<p>Atribuy\u00f3 el \u00e9xito de la recuperaci\u00f3n del turismo al&nbsp;<strong>trabajo mancomunado de los sectores p\u00fablico y privado<\/strong>, liderado por el Gabinete de Turismo.&nbsp;<\/p>\n\n\n\n<p><em>\u201cEl contexto mundial ha hecho que para los europeos sea m\u00e1s dif\u00edcil hacer viajes largos y de larga estancia, pero estamos aqu\u00ed para, con humildad, seguir trabajando de la mano de los principales turoperadores, agencias de viajes, l\u00edneas a\u00e9reas, que permitan establecer condiciones favorables para que los europeos tengan f\u00e1cil acceso a pasar las mejores vacaciones en Rep\u00fablica Dominicana\u201d<\/em>, agreg\u00f3 Collado.<\/p>\n\n\n\n<p>El funcionario detall\u00f3, en una presentaci\u00f3n compartida con la&nbsp;<strong>viceministra Jaqueline Mora<\/strong>, que&nbsp;<strong>m\u00e1s de 4 millones y medio de personas visitaron Rep\u00fablica Dominicana en los primeros cinco meses del a\u00f1o<\/strong>, una cifra nunca vista en la historia del turismo dominicano, lo que que los hace proyectar la posibilidad de sobrepasar, por primera vez en la historia,&nbsp;<strong>la barrera de los 9 millones de visitantes y posiblemente tambi\u00e9n la de los 10 millones hacia final del 2023.<\/strong><\/p>\n\n\n\n<p>Seg\u00fan las cifras presentadas por Collado y Mora,&nbsp;<strong>el turismo dominicano sigue en ascenso<\/strong>, con un crecimiento total de m\u00e1s de un&nbsp;<strong>20 %<\/strong>&nbsp;en 2023 y con una&nbsp;<strong>alta satisfacci\u00f3n por parte de los turistas que llegan al pa\u00eds caribe\u00f1o.<\/strong><\/p>\n\n\n\n<p>Collado agotar\u00e1 una agenda donde, adem\u00e1s de hacer presentaciones del destino Rep\u00fablica Dominicana a cientos de turoperadores y agencias de viajes en dichos pa\u00edses, tendr\u00e1&nbsp;<strong>reuniones puntuales de trabajo<\/strong>&nbsp;con los principales promotores de viajes, l\u00edneas a\u00e9reas y otros actores importantes del sector tur\u00edstico de dicho continente.<\/p>\n","protected":false},"excerpt":{"rendered":"<p>Frankfurt, Alemania. &#8211;&nbsp;El ministro de Turismo, David Collado, inici\u00f3 aqu\u00ed un viaje de&nbsp;promoci\u00f3n tur\u00edstica&nbsp;de Rep\u00fablica Dominicana que incluye&nbsp;Alemania, Reino Unido e Italia,&nbsp;para garantizar que los europeos sigan prefiriendo ese pa\u00eds&hellip; <\/p>\n","protected":false},"author":2,"featured_media":28751,"comment_status":"closed","ping_status":"closed","sticky":false,"template":"","format":"standard","meta":{"fifu_image_url":"","fifu_image_alt":"","footnotes":""},"categories":[172],"tags":[],"class_list":["post-28750","post","type-post","status-publish","format-standard","has-post-thumbnail","hentry","category-turismo"],"_links":{"self":[{"href":"https:\/\/elmundodelosnegocios.com.do\/v1\/wp-json\/wp\/v2\/posts\/28750","targetHints":{"allow":["GET"]}}],"collection":[{"href":"https:\/\/elmundodelosnegocios.com.do\/v1\/wp-json\/wp\/v2\/posts"}],"about":[{"href":"https:\/\/elmundodelosnegocios.com.do\/v1\/wp-json\/wp\/v2\/types\/post"}],"author":[{"embeddable":true,"href":"https:\/\/elmundodelosnegocios.com.do\/v1\/wp-json\/wp\/v2\/users\/2"}],"replies":[{"embeddable":true,"href":"https:\/\/elmundodelosnegocios.com.do\/v1\/wp-json\/wp\/v2\/comments?post=28750"}],"version-history":[{"count":0,"href":"https:\/\/elmundodelosnegocios.com.do\/v1\/wp-json\/wp\/v2\/posts\/28750\/revisions"}],"wp:featuredmedia":[{"embeddable":true,"href":"https:\/\/elmundodelosnegocios.com.do\/v1\/wp-json\/wp\/v2\/media\/28751"}],"wp:attachment":[{"href":"https:\/\/elmundodelosnegocios.com.do\/v1\/wp-json\/wp\/v2\/media?parent=28750"}],"wp:term":[{"taxonomy":"category","embeddable":true,"href":"https:\/\/elmundodelosnegocios.com.do\/v1\/wp-json\/wp\/v2\/categories?post=28750"},{"taxonomy":"post_tag","embeddable":true,"href":"https:\/\/elmundodelosnegocios.com.do\/v1\/wp-json\/wp\/v2\/tags?post=28750"}],"curies":[{"name":"wp","href":"https:\/\/api.w.org\/{rel}","templated":true}]}}