{"id":28761,"date":"2023-06-13T18:26:20","date_gmt":"2023-06-13T22:56:20","guid":{"rendered":"https:\/\/elmundodelosnegocios.com.do\/v1\/?p=28761"},"modified":"2023-06-13T18:26:25","modified_gmt":"2023-06-13T22:56:25","slug":"vicepresidenta-micm-y-universidades-presentan-resultados-programa-universidad-industria","status":"publish","type":"post","link":"https:\/\/elmundodelosnegocios.com.do\/v1\/vicepresidenta-micm-y-universidades-presentan-resultados-programa-universidad-industria\/","title":{"rendered":"Vicepresidenta, MICM y universidades presentan resultados programa Universidad + Industria"},"content":{"rendered":"\n<p><em>En el acto lo encabez\u00f3 la vicepresidenta Raquel Pe\u00f1a, el ministro V\u00edctor Ito Bison\u00f3 en el Palacio Nacional, se convoc\u00f3 adem\u00e1s el quinto programa \u201cDise\u00f1a con la Industria\u201d.<\/em><\/p>\n\n\n\n<p>SANTO DOMINGO.- El ministerio de Industria, Comercio y Mipymes (MICM), la vicepresidencia de la Rep\u00fablica y seis universidades del pa\u00eds, presentaron los resultados de las primeras siete convocatorias del programa \u201cUniversidad + Industria\u201d, que tiene por objetivo lograr que las industrias conozcan la calidad formativa de las academias de estudios superiores y los talentos de las nuevas generaciones.<\/p>\n\n\n\n<figure class=\"wp-block-image\"><img decoding=\"async\" src=\"https:\/\/micm.gob.do\/images\/noticias\/2023\/06-junio\/Vicepresidenta_MICM_y_universidades_presentan_resultados_02.jpeg\" alt=\"\"\/><figcaption class=\"wp-element-caption\">.<\/figcaption><\/figure>\n\n\n\n<p>En el acto de presentaci\u00f3n que encabez\u00f3 la vicepresidenta, Raquel Pe\u00f1a y el ministro V\u00edctor Ito Bison\u00f3, y Juan Jos\u00e9 Att\u00edas, vicepresidente de la Asociaci\u00f3n de Industrias de Rep\u00fablica Dominicana (AIRD), se anunci\u00f3 la quinta convocatoria del programa \u201cDise\u00f1a con la Industria\u201d.<\/p>\n\n\n\n<p>El programa se realiza con la colaboraci\u00f3n de las universidades Aut\u00f3noma de Santo Domingo (UASD), Pontificia Universidad Cat\u00f3lica Madre y Maestra (PUCMM), Nacional Pedro Henr\u00edquez Ure\u00f1a (UNPHU), Universidad APEC (UNAPEC), Central del Este (UCE), y la Cat\u00f3lica Nordestana (UCNE).<\/p>\n\n\n\n<p>La vicepresidenta Raquel Pe\u00f1a en su intervenci\u00f3n en el acto, observ\u00f3 que le es grato apreciar tan buenos frutos del proyecto \u201cUniversidad + Industria\u201d, que inici\u00f3 como un programa piloto y cuyo car\u00e1cter experimental en el comienzo, fue en respuesta a la importancia que sabemos que tiene la investigaci\u00f3n para el desarrollo de un pa\u00eds.<\/p>\n\n\n\n<p>\u201cMe enorgullece ver a industrias locales y a estudiantes trabajando de la mano y benefici\u00e1ndose mutuamente. Sin lugar a duda, es una confluencia entre el aprendizaje y el ejercicio que aporta al crecimiento profesional de ustedes, universitarios, de los industriales y, por supuesto, del pa\u00eds\u201d, precis\u00f3.<\/p>\n\n\n\n<figure class=\"wp-block-image\"><img decoding=\"async\" src=\"https:\/\/micm.gob.do\/images\/noticias\/2023\/06-junio\/Vicepresidenta_MICM_y_universidades_presentan_resultados_03.jpeg\" alt=\"\"\/><figcaption class=\"wp-element-caption\">.<\/figcaption><\/figure>\n\n\n\n<p>Resalt\u00f3 la vicepresidenta Raquel Pe\u00f1a que \u201cjunto a nuestro presidente Luis Abinader estamos trabajando por la juventud, conscientes de que, apoyando sus inventivas y proporcion\u00e1ndoles herramientas para continuar moviliz\u00e1ndose, elevamos y fortalecemos la estructura pa\u00eds en la que trabajamos con responsabilidad y pasi\u00f3n todos los d\u00edas\u201d.<\/p>\n\n\n\n<p>En su intervenci\u00f3n, el ministro Ito Bison\u00f3 explic\u00f3 que a trav\u00e9s del programa \u201cUniversidad + Industria\u201d, los estudiantes universitarios obtienen su primera experiencia laboral en una empresa de manufactura local, trabajan tres meses y el estudiante, profesor y la industria identifican una problem\u00e1tica, la que analizan y proponen una soluci\u00f3n.<\/p>\n\n\n\n<p>\u201cCon el apoyo de las universidades, las industrias y del Estado tenemos el compromiso de preparar profesionales con competencias y aptitudes que les permitan adaptarse a una realidad que cambia todos los d\u00edas\u201d, manifest\u00f3.<\/p>\n\n\n\n<p>Expres\u00f3 que la idea es que las industrias conozcan la calidad formativa de las universidades del pa\u00eds, el talento de las nuevas generaciones, y el valor agregado que puedan aportar al sector productivo nacional.<\/p>\n\n\n\n<p>Se\u00f1al\u00f3 que el papel del MICM es servir de canal entre la academia y la industria, para que las universidades conozcan al sector industrial de su pa\u00eds, que enfoquen y orienten las competencias de los estudiantes como futuro del ma\u00f1ana para dar respuesta a las necesidades reales de las industrias.<\/p>\n\n\n\n<p>Subray\u00f3 Bison\u00f3 que el MICM est\u00e1 comprometidos con fomentar el desarrollo del pa\u00eds, promoviendo, fomentando y vinculando estrategias bajo el modelo triple h\u00e9lice, Estado-universidad-industria.<\/p>\n\n\n\n<p>En acto se presentaron videos realizados con resultados del programa, testimonios de estudiantes, experiencias en las empresas, experiencias desde la perspectiva de la industria, y al concluir la actividad, se exhibieron los trabajos del programa \u201cDise\u00f1a con la Industria\u201d, de los j\u00f3venes estudiantes del INTEC.<\/p>\n\n\n\n<p>El ministro Bison\u00f3 y la vicepresidenta elogiaron la labor del viceministerio de Desarrollo Industrial del MICM, que encabeza Fantino Polanco, por trabajar y contribuir yendo al desarrollo de la industria, abriendo oportunidades a estudiantes para aplicar los conocimientos te\u00f3ricos adquiridos en la universidad, y obteniendo las competencias necesarias para su ejercicio profesional.<\/p>\n\n\n\n<p>\u201cExhortamos, no s\u00f3lo a los 100 j\u00f3venes que se encuentran aqu\u00ed en este sal\u00f3n, sino a todos los j\u00f3venes dominicanos, a seguir prepar\u00e1ndose para que se inserten con \u00e9xito al mercado laboral nacional y global, luchen y trabajen por sus sue\u00f1os y la educaci\u00f3n\u201d, subray\u00f3.<\/p>\n\n\n\n<p>El titular del MICM explic\u00f3 que el \u00faltima convocatoria 14 estudiantes de t\u00e9rmino de la carrera de dise\u00f1o industrial desarrollaron dise\u00f1os de productos en nueve industrias de manufactura local de actividades econ\u00f3micas como fabricaci\u00f3n de pinturas y recubrimientos arquitect\u00f3nico e industriales; fabricaci\u00f3n de productos de acero; producci\u00f3n de empaques flexibles a nivel nacional e internacional.<\/p>\n\n\n\n<p>Este programa piloto se inici\u00f3 ante el llamado de la vicepresidenta Raquel Pe\u00f1a en su inter\u00e9s de fortalecer la alianza entre Estado-industria-academia, y hoy se ha convertido en un programa de impacto nacional.<\/p>\n\n\n\n<p>En el proyecto han participado 100 estudiantes universitarios y 50 industrias, y se han presentado 42 resultados durante cuatro convocatorias y 59 dise\u00f1os industriales elaborados por estudiantes de INTEC.<\/p>\n","protected":false},"excerpt":{"rendered":"<p>En el acto lo encabez\u00f3 la vicepresidenta Raquel Pe\u00f1a, el ministro V\u00edctor Ito Bison\u00f3 en el Palacio Nacional, se convoc\u00f3 adem\u00e1s el quinto programa \u201cDise\u00f1a con la Industria\u201d. SANTO DOMINGO.-&hellip; <\/p>\n","protected":false},"author":2,"featured_media":28762,"comment_status":"closed","ping_status":"closed","sticky":false,"template":"","format":"standard","meta":{"fifu_image_url":"","fifu_image_alt":"","footnotes":""},"categories":[154],"tags":[],"class_list":["post-28761","post","type-post","status-publish","format-standard","has-post-thumbnail","hentry","category-industria"],"_links":{"self":[{"href":"https:\/\/elmundodelosnegocios.com.do\/v1\/wp-json\/wp\/v2\/posts\/28761","targetHints":{"allow":["GET"]}}],"collection":[{"href":"https:\/\/elmundodelosnegocios.com.do\/v1\/wp-json\/wp\/v2\/posts"}],"about":[{"href":"https:\/\/elmundodelosnegocios.com.do\/v1\/wp-json\/wp\/v2\/types\/post"}],"author":[{"embeddable":true,"href":"https:\/\/elmundodelosnegocios.com.do\/v1\/wp-json\/wp\/v2\/users\/2"}],"replies":[{"embeddable":true,"href":"https:\/\/elmundodelosnegocios.com.do\/v1\/wp-json\/wp\/v2\/comments?post=28761"}],"version-history":[{"count":0,"href":"https:\/\/elmundodelosnegocios.com.do\/v1\/wp-json\/wp\/v2\/posts\/28761\/revisions"}],"wp:featuredmedia":[{"embeddable":true,"href":"https:\/\/elmundodelosnegocios.com.do\/v1\/wp-json\/wp\/v2\/media\/28762"}],"wp:attachment":[{"href":"https:\/\/elmundodelosnegocios.com.do\/v1\/wp-json\/wp\/v2\/media?parent=28761"}],"wp:term":[{"taxonomy":"category","embeddable":true,"href":"https:\/\/elmundodelosnegocios.com.do\/v1\/wp-json\/wp\/v2\/categories?post=28761"},{"taxonomy":"post_tag","embeddable":true,"href":"https:\/\/elmundodelosnegocios.com.do\/v1\/wp-json\/wp\/v2\/tags?post=28761"}],"curies":[{"name":"wp","href":"https:\/\/api.w.org\/{rel}","templated":true}]}}