{"id":28828,"date":"2023-06-17T11:58:09","date_gmt":"2023-06-17T16:28:09","guid":{"rendered":"https:\/\/elmundodelosnegocios.com.do\/v1\/?p=28828"},"modified":"2023-06-18T13:50:29","modified_gmt":"2023-06-18T18:20:29","slug":"primer-congreso-nacional-de-industrias-creativas-rd-naranja-inicia-con-gran-aceptacion-de-emprendedores-y-publico-en-general","status":"publish","type":"post","link":"https:\/\/elmundodelosnegocios.com.do\/v1\/primer-congreso-nacional-de-industrias-creativas-rd-naranja-inicia-con-gran-aceptacion-de-emprendedores-y-publico-en-general\/","title":{"rendered":"Primer Congreso Nacional de Industrias Creativas RD Naranja inicia con gran aceptaci\u00f3n de emprendedores y p\u00fablico en general"},"content":{"rendered":"\n<p>Santo Domingo.- Cientos de&nbsp;<strong>personas vinculadas al mundo de los negocios y el emprendimiento, as\u00ed como p\u00fablico en general<\/strong>, se han dado cita para aprovechar las interesantes&nbsp;<strong>charlas y paneles&nbsp;<\/strong>que se est\u00e1n desarrollando desde el viernes 16 hasta el domingo 18 de junio en el&nbsp;<strong>Primer Congreso Nacional de Industrias Creativas RD Naranja.<\/strong><\/p>\n\n\n<div class=\"wp-block-image\">\n<figure class=\"aligncenter size-large\"><img loading=\"lazy\" decoding=\"async\" width=\"1024\" height=\"576\" src=\"https:\/\/elmundodelosnegocios.com.do\/v1\/wp-content\/uploads\/2023\/06\/1a45d08d-2f7c-4bd1-83d3-f412255490c8-1024x576.jpeg\" alt=\"\" class=\"wp-image-28829\" srcset=\"https:\/\/elmundodelosnegocios.com.do\/v1\/wp-content\/uploads\/2023\/06\/1a45d08d-2f7c-4bd1-83d3-f412255490c8-1024x576.jpeg 1024w, https:\/\/elmundodelosnegocios.com.do\/v1\/wp-content\/uploads\/2023\/06\/1a45d08d-2f7c-4bd1-83d3-f412255490c8-300x169.jpeg 300w, https:\/\/elmundodelosnegocios.com.do\/v1\/wp-content\/uploads\/2023\/06\/1a45d08d-2f7c-4bd1-83d3-f412255490c8-768x432.jpeg 768w, https:\/\/elmundodelosnegocios.com.do\/v1\/wp-content\/uploads\/2023\/06\/1a45d08d-2f7c-4bd1-83d3-f412255490c8.jpeg 1300w\" sizes=\"auto, (max-width: 1024px) 100vw, 1024px\" \/><\/figure>\n<\/div>\n\n\n<p>El evento se celebra en la Cinemateca Dominicana y sus inmediaciones, en la Plaza de la Cultura Juan Pablo Duarte, y tiene como objetivo dotar a los participantes de las&nbsp;<strong>herramientas necesarias para que puedan emprender y hacer de su creatividad un negocio rentable.<\/strong><\/p>\n\n\n\n<p>La primera charla, titulada \u201c<strong>Haz m\u00e1s dinero con tu talento creativo\u201d,<\/strong>&nbsp;estuvo impartida por&nbsp;<strong>Pamela Pichardo, por parte del Banco Popular Dominicano<\/strong>&nbsp;y en la misma, decenas de personas aprovecharon los consejos ofrecidos sobre el buen&nbsp;<strong>manejo en materia financiera.<\/strong><\/p>\n\n\n\n<p>Otra interesante disertaci\u00f3n que tuvo lugar este viernes fue&nbsp;<strong>\u201cPonte en precio\u201d, a cargo de The Money Coach<\/strong>, ideal para emprendedores que quieren poner un&nbsp;<strong>valor justo a su trabajo.<\/strong><\/p>\n\n\n\n<p>Asimismo, se desarroll\u00f3 el panel&nbsp;<strong>\u201cMecenazgo: encontrando la media naranja de tu proyecto\u201d,<\/strong>&nbsp;moderado por&nbsp;<strong>Henry Mercedes<\/strong>, director general de Mecenazgo. Este acto tuvo la finalidad de compartir con el p\u00fablico la experiencia de la&nbsp;<strong>Fundaci\u00f3n Sinfon\u00eda y el Centro Mirador<\/strong>&nbsp;como modelo de gesti\u00f3n cultural con apoyo del sector privado.<\/p>\n\n\n\n<p>La agenda de actividades tambi\u00e9n incluy\u00f3, entre otras, los paneles \u201c<strong>El arte de vivir del arte\u201d<\/strong>, sobre el valor econ\u00f3mico de la cultura, y&nbsp;<strong>\u201cDe nuestros fogones para el mundo\u201d,<\/strong>&nbsp;acerca de la gastronom\u00eda dominicana\u201d.<\/p>\n\n\n\n<p>De igual modo, los presentes disfrutaron de un&nbsp;<strong>entrem\u00e9s art\u00edstico<\/strong>&nbsp;a cargo del&nbsp;<strong>Ensamble Jazz Contempor\u00e1neo y de la Feria Nacional de Artesan\u00eda<\/strong>, que tambi\u00e9n tiene su espacio en el recinto ubicado en el coraz\u00f3n de la avenida M\u00e1ximo G\u00f3mez.<\/p>\n\n\n\n<p>Este magno evento est\u00e1 organizado por el&nbsp;<strong>Ministerio de Cultura<\/strong>, con el coauspicio del&nbsp;<strong>Ministerio de Industria, Comercio y Mipymes<\/strong>&nbsp;(MICM), y cuenta con el apoyo del&nbsp;<strong>Banco Popular, Propagas, Black &amp; Decker y la Cinemateca Dominicana.<\/strong><\/p>\n\n\n\n<p>El Primer Congreso Nacional de Industrias Creativas RD Naranja es un valioso proyecto que surge en respuesta a la necesidad de los&nbsp;<strong>creativos<\/strong>&nbsp;<strong>dominicanos que buscan sacar mejor provecho a su trabajo<\/strong>, as\u00ed como del p\u00fablico en general interesado en conocer, conectar y entender mejor las industrias creativas.<\/p>\n\n\n\n<p>El programa de actividades continuar\u00e1 este s\u00e1bado 17, d\u00eda de&nbsp;<strong>\u201cInnovaci\u00f3n y Creatividad\u201d<\/strong>, con atractivas propuestas, como la que ofrecer\u00e1&nbsp;<strong>Mr. Pich\u00f3n<\/strong>&nbsp;con la charla&nbsp;<strong>\u201cAlgoritmo naranja\u201d<\/strong>&nbsp;y el panel&nbsp;<strong>\u201cLevel up: tomando el control\u201d<\/strong>, en el cual se abordar\u00e1n temas relacionados con los videojuegos en la Rep\u00fablica Dominicana.&nbsp;<\/p>\n\n\n\n<p>Adem\u00e1s,&nbsp;<strong>Patricia Pe\u00f1a<\/strong>, en su disertaci\u00f3n&nbsp;<strong>\u201cDeja tu marca\u201d,<\/strong>&nbsp;ofrecer\u00e1 consejos para poder presentar adecuadamente un proyecto ante la industria creativa.<\/p>\n\n\n\n<p>La programaci\u00f3n completa de RD Naranja se encuentra disponible en el portal web del Ministerio de Cultura (www.cultura.gob.do).<\/p>\n","protected":false},"excerpt":{"rendered":"<p>Santo Domingo.- Cientos de&nbsp;personas vinculadas al mundo de los negocios y el emprendimiento, as\u00ed como p\u00fablico en general, se han dado cita para aprovechar las interesantes&nbsp;charlas y paneles&nbsp;que se est\u00e1n&hellip; <\/p>\n","protected":false},"author":2,"featured_media":28829,"comment_status":"closed","ping_status":"closed","sticky":false,"template":"","format":"standard","meta":{"fifu_image_url":"","fifu_image_alt":"","footnotes":""},"categories":[148],"tags":[],"class_list":["post-28828","post","type-post","status-publish","format-standard","has-post-thumbnail","hentry","category-cultura"],"_links":{"self":[{"href":"https:\/\/elmundodelosnegocios.com.do\/v1\/wp-json\/wp\/v2\/posts\/28828","targetHints":{"allow":["GET"]}}],"collection":[{"href":"https:\/\/elmundodelosnegocios.com.do\/v1\/wp-json\/wp\/v2\/posts"}],"about":[{"href":"https:\/\/elmundodelosnegocios.com.do\/v1\/wp-json\/wp\/v2\/types\/post"}],"author":[{"embeddable":true,"href":"https:\/\/elmundodelosnegocios.com.do\/v1\/wp-json\/wp\/v2\/users\/2"}],"replies":[{"embeddable":true,"href":"https:\/\/elmundodelosnegocios.com.do\/v1\/wp-json\/wp\/v2\/comments?post=28828"}],"version-history":[{"count":0,"href":"https:\/\/elmundodelosnegocios.com.do\/v1\/wp-json\/wp\/v2\/posts\/28828\/revisions"}],"wp:featuredmedia":[{"embeddable":true,"href":"https:\/\/elmundodelosnegocios.com.do\/v1\/wp-json\/wp\/v2\/media\/28829"}],"wp:attachment":[{"href":"https:\/\/elmundodelosnegocios.com.do\/v1\/wp-json\/wp\/v2\/media?parent=28828"}],"wp:term":[{"taxonomy":"category","embeddable":true,"href":"https:\/\/elmundodelosnegocios.com.do\/v1\/wp-json\/wp\/v2\/categories?post=28828"},{"taxonomy":"post_tag","embeddable":true,"href":"https:\/\/elmundodelosnegocios.com.do\/v1\/wp-json\/wp\/v2\/tags?post=28828"}],"curies":[{"name":"wp","href":"https:\/\/api.w.org\/{rel}","templated":true}]}}