{"id":28831,"date":"2023-06-17T12:01:15","date_gmt":"2023-06-17T16:31:15","guid":{"rendered":"https:\/\/elmundodelosnegocios.com.do\/v1\/?p=28831"},"modified":"2023-06-18T13:57:09","modified_gmt":"2023-06-18T18:27:09","slug":"sipen-participa-en-la-reunion-de-comites-de-iops-celebrada-en-paris-francia","status":"publish","type":"post","link":"https:\/\/elmundodelosnegocios.com.do\/v1\/sipen-participa-en-la-reunion-de-comites-de-iops-celebrada-en-paris-francia\/","title":{"rendered":"SIPEN participa en la reuni\u00f3n de Comit\u00e9s de IOPS celebrada en Par\u00eds, Francia"},"content":{"rendered":"\n<p>Santo Domingo. \u2013 La Superintendencia de Pensiones&nbsp;<strong>(SIPEN)<\/strong>&nbsp;particip\u00f3 en la&nbsp;<strong>Reuni\u00f3n de Comit\u00e9s de la Organizaci\u00f3n Internacional de Supervisores de Pensiones (IOPS<\/strong>&nbsp;por sus siglas en ingl\u00e9s), celebrada en Par\u00eds, Francia.&nbsp;<\/p>\n\n\n<div class=\"wp-block-image\">\n<figure class=\"aligncenter size-large\"><img loading=\"lazy\" decoding=\"async\" width=\"1024\" height=\"576\" src=\"https:\/\/elmundodelosnegocios.com.do\/v1\/wp-content\/uploads\/2023\/06\/BPD06231-scaled-e1686678632715-1024x576.jpg\" alt=\"\" class=\"wp-image-28832\" srcset=\"https:\/\/elmundodelosnegocios.com.do\/v1\/wp-content\/uploads\/2023\/06\/BPD06231-scaled-e1686678632715-1024x576.jpg 1024w, https:\/\/elmundodelosnegocios.com.do\/v1\/wp-content\/uploads\/2023\/06\/BPD06231-scaled-e1686678632715-300x169.jpg 300w, https:\/\/elmundodelosnegocios.com.do\/v1\/wp-content\/uploads\/2023\/06\/BPD06231-scaled-e1686678632715-768x432.jpg 768w, https:\/\/elmundodelosnegocios.com.do\/v1\/wp-content\/uploads\/2023\/06\/BPD06231-scaled-e1686678632715.jpg 1300w\" sizes=\"auto, (max-width: 1024px) 100vw, 1024px\" \/><\/figure>\n<\/div>\n\n\n<p>La Organizaci\u00f3n Internacional de Supervisores de Pensiones (IOPS) es un&nbsp;<strong>organismo internacional independiente<\/strong>&nbsp;que aglutina a las instituciones involucradas en la supervisi\u00f3n de los&nbsp;<strong>reg\u00edmenes de pensiones privados a nivel mundial.<\/strong>&nbsp;<\/p>\n\n\n\n<p>Del 12 al 14 de junio se llev\u00f3 a cabo una agenda extensa de actividades que incluy\u00f3&nbsp;<strong>seminarios, investigaciones, conferencias acad\u00e9micas, reuniones de comit\u00e9s y talleres de capacitaci\u00f3n<\/strong>&nbsp;en los que participaron los invitados, miembros delegados y observadores de la IOPS.<\/p>\n\n\n\n<p>Como parte de la agenda, el<strong>&nbsp;superintendente de Pensiones, Francisco A. Torres D\u00edaz,<\/strong>&nbsp;particip\u00f3 en la&nbsp;<strong>8<\/strong>\u00aa&nbsp;<strong>Conferencia de la Asociaci\u00f3n Internacional de Investigaci\u00f3n de Pensiones (IPRA),<\/strong>&nbsp;organizaci\u00f3n internacional establecida con el objetivo de mejorar la calidad y el impacto de la&nbsp;<strong>investigaci\u00f3n sobre las pensiones y los problemas relacionados con el envejecimiento<\/strong>&nbsp;para optimizar los resultados sociales y econ\u00f3micos.<\/p>\n\n\n\n<p>En las distintas sesiones de trabajo se abordaron los temas de gesti\u00f3n de los ingresos de jubilaci\u00f3n:&nbsp;<strong>educaci\u00f3n financiera, deterioro cognitivo y opciones de desacumulaci\u00f3n de riqueza para la jubilaci\u00f3n<\/strong>; los m\u00e9todos de prueba para mejorar la&nbsp;<strong>conciencia de la longevidad,<\/strong>&nbsp;y c\u00f3mo la&nbsp;<strong>pandemia<\/strong>&nbsp;alter\u00f3 la carga de la deuda y la preparaci\u00f3n para la jubilaci\u00f3n de los estadounidenses.<\/p>\n\n\n\n<p>Tambi\u00e9n se desarrollaron otros temas como la&nbsp;<strong>reforma de las pensiones y desigualdad de la riquezas<\/strong>, teor\u00edas y evidencias con una evaluaci\u00f3n de la reforma de las pensiones holandesas.<\/p>\n\n\n\n<p>Con la participaci\u00f3n de la SIPEN en estos encuentros internacionales, se reafirma el&nbsp;<strong>compromiso de resguardar los derechos previsionales de los afiliados<\/strong>, teniendo en cuenta los factores sociales y econ\u00f3micos que inciden en las condiciones para una&nbsp;<strong>jubilaci\u00f3n digna en la Rep\u00fablica Dominicana.<\/strong><\/p>\n","protected":false},"excerpt":{"rendered":"<p>Santo Domingo. \u2013 La Superintendencia de Pensiones&nbsp;(SIPEN)&nbsp;particip\u00f3 en la&nbsp;Reuni\u00f3n de Comit\u00e9s de la Organizaci\u00f3n Internacional de Supervisores de Pensiones (IOPS&nbsp;por sus siglas en ingl\u00e9s), celebrada en Par\u00eds, Francia.&nbsp; La Organizaci\u00f3n&hellip; <\/p>\n","protected":false},"author":2,"featured_media":28832,"comment_status":"closed","ping_status":"closed","sticky":false,"template":"","format":"standard","meta":{"fifu_image_url":"","fifu_image_alt":"","footnotes":""},"categories":[187],"tags":[],"class_list":["post-28831","post","type-post","status-publish","format-standard","has-post-thumbnail","hentry","category-pensiones"],"_links":{"self":[{"href":"https:\/\/elmundodelosnegocios.com.do\/v1\/wp-json\/wp\/v2\/posts\/28831","targetHints":{"allow":["GET"]}}],"collection":[{"href":"https:\/\/elmundodelosnegocios.com.do\/v1\/wp-json\/wp\/v2\/posts"}],"about":[{"href":"https:\/\/elmundodelosnegocios.com.do\/v1\/wp-json\/wp\/v2\/types\/post"}],"author":[{"embeddable":true,"href":"https:\/\/elmundodelosnegocios.com.do\/v1\/wp-json\/wp\/v2\/users\/2"}],"replies":[{"embeddable":true,"href":"https:\/\/elmundodelosnegocios.com.do\/v1\/wp-json\/wp\/v2\/comments?post=28831"}],"version-history":[{"count":0,"href":"https:\/\/elmundodelosnegocios.com.do\/v1\/wp-json\/wp\/v2\/posts\/28831\/revisions"}],"wp:featuredmedia":[{"embeddable":true,"href":"https:\/\/elmundodelosnegocios.com.do\/v1\/wp-json\/wp\/v2\/media\/28832"}],"wp:attachment":[{"href":"https:\/\/elmundodelosnegocios.com.do\/v1\/wp-json\/wp\/v2\/media?parent=28831"}],"wp:term":[{"taxonomy":"category","embeddable":true,"href":"https:\/\/elmundodelosnegocios.com.do\/v1\/wp-json\/wp\/v2\/categories?post=28831"},{"taxonomy":"post_tag","embeddable":true,"href":"https:\/\/elmundodelosnegocios.com.do\/v1\/wp-json\/wp\/v2\/tags?post=28831"}],"curies":[{"name":"wp","href":"https:\/\/api.w.org\/{rel}","templated":true}]}}