{"id":30393,"date":"2023-06-20T03:05:24","date_gmt":"2023-06-20T07:35:24","guid":{"rendered":"https:\/\/elmundodelosnegocios.com.do\/v1\/index.php\/2023\/06\/20\/peru-destino-ideal-para-sede-de-mega-eventos-y-turismo-de-reuniones\/"},"modified":"2023-06-20T03:05:24","modified_gmt":"2023-06-20T07:35:24","slug":"peru-destino-ideal-para-sede-de-mega-eventos-y-turismo-de-reuniones","status":"publish","type":"post","link":"https:\/\/elmundodelosnegocios.com.do\/v1\/peru-destino-ideal-para-sede-de-mega-eventos-y-turismo-de-reuniones\/","title":{"rendered":"Per\u00fa: destino ideal para sede de mega eventos y turismo de reuniones"},"content":{"rendered":"<p>LIMA, Peru&#8211;(BUSINESS WIRE)&#8211;Per\u00fa es un pa\u00eds que destaca por sus paisajes naturales, una historia monumental, una gastronom\u00eda inigualable y un mestizaje cultural que lo enriquece, elementos que lo convierten en un destino tur\u00edstico imprescindible para los turistas. Hoy su oferta va m\u00e1s all\u00e1 y representa tambi\u00e9n, un destino ideal para recibir grandes eventos y reuniones internacionales.<br \/>\nPROMPER\u00da inform\u00f3 que, actualmente el crecimiento econ\u00f3mico, la modernidad y la infraestructura de primera, que conviven con todo aquello que siempre han identificado al pa\u00eds y lo hacen \u00fanico, garantizan reuniones y viajes de negocios memorables.<br \/>\nLa atenci\u00f3n a los detalles que presenta Per\u00fa toma un rol protag\u00f3nico y se vuelven parte fundamental de su oferta para acompa\u00f1ar una experiencia enriquecedora. Adem\u00e1s, destaca su ubicaci\u00f3n geogr\u00e1fica privilegiada, lo cual facilita la conexi\u00f3n con todos los puntos clave de Am\u00e9rica, Europa y Asia-Pac\u00edfico.<br \/>\nEn los \u00faltimos a\u00f1os, la estrategia del pa\u00eds de desarrollar el segmento MICE o turismo de reuniones dentro del sector turismo, ha incentivado la inversi\u00f3n en hoteles en las principales ciudades del pa\u00eds, sobre todo de cadenas internacionales.<br \/>\nEs as\u00ed como Lima, capital del pa\u00eds; Arequipa; Cusco y Paracas (balneario) son ciudades id\u00f3neas y preparadas para ser las anfitrionas de congresos, reuniones y viajes de incentivos.<br \/>\nEn este contexto, la Confederaci\u00f3n Espa\u00f1ola de Agencias de Viajes (CEAV) eligi\u00f3 a la ciudad imperial de Cusco como sede de su pr\u00f3ximo consejo directivo. La actividad se realizar\u00e1 el martes 20 de junio y se enmarca en un viaje del 15 al 21 de junio que realizar\u00e1n 15 miembros del consejo de CEAV y dos representantes de Iberia, gracias a una invitaci\u00f3n de la Comisi\u00f3n de Promoci\u00f3n del Per\u00fa para la Exportaci\u00f3n y el Turismo (PROMPER\u00da).<br \/>\nLos visitantes mantendr\u00e1n un encuentro con empresarios peruanos con el objetivo de estrechar las relaciones y negocios entre ambos pa\u00edses, las actividades incluyen un recorrido por atractivos culturales de Lima y Cusco, y reconocimiento de la s\u00f3lida oferta para el segmento MICE.<br \/>\nEntre otros encuentros mundiales que se realizar\u00e1n en Per\u00fa pr\u00f3ximamente destacan el VIII World Forum on Energy Regulation (WFER), XXII Congreso de Negocios en la Era Digital (NED 2023), XV Simposium Internacional del Oro, Plata y Cobre y la Feria MINPRO.<br \/>\nPara m\u00e1s informaci\u00f3n https:\/\/meetings.peru.travel\/es Contacts<br \/>\neyanez@promperuext.pe<\/p>\n","protected":false},"excerpt":{"rendered":"<p>LIMA, Peru&#8211;(BUSINESS WIRE)&#8211;Per\u00fa es un pa\u00eds que destaca por sus paisajes naturales, una historia monumental, una gastronom\u00eda inigualable y un mestizaje cultural que lo enriquece, elementos que lo convierten en&hellip; <\/p>\n","protected":false},"author":2,"featured_media":30394,"comment_status":"closed","ping_status":"closed","sticky":false,"template":"","format":"standard","meta":{"fifu_image_url":"","fifu_image_alt":"","footnotes":""},"categories":[252],"tags":[253],"class_list":["post-30393","post","type-post","status-publish","format-standard","has-post-thumbnail","hentry","category-business-wire","tag-business-wire"],"_links":{"self":[{"href":"https:\/\/elmundodelosnegocios.com.do\/v1\/wp-json\/wp\/v2\/posts\/30393","targetHints":{"allow":["GET"]}}],"collection":[{"href":"https:\/\/elmundodelosnegocios.com.do\/v1\/wp-json\/wp\/v2\/posts"}],"about":[{"href":"https:\/\/elmundodelosnegocios.com.do\/v1\/wp-json\/wp\/v2\/types\/post"}],"author":[{"embeddable":true,"href":"https:\/\/elmundodelosnegocios.com.do\/v1\/wp-json\/wp\/v2\/users\/2"}],"replies":[{"embeddable":true,"href":"https:\/\/elmundodelosnegocios.com.do\/v1\/wp-json\/wp\/v2\/comments?post=30393"}],"version-history":[{"count":0,"href":"https:\/\/elmundodelosnegocios.com.do\/v1\/wp-json\/wp\/v2\/posts\/30393\/revisions"}],"wp:featuredmedia":[{"embeddable":true,"href":"https:\/\/elmundodelosnegocios.com.do\/v1\/wp-json\/wp\/v2\/media\/30394"}],"wp:attachment":[{"href":"https:\/\/elmundodelosnegocios.com.do\/v1\/wp-json\/wp\/v2\/media?parent=30393"}],"wp:term":[{"taxonomy":"category","embeddable":true,"href":"https:\/\/elmundodelosnegocios.com.do\/v1\/wp-json\/wp\/v2\/categories?post=30393"},{"taxonomy":"post_tag","embeddable":true,"href":"https:\/\/elmundodelosnegocios.com.do\/v1\/wp-json\/wp\/v2\/tags?post=30393"}],"curies":[{"name":"wp","href":"https:\/\/api.w.org\/{rel}","templated":true}]}}