{"id":30409,"date":"2023-06-20T09:14:18","date_gmt":"2023-06-20T13:44:18","guid":{"rendered":"https:\/\/elmundodelosnegocios.com.do\/v1\/?p=30409"},"modified":"2023-06-20T09:17:28","modified_gmt":"2023-06-20T13:47:28","slug":"turismo-en-cada-rincon-se-activa-en-moca-provincia-espaillat","status":"publish","type":"post","link":"https:\/\/elmundodelosnegocios.com.do\/v1\/turismo-en-cada-rincon-se-activa-en-moca-provincia-espaillat\/","title":{"rendered":"\u201cTurismo en cada Rinc\u00f3n\u201d se activa en Moca, provincia Espaillat"},"content":{"rendered":"\n<p>El ministro David Collado dice que donde llega el turismo llega el progreso.<\/p>\n\n\n\n<p><strong>MOCA, ESPAILLAT. \u2013<\/strong>El ministro de Turismo, David Collado, afirm\u00f3 que seguir\u00e1 tomando acciones para fortalecer el desarrollo tur\u00edstico en todo el pa\u00eds, ya que esa industria garantiza miles de empleos y dinamiza la econom\u00eda de cada regi\u00f3n.<\/p>\n\n\n\n<figure class=\"wp-block-image size-full\"><img loading=\"lazy\" decoding=\"async\" width=\"1024\" height=\"698\" src=\"https:\/\/elmundodelosnegocios.com.do\/v1\/wp-content\/uploads\/2023\/06\/000.jpg\" alt=\"\" class=\"wp-image-30412\" srcset=\"https:\/\/elmundodelosnegocios.com.do\/v1\/wp-content\/uploads\/2023\/06\/000.jpg 1024w, https:\/\/elmundodelosnegocios.com.do\/v1\/wp-content\/uploads\/2023\/06\/000-300x204.jpg 300w, https:\/\/elmundodelosnegocios.com.do\/v1\/wp-content\/uploads\/2023\/06\/000-768x524.jpg 768w\" sizes=\"auto, (max-width: 1024px) 100vw, 1024px\" \/><\/figure>\n\n\n\n<p>Al encabezar en esta provincia la cuarta activaci\u00f3n de la plataforma Turismo en cada Rinc\u00f3n, el ministro Collado dej\u00f3 en claro que donde llega el \u201cturismo, llega el progreso\u201d.<\/p>\n\n\n\n<p>\u201cLa provincia Espaillat tiene un potencial tur\u00edstico extraordinario y ahora, le anunci\u00f3 aqu\u00ed, que le lleg\u00f3 la hora Moca\u201d, dijo el funcionario ante las autoridades locales y cientos de mocanos en un acto en el parque Ram\u00f3n C\u00e1ceres.<\/p>\n\n\n\n<p>Turismo en cada Rinc\u00f3n tiene como objetivo impulsar el turismo interno de cara al mercado local por medio de la promoci\u00f3n de la cultura, gastronom\u00eda, artesan\u00eda, ecoturismo y la oferta comunitaria complementaria.<\/p>\n\n\n<div class=\"wp-block-image\">\n<figure class=\"aligncenter size-full\"><img loading=\"lazy\" decoding=\"async\" width=\"768\" height=\"512\" src=\"https:\/\/elmundodelosnegocios.com.do\/v1\/wp-content\/uploads\/2023\/06\/00.jpg\" alt=\"\" class=\"wp-image-30413\" srcset=\"https:\/\/elmundodelosnegocios.com.do\/v1\/wp-content\/uploads\/2023\/06\/00.jpg 768w, https:\/\/elmundodelosnegocios.com.do\/v1\/wp-content\/uploads\/2023\/06\/00-300x200.jpg 300w\" sizes=\"auto, (max-width: 768px) 100vw, 768px\" \/><\/figure>\n<\/div>\n\n\n<p>Esta plataforma busca integrar a las comunidades, a la actividad que genera mayores ingresos a la econom\u00eda del pa\u00eds.<\/p>\n\n\n\n<p>Que los cl\u00fasteres, instituciones y la comunidad en sentido general, sean actores directos en la promoci\u00f3n de cada uno de los productos tur\u00edsticos de la su provincia, y que juntos trabajen en el desarrollo de esta.<\/p>\n\n\n\n<p>Durante los d\u00edas 17 y 18 de junio, en el parque Ram\u00f3n C\u00e1ceres de Moca, se desarroll\u00f3 una agenda de actividades culturales, art\u00edsticas y gastron\u00f3micas, as\u00ed como la exhibici\u00f3n y venta de artesan\u00eda y productos de la hist\u00f3rica provincia Espaillat.<\/p>\n\n\n\n<p>La provincia Espaillat es reconocida por su gran riqueza agropecuaria, siendo uno de sus productos m\u00e1s emblem\u00e1tico la \u201cyuca\u201d, uno de los principales alimentos de la familia dominicana, con la cual se elaboran una gran cantidad de platos, cuenta, adem\u00e1s, con una rica gastronom\u00eda, donde se desataca el \u201cMofongo y el Buche-Perico\u201d.<\/p>\n\n\n\n<p>Espaillat, es una provincia que, \u201clo tiene todo\u201d, playa, r\u00edos, monta\u00f1as, artesan\u00eda, cultura y otros atractivos y ofertas, que lo hacen de un lugar id\u00f3neo para realizar cualquier tipo de turismo para el disfrute de nacionales y extranjeros.<\/p>\n\n\n\n<p>Durante el evento, donde participaron 142 artesanos de la provincia, en la que, adem\u00e1s, se mostr\u00f3 los diferentes atractivos tur\u00edsticos, estuvieron presentes el senador de la provincia, Carlos Manuel Gomez; la gobernadora, Juana Rosario de Candelier; Carlos Peguero, viceministro de Corporaci\u00f3n Internacional del Ministerio de Turismo.<\/p>\n\n\n\n<p>Asimismo, Benjam\u00edn del Carmen Pe\u00f1a, alcalde del municipio Jamao al Norte; Rafael Garcia, presidente del Cl\u00faster Ecotur\u00edstico de la provincia Espaillat, entre otras autoridades, provinciales, municipales, empresarios y comunitarias.<\/p>\n\n\n\n<p>TURISMO EN CADA RINCON<\/p>\n\n\n\n<p>Se recuerda que Turismo en cada Rinc\u00f3n es la primera plataforma de promoci\u00f3n y apoyo al turismo local, con un enfoque de sostenibilidad e inclusi\u00f3n. La misma fue lanzada oficialmente el 3 de agosto 2022, durante un acto encabezado por el presidente Luis Abinader y el ministro Collado.<\/p>\n\n\n\n<p>La campa\u00f1a busca la coherencia entre el conocimiento de los productos tur\u00edsticos internos y el desarrollo de las comunidades, invitando a todos los dominicanos a conocer su pa\u00eds y disfrutar de todos sus atractivos.<\/p>\n\n\n\n<p>La primera activaci\u00f3n se realiz\u00f3 en la provincia Hermanas Mirabal, seguida de Monse\u00f1or Nouel y Mar\u00eda Trinidad S\u00e1nchez, realizando tambi\u00e9n, un encuentro especial en el \u201cSon de KeKa\u201d, en Santiago.<\/p>\n","protected":false},"excerpt":{"rendered":"<p>El ministro David Collado dice que donde llega el turismo llega el progreso. MOCA, ESPAILLAT. \u2013El ministro de Turismo, David Collado, afirm\u00f3 que seguir\u00e1 tomando acciones para fortalecer el desarrollo&hellip; <\/p>\n","protected":false},"author":2,"featured_media":30415,"comment_status":"closed","ping_status":"closed","sticky":false,"template":"","format":"standard","meta":{"fifu_image_url":"https:\/\/www.mitur.gob.do\/wp-content\/uploads\/2023\/06\/IMG-20230618-WA0049-jpg.webp","fifu_image_alt":"","footnotes":""},"categories":[172],"tags":[],"class_list":["post-30409","post","type-post","status-publish","format-standard","has-post-thumbnail","hentry","category-turismo"],"_links":{"self":[{"href":"https:\/\/elmundodelosnegocios.com.do\/v1\/wp-json\/wp\/v2\/posts\/30409","targetHints":{"allow":["GET"]}}],"collection":[{"href":"https:\/\/elmundodelosnegocios.com.do\/v1\/wp-json\/wp\/v2\/posts"}],"about":[{"href":"https:\/\/elmundodelosnegocios.com.do\/v1\/wp-json\/wp\/v2\/types\/post"}],"author":[{"embeddable":true,"href":"https:\/\/elmundodelosnegocios.com.do\/v1\/wp-json\/wp\/v2\/users\/2"}],"replies":[{"embeddable":true,"href":"https:\/\/elmundodelosnegocios.com.do\/v1\/wp-json\/wp\/v2\/comments?post=30409"}],"version-history":[{"count":0,"href":"https:\/\/elmundodelosnegocios.com.do\/v1\/wp-json\/wp\/v2\/posts\/30409\/revisions"}],"wp:featuredmedia":[{"embeddable":true,"href":"https:\/\/elmundodelosnegocios.com.do\/v1\/wp-json\/wp\/v2\/media\/30415"}],"wp:attachment":[{"href":"https:\/\/elmundodelosnegocios.com.do\/v1\/wp-json\/wp\/v2\/media?parent=30409"}],"wp:term":[{"taxonomy":"category","embeddable":true,"href":"https:\/\/elmundodelosnegocios.com.do\/v1\/wp-json\/wp\/v2\/categories?post=30409"},{"taxonomy":"post_tag","embeddable":true,"href":"https:\/\/elmundodelosnegocios.com.do\/v1\/wp-json\/wp\/v2\/tags?post=30409"}],"curies":[{"name":"wp","href":"https:\/\/api.w.org\/{rel}","templated":true}]}}