{"id":30446,"date":"2023-06-22T13:39:44","date_gmt":"2023-06-22T18:09:44","guid":{"rendered":"https:\/\/elmundodelosnegocios.com.do\/v1\/?p=30446"},"modified":"2023-06-22T13:39:46","modified_gmt":"2023-06-22T18:09:46","slug":"recibe-idac-maxima-calificacion-integridad-y-transparencia-de-la-digeig","status":"publish","type":"post","link":"https:\/\/elmundodelosnegocios.com.do\/v1\/recibe-idac-maxima-calificacion-integridad-y-transparencia-de-la-digeig\/","title":{"rendered":"Recibe IDAC m\u00e1xima calificaci\u00f3n integridad y transparencia de la DIGEIG"},"content":{"rendered":"\n<p><strong>Santo Domingo<\/strong>, R.D. Junio 22, 2023.-&nbsp;El Instituto Dominicano de Aviaci\u00f3n Civil (IDAC) obtuvo la calificaci\u00f3n de 100 puntos en el informe del primer trimestre del a\u00f1o 2023, por su cumplimiento de los est\u00e1ndares de integridad y transparencia, de acuerdo a un informe de la Direcci\u00f3n General de \u00c9tica e Integridad Gubernamental (DIGEIG).<\/p>\n\n\n\n<figure class=\"wp-block-image size-full\"><img loading=\"lazy\" decoding=\"async\" width=\"1000\" height=\"666\" src=\"https:\/\/elmundodelosnegocios.com.do\/v1\/wp-content\/uploads\/2023\/06\/Hector-Porcella-director-general-IDAC.jpeg\" alt=\"\" class=\"wp-image-30447\" srcset=\"https:\/\/elmundodelosnegocios.com.do\/v1\/wp-content\/uploads\/2023\/06\/Hector-Porcella-director-general-IDAC.jpeg 1000w, https:\/\/elmundodelosnegocios.com.do\/v1\/wp-content\/uploads\/2023\/06\/Hector-Porcella-director-general-IDAC-300x200.jpeg 300w, https:\/\/elmundodelosnegocios.com.do\/v1\/wp-content\/uploads\/2023\/06\/Hector-Porcella-director-general-IDAC-768x511.jpeg 768w\" sizes=\"auto, (max-width: 1000px) 100vw, 1000px\" \/><\/figure>\n\n\n\n<p>La informaci\u00f3n fue comunicada formalmente al director general interino del IDAC, H\u00e9ctor Porcella, por la directora de la DIGEIG, Milagros Ortiz Bosch, quien destac\u00f3 los altos niveles de cumplimiento registrados en el portal de transparencia de la entidad durante el primer trimestre del a\u00f1o 2023. La evaluaci\u00f3n estuvo a cargo de la Direcci\u00f3n de Transparencia y Gobierno Abierto, de la DIGEIG.<\/p>\n\n\n\n<p>En su comunicaci\u00f3n al titular del IDAC, la doctora Ortiz Bosch explica que como \u00f3rgano rector en materia de Transparencia y Libre Acceso a la Informaci\u00f3n P\u00fablica, la DIGEIG realiza evaluaciones mensuales a las divisiones de transparencia de los portales de las instituciones p\u00fablicas, conforme a la Ley General 200-04, de Libre Acceso a la Informaci\u00f3n P\u00fablica.<\/p>\n\n\n\n<p>Al recibir el informe, Porcella celebr\u00f3 el reconocimiento y felicit\u00f3 al personal de la instituci\u00f3n por hacer posible el cumplimiento de las normas de integridad y transparencia que ha puesto en marcha el gobierno encabezado por el presidente Luis Abinader desde el primer d\u00eda su gesti\u00f3n.<\/p>\n\n\n\n<p>\u201cUna vez m\u00e1s, el IDAC se coloca en un lugar privilegiado en el cumplimiento de sus obligaciones institucionales, tal como lo certifican los galardones de oro recibidos en el a\u00f1o 2022 en el marco de la Semana de la Calidad llevada a cabo por el Ministerio de Administraci\u00f3n P\u00fablica (MAP), espec\u00edficamente el Sello CAF+300 correspondiente al Nivel de Excelencia como aval a la correcta implementaci\u00f3n del Modelo de Excelencia Marco Com\u00fan de Evaluaci\u00f3n\u201d, en los \u00f3rganos del Estado; y el galard\u00f3n NORTIC de Oro 2022, un reconocimiento entregado a las instituciones p\u00fablicas, por los esfuerzos realizados en apoyo al fortalecimiento institucional del Estado dominicano\u201d apunt\u00f3 Porcella.<\/p>\n\n\n<div class=\"wp-block-image\">\n<figure class=\"aligncenter size-large\"><img loading=\"lazy\" decoding=\"async\" width=\"785\" height=\"1024\" src=\"https:\/\/elmundodelosnegocios.com.do\/v1\/wp-content\/uploads\/2023\/06\/Carta-dirigida-a-Porcella-785x1024.jpeg\" alt=\"\" class=\"wp-image-30448\" srcset=\"https:\/\/elmundodelosnegocios.com.do\/v1\/wp-content\/uploads\/2023\/06\/Carta-dirigida-a-Porcella-785x1024.jpeg 785w, https:\/\/elmundodelosnegocios.com.do\/v1\/wp-content\/uploads\/2023\/06\/Carta-dirigida-a-Porcella-230x300.jpeg 230w, https:\/\/elmundodelosnegocios.com.do\/v1\/wp-content\/uploads\/2023\/06\/Carta-dirigida-a-Porcella-768x1002.jpeg 768w, https:\/\/elmundodelosnegocios.com.do\/v1\/wp-content\/uploads\/2023\/06\/Carta-dirigida-a-Porcella.jpeg 981w\" sizes=\"auto, (max-width: 785px) 100vw, 785px\" \/><\/figure>\n<\/div>","protected":false},"excerpt":{"rendered":"<p>Santo Domingo, R.D. Junio 22, 2023.-&nbsp;El Instituto Dominicano de Aviaci\u00f3n Civil (IDAC) obtuvo la calificaci\u00f3n de 100 puntos en el informe del primer trimestre del a\u00f1o 2023, por su cumplimiento&hellip; <\/p>\n","protected":false},"author":2,"featured_media":30447,"comment_status":"closed","ping_status":"closed","sticky":false,"template":"","format":"standard","meta":{"fifu_image_url":"","fifu_image_alt":"","footnotes":""},"categories":[151],"tags":[],"class_list":["post-30446","post","type-post","status-publish","format-standard","has-post-thumbnail","hentry","category-gerencia"],"_links":{"self":[{"href":"https:\/\/elmundodelosnegocios.com.do\/v1\/wp-json\/wp\/v2\/posts\/30446","targetHints":{"allow":["GET"]}}],"collection":[{"href":"https:\/\/elmundodelosnegocios.com.do\/v1\/wp-json\/wp\/v2\/posts"}],"about":[{"href":"https:\/\/elmundodelosnegocios.com.do\/v1\/wp-json\/wp\/v2\/types\/post"}],"author":[{"embeddable":true,"href":"https:\/\/elmundodelosnegocios.com.do\/v1\/wp-json\/wp\/v2\/users\/2"}],"replies":[{"embeddable":true,"href":"https:\/\/elmundodelosnegocios.com.do\/v1\/wp-json\/wp\/v2\/comments?post=30446"}],"version-history":[{"count":0,"href":"https:\/\/elmundodelosnegocios.com.do\/v1\/wp-json\/wp\/v2\/posts\/30446\/revisions"}],"wp:featuredmedia":[{"embeddable":true,"href":"https:\/\/elmundodelosnegocios.com.do\/v1\/wp-json\/wp\/v2\/media\/30447"}],"wp:attachment":[{"href":"https:\/\/elmundodelosnegocios.com.do\/v1\/wp-json\/wp\/v2\/media?parent=30446"}],"wp:term":[{"taxonomy":"category","embeddable":true,"href":"https:\/\/elmundodelosnegocios.com.do\/v1\/wp-json\/wp\/v2\/categories?post=30446"},{"taxonomy":"post_tag","embeddable":true,"href":"https:\/\/elmundodelosnegocios.com.do\/v1\/wp-json\/wp\/v2\/tags?post=30446"}],"curies":[{"name":"wp","href":"https:\/\/api.w.org\/{rel}","templated":true}]}}