{"id":30450,"date":"2023-06-22T14:48:29","date_gmt":"2023-06-22T19:18:29","guid":{"rendered":"https:\/\/elmundodelosnegocios.com.do\/v1\/?p=30450"},"modified":"2023-06-22T14:48:31","modified_gmt":"2023-06-22T19:18:31","slug":"gobierno-considera-a-las-mipymes-como-el-pulmon-del-desarrollo-economico-dominicano","status":"publish","type":"post","link":"https:\/\/elmundodelosnegocios.com.do\/v1\/gobierno-considera-a-las-mipymes-como-el-pulmon-del-desarrollo-economico-dominicano\/","title":{"rendered":"Gobierno considera a las mipymes como el pulm\u00f3n del desarrollo econ\u00f3mico dominicano"},"content":{"rendered":"\n<p>Santo Domingo. &#8211; Desde el Gobierno dominicano se han dise\u00f1ado&nbsp;<strong>pol\u00edticas p\u00fablicas para promover el desarrollo de las micro, peque\u00f1as y medianas empresas (mipymes),<\/strong>&nbsp;que aportan m\u00e1s del&nbsp;<strong>38 %<\/strong>&nbsp;del Producto Interno Bruto (PIB).&nbsp;<\/p>\n\n\n<div class=\"wp-block-image\">\n<figure class=\"aligncenter size-large\"><img loading=\"lazy\" decoding=\"async\" width=\"1024\" height=\"576\" src=\"https:\/\/elmundodelosnegocios.com.do\/v1\/wp-content\/uploads\/2023\/06\/1-1-1024x576.jpeg\" alt=\"\" class=\"wp-image-30451\" srcset=\"https:\/\/elmundodelosnegocios.com.do\/v1\/wp-content\/uploads\/2023\/06\/1-1-1024x576.jpeg 1024w, https:\/\/elmundodelosnegocios.com.do\/v1\/wp-content\/uploads\/2023\/06\/1-1-300x169.jpeg 300w, https:\/\/elmundodelosnegocios.com.do\/v1\/wp-content\/uploads\/2023\/06\/1-1-768x432.jpeg 768w, https:\/\/elmundodelosnegocios.com.do\/v1\/wp-content\/uploads\/2023\/06\/1-1.jpeg 1300w\" sizes=\"auto, (max-width: 1024px) 100vw, 1024px\" \/><\/figure>\n<\/div>\n\n\n<p>As\u00ed lo afirmaron tanto la vicepresidenta de la Rep\u00fablica,&nbsp;<strong>Raquel Pe\u00f1a<\/strong>, como el ministro de Industria, Comercio y Mipymes,&nbsp;<strong>V\u00edctor Bison\u00f3,&nbsp;<\/strong>durante la inauguraci\u00f3n de la&nbsp;<strong>sexta edici\u00f3n de la Semana Mipymes.<\/strong><\/p>\n\n\n\n<p>La vicepresidenta indic\u00f3 que el Gobierno est\u00e1 haciendo el mayor esfuerzo que jam\u00e1s se ha hecho en el pa\u00eds por estimular el crecimiento de las mipymes, a trav\u00e9s del&nbsp;<strong>acceso a financiamiento, la implementaci\u00f3n de soluciones tecnol\u00f3gicas y espacios para incentivar la productividad y el crecimiento de estos negocios.<\/strong><\/p>\n\n\n\n<p>Manifest\u00f3 que el&nbsp;<strong>98 %<\/strong>&nbsp;del tejido empresarial se compone de mipymes que generan m\u00e1s del&nbsp;<strong>54 %<\/strong>&nbsp;de los empleos dominicanos, una&nbsp;<strong>gran raz\u00f3n para invertir tiempo, recursos y personal en abrir nuevas oportunidades para esos emprendedores<\/strong>, por lo que el Gobierno impulsa herramientas para la&nbsp;<strong>Inteligencia Comercial, el Sistema Electr\u00f3nico de Garant\u00edas Mobiliarias<\/strong>&nbsp;y espacios como la&nbsp;<strong>Ventanilla \u00danica<\/strong>&nbsp;de formalizaci\u00f3n para facilitar el intercambio comercial de esos negocios.<\/p>\n\n\n\n<p><em>\u201cActualmente, las micro, peque\u00f1as y medianas empresas son consideradas como la fuerza motriz de la econom\u00eda dominicana, gracias a sus importantes aportes al Producto Interno Bruto y a su rol en la creaci\u00f3n de millones de puestos de trabajo que representan aproximadamente el 55 % de la poblaci\u00f3n activa del mercado laboral nacional\u201d,<\/em>&nbsp;precis\u00f3 Raquel Pe\u00f1a.&nbsp;<\/p>\n\n\n\n<figure class=\"wp-block-image\"><img decoding=\"async\" src=\"https:\/\/presidencia.gob.do\/sites\/default\/files\/inline-images\/WhatsApp%20Image%202023-06-22%20at%204.41.00%20PM%20%281%29.jpeg\" alt=\"\"\/><\/figure>\n\n\n\n<p>De su lado, Bison\u00f3 consider\u00f3 que las Mipymes son el<strong>&nbsp;pulm\u00f3n del desarrollo en nuestro pa\u00eds<\/strong>.<em>&nbsp;\u201cEntre la cantidad de empleos que generan, los ingresos que aportan al PIB, superando el 38 %, y el alcance que tienen a nivel nacional, es impensable ninguna pol\u00edtica de bienestar que deje fuera a los micro, peque\u00f1os y medianos emprendedores\u201d,<\/em>&nbsp;manifest\u00f3.<\/p>\n\n\n\n<p>El ministro tambi\u00e9n destac\u00f3 la inversi\u00f3n que se ha hecho para estimular el crecimiento y la creaci\u00f3n de las mipymes y explic\u00f3 que<strong>&nbsp;<\/strong>a trav\u00e9s de&nbsp;<strong>PROMIPYME&nbsp;<\/strong>se ha invertido<strong>&nbsp;un monto superior a los 19,000 millones de pesos en financiamiento para m\u00e1s de 161,000 Mipymes y emprendedores.<\/strong><\/p>\n\n\n\n<p><em>\u201cEl 66 % de los pr\u00e9stamos otorgados correspondieron a mujeres, con un monto total destinado a la equidad de g\u00e9nero de RD 10,419 millones equivalente al 54 % por ciento de los recursos destinados a este sector\u201d,<\/em>&nbsp;indic\u00f3.<\/p>\n\n\n\n<p>La Semana Mipymes, que organiza el&nbsp;<strong>Ministerio de Industria, Comercio y Mipymes<\/strong>&nbsp;(MICM), re\u00fane a&nbsp;<strong>inversionistas, empresas multinacionales, emprendedores y compradores<\/strong>&nbsp;de diversos sectores productivos. Este a\u00f1o, el evento est\u00e1 centrado en la&nbsp;<strong>expansi\u00f3n a nuevos mercados y el uso de la digitalizaci\u00f3n como medio para el crecimiento<\/strong>. Durante toda la semana, los asistentes participaron en rondas de negocios, talleres, asesor\u00edas t\u00e9cnicas y las participaciones de las mipymes.<\/p>\n\n\n\n<p>La Semana Mipymes es el evento empresarial m\u00e1s importante de la Rep\u00fablica Dominicana y este a\u00f1o cuenta con el apoyo principal de&nbsp;<strong>Banreservas, EQUIFAX, PROMIPYME y Diario Libre<\/strong>, entre otras empresas. En su pasada edici\u00f3n reuni\u00f3 a m\u00e1s de 10,000 participantes, entre pymes, inversionistas, multinacionales y p\u00fablico en general.<\/p>\n","protected":false},"excerpt":{"rendered":"<p>Santo Domingo. &#8211; Desde el Gobierno dominicano se han dise\u00f1ado&nbsp;pol\u00edticas p\u00fablicas para promover el desarrollo de las micro, peque\u00f1as y medianas empresas (mipymes),&nbsp;que aportan m\u00e1s del&nbsp;38 %&nbsp;del Producto Interno Bruto&hellip; <\/p>\n","protected":false},"author":2,"featured_media":30451,"comment_status":"closed","ping_status":"closed","sticky":false,"template":"","format":"standard","meta":{"fifu_image_url":"","fifu_image_alt":"","footnotes":""},"categories":[161],"tags":[],"class_list":["post-30450","post","type-post","status-publish","format-standard","has-post-thumbnail","hentry","category-mipymes"],"_links":{"self":[{"href":"https:\/\/elmundodelosnegocios.com.do\/v1\/wp-json\/wp\/v2\/posts\/30450","targetHints":{"allow":["GET"]}}],"collection":[{"href":"https:\/\/elmundodelosnegocios.com.do\/v1\/wp-json\/wp\/v2\/posts"}],"about":[{"href":"https:\/\/elmundodelosnegocios.com.do\/v1\/wp-json\/wp\/v2\/types\/post"}],"author":[{"embeddable":true,"href":"https:\/\/elmundodelosnegocios.com.do\/v1\/wp-json\/wp\/v2\/users\/2"}],"replies":[{"embeddable":true,"href":"https:\/\/elmundodelosnegocios.com.do\/v1\/wp-json\/wp\/v2\/comments?post=30450"}],"version-history":[{"count":0,"href":"https:\/\/elmundodelosnegocios.com.do\/v1\/wp-json\/wp\/v2\/posts\/30450\/revisions"}],"wp:featuredmedia":[{"embeddable":true,"href":"https:\/\/elmundodelosnegocios.com.do\/v1\/wp-json\/wp\/v2\/media\/30451"}],"wp:attachment":[{"href":"https:\/\/elmundodelosnegocios.com.do\/v1\/wp-json\/wp\/v2\/media?parent=30450"}],"wp:term":[{"taxonomy":"category","embeddable":true,"href":"https:\/\/elmundodelosnegocios.com.do\/v1\/wp-json\/wp\/v2\/categories?post=30450"},{"taxonomy":"post_tag","embeddable":true,"href":"https:\/\/elmundodelosnegocios.com.do\/v1\/wp-json\/wp\/v2\/tags?post=30450"}],"curies":[{"name":"wp","href":"https:\/\/api.w.org\/{rel}","templated":true}]}}