{"id":30498,"date":"2023-06-26T10:11:18","date_gmt":"2023-06-26T14:41:18","guid":{"rendered":"https:\/\/elmundodelosnegocios.com.do\/v1\/?p=30498"},"modified":"2023-06-26T10:11:20","modified_gmt":"2023-06-26T14:41:20","slug":"firman-unphu-y-grob-pharma-lam-convenio-colaboracion","status":"publish","type":"post","link":"https:\/\/elmundodelosnegocios.com.do\/v1\/firman-unphu-y-grob-pharma-lam-convenio-colaboracion\/","title":{"rendered":"Firman UNPHU y Grob Pharma\/ LAM convenio colaboraci\u00f3n"},"content":{"rendered":"\n<p>La Universidad Nacional Pedro Henr\u00edquez Ure\u00f1a (UNPHU), y Grob Pharma\/ LAM<strong> <\/strong>firmaron un convenio marco de colaboraci\u00f3n, con el objetivo de establecer un marco de actuaci\u00f3n para la colaboraci\u00f3n de actividades enmarcadas a potenciar la cooperaci\u00f3n acad\u00e9mica, cient\u00edfica y cultural.<\/p>\n\n\n\n<figure class=\"wp-block-image size-full\"><img loading=\"lazy\" decoding=\"async\" width=\"1000\" height=\"563\" src=\"https:\/\/elmundodelosnegocios.com.do\/v1\/wp-content\/uploads\/2023\/06\/1.-Arq.-Miguel-Fiallo-Calderon-rector-de-la-UNPHU-y-Ing.-Ludwig-Martin-Garcia-Matos-vicepresidente-ejecutivo-de-Grob-Pharma-LAM.jpg\" alt=\"\" class=\"wp-image-30499\" srcset=\"https:\/\/elmundodelosnegocios.com.do\/v1\/wp-content\/uploads\/2023\/06\/1.-Arq.-Miguel-Fiallo-Calderon-rector-de-la-UNPHU-y-Ing.-Ludwig-Martin-Garcia-Matos-vicepresidente-ejecutivo-de-Grob-Pharma-LAM.jpg 1000w, https:\/\/elmundodelosnegocios.com.do\/v1\/wp-content\/uploads\/2023\/06\/1.-Arq.-Miguel-Fiallo-Calderon-rector-de-la-UNPHU-y-Ing.-Ludwig-Martin-Garcia-Matos-vicepresidente-ejecutivo-de-Grob-Pharma-LAM-300x169.jpg 300w, https:\/\/elmundodelosnegocios.com.do\/v1\/wp-content\/uploads\/2023\/06\/1.-Arq.-Miguel-Fiallo-Calderon-rector-de-la-UNPHU-y-Ing.-Ludwig-Martin-Garcia-Matos-vicepresidente-ejecutivo-de-Grob-Pharma-LAM-768x432.jpg 768w\" sizes=\"auto, (max-width: 1000px) 100vw, 1000px\" \/><\/figure>\n\n\n\n<p>Con este acuerdo, buscan ampliar una gama de actividades a desarrollarse entre ambas instituciones, como son el desarrollo de programas de pasant\u00edas, la realizaci\u00f3n de talleres, charlas, conferencias, simposios y capacitaciones en temas de inter\u00e9s com\u00fan. Tambi\u00e9n acordaron desarrollar investigaciones conjuntas en temas de inter\u00e9s; as\u00ed como realizar publicaciones conjuntas de art\u00edculos cient\u00edficos en revistas indexadas.&nbsp;<\/p>\n\n\n\n<figure class=\"wp-block-image size-large\"><img loading=\"lazy\" decoding=\"async\" width=\"1024\" height=\"576\" src=\"https:\/\/elmundodelosnegocios.com.do\/v1\/wp-content\/uploads\/2023\/06\/2.-Arq.-Miguel-Fiallo-Calderon-rector-de-la-UNPHU-y-el-Ing.-Ludwig-Martin-Garcia-Matos-vicepresidente-ejecutivo-de-Grob-Pharma-LAM-1024x576.jpg\" alt=\"\" class=\"wp-image-30500\" srcset=\"https:\/\/elmundodelosnegocios.com.do\/v1\/wp-content\/uploads\/2023\/06\/2.-Arq.-Miguel-Fiallo-Calderon-rector-de-la-UNPHU-y-el-Ing.-Ludwig-Martin-Garcia-Matos-vicepresidente-ejecutivo-de-Grob-Pharma-LAM-1024x576.jpg 1024w, https:\/\/elmundodelosnegocios.com.do\/v1\/wp-content\/uploads\/2023\/06\/2.-Arq.-Miguel-Fiallo-Calderon-rector-de-la-UNPHU-y-el-Ing.-Ludwig-Martin-Garcia-Matos-vicepresidente-ejecutivo-de-Grob-Pharma-LAM-300x169.jpg 300w, https:\/\/elmundodelosnegocios.com.do\/v1\/wp-content\/uploads\/2023\/06\/2.-Arq.-Miguel-Fiallo-Calderon-rector-de-la-UNPHU-y-el-Ing.-Ludwig-Martin-Garcia-Matos-vicepresidente-ejecutivo-de-Grob-Pharma-LAM-768x432.jpg 768w, https:\/\/elmundodelosnegocios.com.do\/v1\/wp-content\/uploads\/2023\/06\/2.-Arq.-Miguel-Fiallo-Calderon-rector-de-la-UNPHU-y-el-Ing.-Ludwig-Martin-Garcia-Matos-vicepresidente-ejecutivo-de-Grob-Pharma-LAM-1536x864.jpg 1536w, https:\/\/elmundodelosnegocios.com.do\/v1\/wp-content\/uploads\/2023\/06\/2.-Arq.-Miguel-Fiallo-Calderon-rector-de-la-UNPHU-y-el-Ing.-Ludwig-Martin-Garcia-Matos-vicepresidente-ejecutivo-de-Grob-Pharma-LAM-2048x1152.jpg 2048w\" sizes=\"auto, (max-width: 1024px) 100vw, 1024px\" \/><\/figure>\n\n\n\n<p>Mediante el convenio se facilitar\u00e1 el intercambio de experiencias y conocimientos, y la prestaci\u00f3n de servicios entre ambas instituciones, teniendo como prioridad el progreso social, cultural y cient\u00edfico de las mismas.<\/p>\n\n\n\n<p>La firma del acuerdo se llev\u00f3 a cabo en la rector\u00eda de la universidad, entre el Arq. Miguel Fiallo Calder\u00f3n, rector de la UNPHU, y Ing. Ludwig Mart\u00edn Garc\u00eda Matos, vicepresidente ejecutivo de Grob Pharma\/ LAM.&nbsp;<\/p>\n\n\n\n<p>Tambi\u00e9n estuvieron presentes por parte de la UNPHU, la Lcda. Josefina Pep\u00edn Ubr\u00ed, vicerrectora de Proyectos de Investigaci\u00f3n, Vinculaci\u00f3n, e Internacionalizaci\u00f3n y el Lcdo. Francisco Jos\u00e9 Garc\u00eda Perdomo, coordinador de la Direcci\u00f3n de Vinculaci\u00f3n, y por Grob Pharma\/ LAM, la Sra. Nicole De Sanctis, gerente Gesti\u00f3n Humana y la Sra. Eridania Mora, gerente Aseguramiento de la Calidad<\/p>\n\n\n\n<p><strong>Sobre la relaci\u00f3n UNPHU\/LAM<\/strong><\/p>\n\n\n\n<p>La UNPHU y Laboratorios LAM, han mantenido una vinculaci\u00f3n desde hace m\u00e1s de 10 a\u00f1os. El laboratorio ha recibido pasantes de farmacia provenientes de nuestra casa de altos de estudios, de manera informal.<\/p>\n","protected":false},"excerpt":{"rendered":"<p>La Universidad Nacional Pedro Henr\u00edquez Ure\u00f1a (UNPHU), y Grob Pharma\/ LAM firmaron un convenio marco de colaboraci\u00f3n, con el objetivo de establecer un marco de actuaci\u00f3n para la colaboraci\u00f3n de&hellip; <\/p>\n","protected":false},"author":2,"featured_media":30499,"comment_status":"closed","ping_status":"closed","sticky":false,"template":"","format":"standard","meta":{"fifu_image_url":"","fifu_image_alt":"","footnotes":""},"categories":[80],"tags":[],"class_list":["post-30498","post","type-post","status-publish","format-standard","has-post-thumbnail","hentry","category-salud"],"_links":{"self":[{"href":"https:\/\/elmundodelosnegocios.com.do\/v1\/wp-json\/wp\/v2\/posts\/30498","targetHints":{"allow":["GET"]}}],"collection":[{"href":"https:\/\/elmundodelosnegocios.com.do\/v1\/wp-json\/wp\/v2\/posts"}],"about":[{"href":"https:\/\/elmundodelosnegocios.com.do\/v1\/wp-json\/wp\/v2\/types\/post"}],"author":[{"embeddable":true,"href":"https:\/\/elmundodelosnegocios.com.do\/v1\/wp-json\/wp\/v2\/users\/2"}],"replies":[{"embeddable":true,"href":"https:\/\/elmundodelosnegocios.com.do\/v1\/wp-json\/wp\/v2\/comments?post=30498"}],"version-history":[{"count":0,"href":"https:\/\/elmundodelosnegocios.com.do\/v1\/wp-json\/wp\/v2\/posts\/30498\/revisions"}],"wp:featuredmedia":[{"embeddable":true,"href":"https:\/\/elmundodelosnegocios.com.do\/v1\/wp-json\/wp\/v2\/media\/30499"}],"wp:attachment":[{"href":"https:\/\/elmundodelosnegocios.com.do\/v1\/wp-json\/wp\/v2\/media?parent=30498"}],"wp:term":[{"taxonomy":"category","embeddable":true,"href":"https:\/\/elmundodelosnegocios.com.do\/v1\/wp-json\/wp\/v2\/categories?post=30498"},{"taxonomy":"post_tag","embeddable":true,"href":"https:\/\/elmundodelosnegocios.com.do\/v1\/wp-json\/wp\/v2\/tags?post=30498"}],"curies":[{"name":"wp","href":"https:\/\/api.w.org\/{rel}","templated":true}]}}