{"id":30502,"date":"2023-06-26T16:28:14","date_gmt":"2023-06-26T20:58:14","guid":{"rendered":"https:\/\/elmundodelosnegocios.com.do\/v1\/?p=30502"},"modified":"2023-06-26T16:28:38","modified_gmt":"2023-06-26T20:58:38","slug":"celebra-citi-el-dia-global-comunidad-con-jornada-siembra-arboles","status":"publish","type":"post","link":"https:\/\/elmundodelosnegocios.com.do\/v1\/celebra-citi-el-dia-global-comunidad-con-jornada-siembra-arboles\/","title":{"rendered":"Celebra Citi el D\u00eda Global Comunidad con jornada siembra \u00e1rboles"},"content":{"rendered":"\n<p>Santo Domingo, Rep\u00fablica Dominicana, 26 de junio 2023.- Citi celebr\u00f3 el D\u00eda Global de la Comunidad con la\u00a0siembra de \u00e1rboles en la comunidad de Villa Altagracia. En colaboraci\u00f3n con la organizaci\u00f3n Glasswing Dominicana,\u00a0los voluntarios de la empresa y sus familias asumieron la jornada con entusiasmo, colaborando con los residentes de la zona.<\/p>\n\n\n\n<figure class=\"wp-block-image size-large\"><img loading=\"lazy\" decoding=\"async\" width=\"1024\" height=\"578\" src=\"https:\/\/elmundodelosnegocios.com.do\/v1\/wp-content\/uploads\/2023\/06\/Foto-principal.-Dia-Global-de-la-Comunidad-2023-Citi-Republica-Dominicana-1024x578.jpg\" alt=\"\" class=\"wp-image-30503\" srcset=\"https:\/\/elmundodelosnegocios.com.do\/v1\/wp-content\/uploads\/2023\/06\/Foto-principal.-Dia-Global-de-la-Comunidad-2023-Citi-Republica-Dominicana-1024x578.jpg 1024w, https:\/\/elmundodelosnegocios.com.do\/v1\/wp-content\/uploads\/2023\/06\/Foto-principal.-Dia-Global-de-la-Comunidad-2023-Citi-Republica-Dominicana-300x169.jpg 300w, https:\/\/elmundodelosnegocios.com.do\/v1\/wp-content\/uploads\/2023\/06\/Foto-principal.-Dia-Global-de-la-Comunidad-2023-Citi-Republica-Dominicana-768x433.jpg 768w, https:\/\/elmundodelosnegocios.com.do\/v1\/wp-content\/uploads\/2023\/06\/Foto-principal.-Dia-Global-de-la-Comunidad-2023-Citi-Republica-Dominicana.jpg 1482w\" sizes=\"auto, (max-width: 1024px) 100vw, 1024px\" \/><\/figure>\n\n\n\n<p>La celebraci\u00f3n tiene como objetivo apoyar y concienciar sobre la importancia de la seguridad alimentaria y la preservaci\u00f3n del medio ambiente.&nbsp;La jornada consisti\u00f3 en la plantaci\u00f3n&nbsp;de 2,500&nbsp;\u00e1rboles frutales y maderables nativos de Villa Altagracia, como el lim\u00f3n, aguacate, tomate, tamarindo, pepino, naranja, guayaba, canela, malagueta y espinaca.<\/p>\n\n\n\n<figure class=\"wp-block-image size-large\"><img loading=\"lazy\" decoding=\"async\" width=\"1024\" height=\"579\" src=\"https:\/\/elmundodelosnegocios.com.do\/v1\/wp-content\/uploads\/2023\/06\/Dia-Global-de-la-Comunidad-2023-Citi-Republica-Dominicana-4-1024x579.jpg\" alt=\"\" class=\"wp-image-30504\" srcset=\"https:\/\/elmundodelosnegocios.com.do\/v1\/wp-content\/uploads\/2023\/06\/Dia-Global-de-la-Comunidad-2023-Citi-Republica-Dominicana-4-1024x579.jpg 1024w, https:\/\/elmundodelosnegocios.com.do\/v1\/wp-content\/uploads\/2023\/06\/Dia-Global-de-la-Comunidad-2023-Citi-Republica-Dominicana-4-300x170.jpg 300w, https:\/\/elmundodelosnegocios.com.do\/v1\/wp-content\/uploads\/2023\/06\/Dia-Global-de-la-Comunidad-2023-Citi-Republica-Dominicana-4-768x435.jpg 768w, https:\/\/elmundodelosnegocios.com.do\/v1\/wp-content\/uploads\/2023\/06\/Dia-Global-de-la-Comunidad-2023-Citi-Republica-Dominicana-4.jpg 1465w\" sizes=\"auto, (max-width: 1024px) 100vw, 1024px\" \/><\/figure>\n\n\n\n<p>M\u00e1ximo Vidal, gerente general Citi Rep\u00fablica Dominicana, dijo: \u201cUno de los valores que nos distingue es el compromiso de aportar al crecimiento y a la sostenibilidad de las comunidades. Con esta jornada de siembra, nos acercamos a las comunidades, a la vez que propiciamos una toma de consciencia sobre el impacto de la foresta en la seguridad alimentaria y el bienestar de las familias\u201d.&nbsp;<\/p>\n\n\n\n<p>Desde su fundaci\u00f3n, Citi ha demostrado un compromiso s\u00f3lido con el desarrollo sostenible y el bienestar de las comunidades donde opera.&nbsp;La siembra de \u00e1rboles en Villa Altagracia es una muestra m\u00e1s de esta decidida visi\u00f3n de crear un impacto positivo y duradero en el entorno en que se encuentra.&nbsp;Para este a\u00f1o, cont\u00f3 con la participaci\u00f3n&nbsp;200 voluntarios entre colaboradores, familias y amigos.<\/p>\n\n\n\n<p>El D\u00eda Global de la Comunidad es una tradici\u00f3n que Citi celebra desde hace 18 a\u00f1os, y en la que miles de voluntarios han participado, llevando a cabo diversas acciones de impacto en beneficio de las comunidades. Esta jornada se ha convertido en un evento emblem\u00e1tico para Citi, reafirmando&nbsp;su compromiso con las transformaciones positivas en la comunidad.<\/p>\n\n\n\n<p>Desde sus inicios en el a\u00f1o 2006, el D\u00eda de la Comunidad, ha permitido que colegas de Citi, amigos, Familia, Alumni y clientes hayamos servido m\u00e1s de 5 millones de horas de voluntariado en m\u00e1s de 90 pa\u00edses y territorios y en 450+ ciudades.<\/p>\n\n\n\n<p>Recientemente, en un esfuerzo global para fortalecer la seguridad alimentaria, la Fundaci\u00f3n Citi anuncio el lanzamiento de su \u201cDesaf\u00edo de Innovaci\u00f3n Global\u201d, cuyo objetivo es incrementar el impacto de las ONGs de todo el mundo que se dedican a desarrollar soluciones innovadoras en estos temas, en apoyo a las comunidades desfavorecidas. Este programa cuenta con una inyecci\u00f3n aproximada a los US$25 millones a 50 organizaciones que operan en distintas zonas del mundo.<\/p>\n\n\n\n<p><strong>Sobre Citi<\/strong><\/p>\n\n\n\n<p>Citi es un socio bancario preeminente para instituciones con necesidades transfronterizas, un l\u00edder global en gesti\u00f3n patrimonial, y un banco de servicios al consumidor valorado en su mercado de origen, los Estados Unidos. Citi realiza negocios en cerca de 160 pa\u00edses y jurisdicciones, y brinda a corporaciones, gobiernos, inversionistas, instituciones y personas una amplia gama de productos y servicios financieros.<\/p>\n","protected":false},"excerpt":{"rendered":"<p>Santo Domingo, Rep\u00fablica Dominicana, 26 de junio 2023.- Citi celebr\u00f3 el D\u00eda Global de la Comunidad con la\u00a0siembra de \u00e1rboles en la comunidad de Villa Altagracia. En colaboraci\u00f3n con la&hellip; <\/p>\n","protected":false},"author":2,"featured_media":30503,"comment_status":"closed","ping_status":"closed","sticky":false,"template":"","format":"standard","meta":{"fifu_image_url":"","fifu_image_alt":"","footnotes":""},"categories":[78],"tags":[],"class_list":["post-30502","post","type-post","status-publish","format-standard","has-post-thumbnail","hentry","category-con-responsabilidad"],"_links":{"self":[{"href":"https:\/\/elmundodelosnegocios.com.do\/v1\/wp-json\/wp\/v2\/posts\/30502","targetHints":{"allow":["GET"]}}],"collection":[{"href":"https:\/\/elmundodelosnegocios.com.do\/v1\/wp-json\/wp\/v2\/posts"}],"about":[{"href":"https:\/\/elmundodelosnegocios.com.do\/v1\/wp-json\/wp\/v2\/types\/post"}],"author":[{"embeddable":true,"href":"https:\/\/elmundodelosnegocios.com.do\/v1\/wp-json\/wp\/v2\/users\/2"}],"replies":[{"embeddable":true,"href":"https:\/\/elmundodelosnegocios.com.do\/v1\/wp-json\/wp\/v2\/comments?post=30502"}],"version-history":[{"count":0,"href":"https:\/\/elmundodelosnegocios.com.do\/v1\/wp-json\/wp\/v2\/posts\/30502\/revisions"}],"wp:featuredmedia":[{"embeddable":true,"href":"https:\/\/elmundodelosnegocios.com.do\/v1\/wp-json\/wp\/v2\/media\/30503"}],"wp:attachment":[{"href":"https:\/\/elmundodelosnegocios.com.do\/v1\/wp-json\/wp\/v2\/media?parent=30502"}],"wp:term":[{"taxonomy":"category","embeddable":true,"href":"https:\/\/elmundodelosnegocios.com.do\/v1\/wp-json\/wp\/v2\/categories?post=30502"},{"taxonomy":"post_tag","embeddable":true,"href":"https:\/\/elmundodelosnegocios.com.do\/v1\/wp-json\/wp\/v2\/tags?post=30502"}],"curies":[{"name":"wp","href":"https:\/\/api.w.org\/{rel}","templated":true}]}}