{"id":30510,"date":"2023-06-26T16:37:29","date_gmt":"2023-06-26T21:07:29","guid":{"rendered":"https:\/\/elmundodelosnegocios.com.do\/v1\/?p=30510"},"modified":"2023-06-26T16:37:31","modified_gmt":"2023-06-26T21:07:31","slug":"directivos-camara-comercio-puerto-plata-realizan-presentacion-espana","status":"publish","type":"post","link":"https:\/\/elmundodelosnegocios.com.do\/v1\/directivos-camara-comercio-puerto-plata-realizan-presentacion-espana\/","title":{"rendered":"Directivos C\u00e1mara Comercio Puerto Plata realizan presentaci\u00f3n Espa\u00f1a"},"content":{"rendered":"\n<p><strong>Castell\u00f3n<\/strong>, Espa\u00f1a. Junio 26, 2023.- Una delegaci\u00f3n de la C\u00e1mara de Comercio y Producci\u00f3n de Puerto Plata realiz\u00f3 una presentaci\u00f3n de los atractivos y oportunidades de inversi\u00f3n de la provincia de Puerto Plata, en Castell\u00f3n en la Comunidad de Valencia, Espa\u00f1a.<\/p>\n\n\n<div class=\"wp-block-image\">\n<figure class=\"aligncenter size-large\"><img loading=\"lazy\" decoding=\"async\" width=\"1024\" height=\"507\" src=\"https:\/\/elmundodelosnegocios.com.do\/v1\/wp-content\/uploads\/2023\/06\/IMG-20230619-WA0134-1024x507.jpg\" alt=\"\" class=\"wp-image-30511\" srcset=\"https:\/\/elmundodelosnegocios.com.do\/v1\/wp-content\/uploads\/2023\/06\/IMG-20230619-WA0134-1024x507.jpg 1024w, https:\/\/elmundodelosnegocios.com.do\/v1\/wp-content\/uploads\/2023\/06\/IMG-20230619-WA0134-300x149.jpg 300w, https:\/\/elmundodelosnegocios.com.do\/v1\/wp-content\/uploads\/2023\/06\/IMG-20230619-WA0134-768x380.jpg 768w, https:\/\/elmundodelosnegocios.com.do\/v1\/wp-content\/uploads\/2023\/06\/IMG-20230619-WA0134.jpg 1280w\" sizes=\"auto, (max-width: 1024px) 100vw, 1024px\" \/><\/figure>\n<\/div>\n\n\n<p>La delegaci\u00f3n fue recibida por la presidenta de la C\u00e1mara de Comercio de Castell\u00f3n se\u00f1ora Mar\u00eda Dolores Guillamon<\/p>\n\n\n\n<p>La agenda de trabajo inici\u00f3 con un Foro hablando sobre las oportunidades de negocios e inversi\u00f3n entre Puerto Plata y Castellon.<\/p>\n\n\n\n<p>Castellon es una zona que se caracteriza por una amplia presencia de industrias de art\u00edculos construcci\u00f3n, cer\u00e1mica, ba\u00f1eras, inodoros y grifer\u00eda&nbsp;<\/p>\n\n\n\n<p>La asistencia fue de 90 empresarios espa\u00f1oles los cuales compartieron con los representantes de Puerto Plata encabezados por la presidenta de la C\u00e1mara de Comercio y Producci\u00f3n de Puerto Plata Mileyka Brugal quien tuvo a su cargo la exposici\u00f3n: Proyectos clave en pa\u00eds e Inversi\u00f3n.<\/p>\n","protected":false},"excerpt":{"rendered":"<p>Castell\u00f3n, Espa\u00f1a. Junio 26, 2023.- Una delegaci\u00f3n de la C\u00e1mara de Comercio y Producci\u00f3n de Puerto Plata realiz\u00f3 una presentaci\u00f3n de los atractivos y oportunidades de inversi\u00f3n de la provincia&hellip; <\/p>\n","protected":false},"author":2,"featured_media":0,"comment_status":"closed","ping_status":"closed","sticky":false,"template":"","format":"standard","meta":{"fifu_image_url":"","fifu_image_alt":"","footnotes":""},"categories":[74],"tags":[],"class_list":["post-30510","post","type-post","status-publish","format-standard","hentry","category-comercio-internacional"],"_links":{"self":[{"href":"https:\/\/elmundodelosnegocios.com.do\/v1\/wp-json\/wp\/v2\/posts\/30510","targetHints":{"allow":["GET"]}}],"collection":[{"href":"https:\/\/elmundodelosnegocios.com.do\/v1\/wp-json\/wp\/v2\/posts"}],"about":[{"href":"https:\/\/elmundodelosnegocios.com.do\/v1\/wp-json\/wp\/v2\/types\/post"}],"author":[{"embeddable":true,"href":"https:\/\/elmundodelosnegocios.com.do\/v1\/wp-json\/wp\/v2\/users\/2"}],"replies":[{"embeddable":true,"href":"https:\/\/elmundodelosnegocios.com.do\/v1\/wp-json\/wp\/v2\/comments?post=30510"}],"version-history":[{"count":0,"href":"https:\/\/elmundodelosnegocios.com.do\/v1\/wp-json\/wp\/v2\/posts\/30510\/revisions"}],"wp:attachment":[{"href":"https:\/\/elmundodelosnegocios.com.do\/v1\/wp-json\/wp\/v2\/media?parent=30510"}],"wp:term":[{"taxonomy":"category","embeddable":true,"href":"https:\/\/elmundodelosnegocios.com.do\/v1\/wp-json\/wp\/v2\/categories?post=30510"},{"taxonomy":"post_tag","embeddable":true,"href":"https:\/\/elmundodelosnegocios.com.do\/v1\/wp-json\/wp\/v2\/tags?post=30510"}],"curies":[{"name":"wp","href":"https:\/\/api.w.org\/{rel}","templated":true}]}}