{"id":30522,"date":"2023-06-27T08:10:59","date_gmt":"2023-06-27T12:40:59","guid":{"rendered":"https:\/\/elmundodelosnegocios.com.do\/v1\/?p=30522"},"modified":"2023-06-27T08:11:52","modified_gmt":"2023-06-27T12:41:52","slug":"cesac-da-apertura-a-taller-cultura-de-la-seguridad-de-la-aviacion-civil","status":"publish","type":"post","link":"https:\/\/elmundodelosnegocios.com.do\/v1\/cesac-da-apertura-a-taller-cultura-de-la-seguridad-de-la-aviacion-civil\/","title":{"rendered":"CESAC da apertura a taller \u00abCultura de la Seguridad de la Aviaci\u00f3n Civil\u00bb"},"content":{"rendered":"\n<p>Santo Domingo.- Con el objetivo de implementar y mantener una&nbsp;<strong>cultura de seguridad de la aviaci\u00f3n civil internacional<\/strong>&nbsp;en Rep\u00fablica Dominicana, el general de brigada piloto&nbsp;<strong>Floreal Su\u00e1rez Mart\u00ednez<\/strong>, FARD, director general del Cuerpo Especializado en Seguridad Aeroportuaria y de la Aviaci\u00f3n Civil&nbsp;<strong>(CESAC)<\/strong>, dio apertura formal al curso&nbsp;<strong>\u201cCultura de la Seguridad de la Aviaci\u00f3n Civil de la OACI\u201d<\/strong>, en la Escuela de Seguridad de la Aviaci\u00f3n Civil&nbsp;<strong>(ESAC)<\/strong>.<\/p>\n\n\n<div class=\"wp-block-image\">\n<figure class=\"aligncenter size-large\"><img loading=\"lazy\" decoding=\"async\" width=\"1024\" height=\"576\" src=\"http:\/\/elmundodelosnegocios.com.do\/v1\/wp-content\/uploads\/2023\/06\/1-2-1024x576.jpeg\" alt=\"\" class=\"wp-image-30523\" srcset=\"https:\/\/elmundodelosnegocios.com.do\/v1\/wp-content\/uploads\/2023\/06\/1-2-1024x576.jpeg 1024w, https:\/\/elmundodelosnegocios.com.do\/v1\/wp-content\/uploads\/2023\/06\/1-2-300x169.jpeg 300w, https:\/\/elmundodelosnegocios.com.do\/v1\/wp-content\/uploads\/2023\/06\/1-2-768x432.jpeg 768w, https:\/\/elmundodelosnegocios.com.do\/v1\/wp-content\/uploads\/2023\/06\/1-2.jpeg 1300w\" sizes=\"auto, (max-width: 1024px) 100vw, 1024px\" \/><\/figure>\n<\/div>\n\n\n<p>La capacitaci\u00f3n tendr\u00e1 una duraci\u00f3n de&nbsp;<strong>cuatro d\u00edas<\/strong>&nbsp;y contar\u00e1 con la participaci\u00f3n de&nbsp;<strong>instructores nacionales e internacionales<\/strong>, como el se\u00f1or&nbsp;<strong>Aaron Villar Bernal<\/strong>, desde M\u00e9xico, y el sargento mayor Inst.&nbsp;<strong>AVSEC Juan Acosta Paulino<\/strong>, FARD, de Rep\u00fablica Dominicana.&nbsp;<\/p>\n\n\n\n<p>El taller sobre \u201cCultura de Seguridad de la Aviaci\u00f3n\u201d, busca capacitar a&nbsp;<strong>unos 21 alumnos de distintas procedencias<\/strong>, uno de Cuba, cuatro de diferentes administraciones de los aeropuertos del pa\u00eds y 16 del CESAC.&nbsp;<\/p>\n\n\n<div class=\"wp-block-image\">\n<figure class=\"aligncenter\"><img decoding=\"async\" src=\"https:\/\/presidencia.gob.do\/sites\/default\/files\/inline-images\/f3eb4cd6-0fc1-43ed-a5f3-f43bb826e3ab.jpeg\" alt=\"\"\/><\/figure>\n<\/div>\n\n\n<p>La cultura de seguridad consiste en un conjunto de&nbsp;<strong>normas, creencias, valores y&nbsp; actitudes propias del funcionamiento cotidiano de una organizaci\u00f3n<\/strong>, que se reflejan en las acciones y en el comportamiento de todas las entidades de dicha organizaci\u00f3n y su personal.<\/p>\n\n\n\n<p>En ese sentido, el general de brigada Su\u00e1rez Mart\u00ednez expres\u00f3 su agradecimiento al se\u00f1or Aaron Villar Bernal, quien viaj\u00f3 desde M\u00e9xico, y al sargento mayor Inst. AVSEC Juan Acosta Paulino, por<em>&nbsp;\u00abcompartir sus conocimientos y experiencias con nosotros en este importante evento.\u201d<\/em><\/p>\n\n\n\n<p>Al pronunciar las palabras de apertura, Su\u00e1rez Mart\u00ednez se\u00f1al\u00f3 adem\u00e1s que \u201c<em>este taller nos brinda la oportunidad de profundizar en el tema de la cultura de la seguridad de la aviaci\u00f3n y explorar c\u00f3mo podemos fortalecerla y promoverla en nuestras respectivas \u00e1reas de trabajo. Nuestro objetivo com\u00fan es garantizar la seguridad de los pasajeros y el personal, as\u00ed como proteger la integridad de la aviaci\u00f3n como medio de transporte global\u201d.<\/em><\/p>\n","protected":false},"excerpt":{"rendered":"<p>Santo Domingo.- Con el objetivo de implementar y mantener una&nbsp;cultura de seguridad de la aviaci\u00f3n civil internacional&nbsp;en Rep\u00fablica Dominicana, el general de brigada piloto&nbsp;Floreal Su\u00e1rez Mart\u00ednez, FARD, director general del&hellip; <\/p>\n","protected":false},"author":2,"featured_media":30523,"comment_status":"closed","ping_status":"closed","sticky":false,"template":"","format":"standard","meta":{"fifu_image_url":"","fifu_image_alt":"","footnotes":""},"categories":[248],"tags":[],"class_list":["post-30522","post","type-post","status-publish","format-standard","has-post-thumbnail","hentry","category-seguridad-2"],"_links":{"self":[{"href":"https:\/\/elmundodelosnegocios.com.do\/v1\/wp-json\/wp\/v2\/posts\/30522","targetHints":{"allow":["GET"]}}],"collection":[{"href":"https:\/\/elmundodelosnegocios.com.do\/v1\/wp-json\/wp\/v2\/posts"}],"about":[{"href":"https:\/\/elmundodelosnegocios.com.do\/v1\/wp-json\/wp\/v2\/types\/post"}],"author":[{"embeddable":true,"href":"https:\/\/elmundodelosnegocios.com.do\/v1\/wp-json\/wp\/v2\/users\/2"}],"replies":[{"embeddable":true,"href":"https:\/\/elmundodelosnegocios.com.do\/v1\/wp-json\/wp\/v2\/comments?post=30522"}],"version-history":[{"count":0,"href":"https:\/\/elmundodelosnegocios.com.do\/v1\/wp-json\/wp\/v2\/posts\/30522\/revisions"}],"wp:featuredmedia":[{"embeddable":true,"href":"https:\/\/elmundodelosnegocios.com.do\/v1\/wp-json\/wp\/v2\/media\/30523"}],"wp:attachment":[{"href":"https:\/\/elmundodelosnegocios.com.do\/v1\/wp-json\/wp\/v2\/media?parent=30522"}],"wp:term":[{"taxonomy":"category","embeddable":true,"href":"https:\/\/elmundodelosnegocios.com.do\/v1\/wp-json\/wp\/v2\/categories?post=30522"},{"taxonomy":"post_tag","embeddable":true,"href":"https:\/\/elmundodelosnegocios.com.do\/v1\/wp-json\/wp\/v2\/tags?post=30522"}],"curies":[{"name":"wp","href":"https:\/\/api.w.org\/{rel}","templated":true}]}}