{"id":30642,"date":"2023-07-04T08:01:25","date_gmt":"2023-07-04T12:31:25","guid":{"rendered":"https:\/\/elmundodelosnegocios.com.do\/v1\/?p=30642"},"modified":"2023-07-04T08:20:26","modified_gmt":"2023-07-04T12:50:26","slug":"la-superintendencia-de-electricidad-y-el-ministerio-de-la-vivienda-acuerdan-garantizar-cumplimiento-del-codigo-electrico-nacional","status":"publish","type":"post","link":"https:\/\/elmundodelosnegocios.com.do\/v1\/la-superintendencia-de-electricidad-y-el-ministerio-de-la-vivienda-acuerdan-garantizar-cumplimiento-del-codigo-electrico-nacional\/","title":{"rendered":"La Superintendencia de Electricidad y el Ministerio de la Vivienda acuerdan garantizar cumplimiento del C\u00f3digo El\u00e9ctrico Nacional"},"content":{"rendered":"\n<p>Santo Domingo.- La Superintendencia de Electricidad (SIE) y el Ministerio de la Vivienda, H\u00e1bitat y Edificaciones (MIVHED) firmaron hoy un acuerdo, a trav\u00e9s del cual ambas entidades se comprometieron a garantizar la implementaci\u00f3n efectiva de lo dispuesto en el C\u00f3digo El\u00e9ctrico Nacional, en cuanto al cumplimiento de las Normas de Dise\u00f1o y Construcci\u00f3n de Redes de Distribuci\u00f3n, as\u00ed como del Reglamento de Sometimiento, Tramitaci\u00f3n y Aprobaci\u00f3n de Planos e Interconexi\u00f3n de Proyectos de Distribuci\u00f3n.<\/p>\n\n\n<div class=\"wp-block-image\">\n<figure class=\"aligncenter size-large\"><img loading=\"lazy\" decoding=\"async\" width=\"1024\" height=\"576\" src=\"https:\/\/elmundodelosnegocios.com.do\/v1\/wp-content\/uploads\/2023\/07\/1-1024x576.jpeg\" alt=\"\" class=\"wp-image-30643\" srcset=\"https:\/\/elmundodelosnegocios.com.do\/v1\/wp-content\/uploads\/2023\/07\/1-1024x576.jpeg 1024w, https:\/\/elmundodelosnegocios.com.do\/v1\/wp-content\/uploads\/2023\/07\/1-300x169.jpeg 300w, https:\/\/elmundodelosnegocios.com.do\/v1\/wp-content\/uploads\/2023\/07\/1-768x432.jpeg 768w, https:\/\/elmundodelosnegocios.com.do\/v1\/wp-content\/uploads\/2023\/07\/1.jpeg 1300w\" sizes=\"auto, (max-width: 1024px) 100vw, 1024px\" \/><\/figure>\n<\/div>\n\n\n<p>La SIE, como entidad fiscalizadora del sector el\u00e9ctrico dominicano, adem\u00e1s de actualizar de forma ordinaria estas normas, se comprometi\u00f3 a verificar el cumplimiento de la calidad y continuidad del suministro, la preservaci\u00f3n del medio ambiente, la seguridad de las instalaciones y otras condiciones de eficiencia de los servicios que se presten a los usuarios, de acuerdo con las regulaciones establecidas en la normativa vigente.<\/p>\n\n\n\n<p>Adicionalmente, la SIE asegurar\u00e1 su participaci\u00f3n activa en la creaci\u00f3n de propuestas junto al MIVHED para la elaboraci\u00f3n de los reglamentos t\u00e9cnicos que servir\u00e1n de base para la preparaci\u00f3n y ejecuci\u00f3n de las instalaciones el\u00e9ctricas de proyectos y obras de ingenier\u00eda y arquitectura. Tambi\u00e9n se encargar\u00e1 de validar y emitir las licencias del personal t\u00e9cnico electricista que intervendr\u00e1 en las construcciones de todo el territorio nacional.<\/p>\n\n\n\n<p>Por su parte, el Ministerio de la Vivienda se comprometi\u00f3 a realizar las inspecciones a las edificaciones privadas cuya ejecuci\u00f3n est\u00e9 regularizada ante la Direcci\u00f3n de Tramitaci\u00f3n, Tasaci\u00f3n y Licencias del MIVHED, para garantizar el cumplimiento del C\u00f3digo El\u00e9ctrico Nacional.<\/p>\n\n\n\n<p>Tambi\u00e9n, asegurar\u00e1 que el personal t\u00e9cnico profesional que participe en las labores dise\u00f1o y construcci\u00f3n de las edificaciones est\u00e9 debidamente autorizado y certificado.<\/p>\n\n\n\n<p>El convenio fue rubricado por Andr\u00e9s Astacio Polanco, superintendente de electricidad, y Carlos Alberto Bonilla, ministro del MIVHED.<\/p>\n\n\n\n<p>Durante la firma, el superintendente Astacio destac\u00f3 que, mediante este acuerdo, la SIE, como la m\u00e1xima autoridad t\u00e9cnica en materia de calidad y seguridad de las instalaciones el\u00e9ctricas y como el organismo responsable de la correcta aplicaci\u00f3n del C\u00f3digo El\u00e9ctrico Nacional, garantizar\u00e1 que los trabajos el\u00e9ctricos sean realizados conforme a las disposiciones establecidas.<\/p>\n\n\n\n<p>As\u00ed mismo, agradeci\u00f3 al ministro Carlos Alberto Bonilla, por la apertura y disposici\u00f3n de trabajar conjuntamente por el bienestar del sector el\u00e9ctrico dominicano.<\/p>\n","protected":false},"excerpt":{"rendered":"<p>Santo Domingo.- La Superintendencia de Electricidad (SIE) y el Ministerio de la Vivienda, H\u00e1bitat y Edificaciones (MIVHED) firmaron hoy un acuerdo, a trav\u00e9s del cual ambas entidades se comprometieron a&hellip; <\/p>\n","protected":false},"author":2,"featured_media":30643,"comment_status":"closed","ping_status":"closed","sticky":false,"template":"","format":"standard","meta":{"fifu_image_url":"","fifu_image_alt":"","footnotes":""},"categories":[182],"tags":[],"class_list":["post-30642","post","type-post","status-publish","format-standard","has-post-thumbnail","hentry","category-energia"],"_links":{"self":[{"href":"https:\/\/elmundodelosnegocios.com.do\/v1\/wp-json\/wp\/v2\/posts\/30642","targetHints":{"allow":["GET"]}}],"collection":[{"href":"https:\/\/elmundodelosnegocios.com.do\/v1\/wp-json\/wp\/v2\/posts"}],"about":[{"href":"https:\/\/elmundodelosnegocios.com.do\/v1\/wp-json\/wp\/v2\/types\/post"}],"author":[{"embeddable":true,"href":"https:\/\/elmundodelosnegocios.com.do\/v1\/wp-json\/wp\/v2\/users\/2"}],"replies":[{"embeddable":true,"href":"https:\/\/elmundodelosnegocios.com.do\/v1\/wp-json\/wp\/v2\/comments?post=30642"}],"version-history":[{"count":0,"href":"https:\/\/elmundodelosnegocios.com.do\/v1\/wp-json\/wp\/v2\/posts\/30642\/revisions"}],"wp:featuredmedia":[{"embeddable":true,"href":"https:\/\/elmundodelosnegocios.com.do\/v1\/wp-json\/wp\/v2\/media\/30643"}],"wp:attachment":[{"href":"https:\/\/elmundodelosnegocios.com.do\/v1\/wp-json\/wp\/v2\/media?parent=30642"}],"wp:term":[{"taxonomy":"category","embeddable":true,"href":"https:\/\/elmundodelosnegocios.com.do\/v1\/wp-json\/wp\/v2\/categories?post=30642"},{"taxonomy":"post_tag","embeddable":true,"href":"https:\/\/elmundodelosnegocios.com.do\/v1\/wp-json\/wp\/v2\/tags?post=30642"}],"curies":[{"name":"wp","href":"https:\/\/api.w.org\/{rel}","templated":true}]}}