{"id":30645,"date":"2023-07-04T08:04:33","date_gmt":"2023-07-04T12:34:33","guid":{"rendered":"https:\/\/elmundodelosnegocios.com.do\/v1\/?p=30645"},"modified":"2023-07-04T08:04:35","modified_gmt":"2023-07-04T12:34:35","slug":"republica-dominicana-y-la-republica-popular-china-celebran-exitosa-reunion-para-promover-intercambio-comercial-e-inversion","status":"publish","type":"post","link":"https:\/\/elmundodelosnegocios.com.do\/v1\/republica-dominicana-y-la-republica-popular-china-celebran-exitosa-reunion-para-promover-intercambio-comercial-e-inversion\/","title":{"rendered":"Rep\u00fablica Dominicana y la Rep\u00fablica Popular China celebran exitosa reuni\u00f3n para promover intercambio comercial e inversi\u00f3n"},"content":{"rendered":"\n<p>Santo Domingo.-&nbsp;<strong>La Rep\u00fablica Dominicana y la Rep\u00fablica Popular China<\/strong>&nbsp;llevaron a cabo la&nbsp;<strong>primera reuni\u00f3n de la Comisi\u00f3n Mixta para las Cooperaciones Econ\u00f3micas, Comerciales y de Inversi\u00f3n,<\/strong>&nbsp;en un encuentro hist\u00f3rico celebrado en el pa\u00eds, que incluy\u00f3 la discusi\u00f3n de la situaci\u00f3n econ\u00f3mica de ambos pa\u00edses, la revisi\u00f3n de las relaciones econ\u00f3micas y comerciales bilaterales, la presentaci\u00f3n de&nbsp;<strong>bondades que ofrece el pa\u00eds a los posibles inversionistas, y los proyectos prioritarios de cooperaci\u00f3n.&nbsp;<\/strong><\/p>\n\n\n<div class=\"wp-block-image\">\n<figure class=\"aligncenter size-large\"><img loading=\"lazy\" decoding=\"async\" width=\"1024\" height=\"576\" src=\"https:\/\/elmundodelosnegocios.com.do\/v1\/wp-content\/uploads\/2023\/07\/2-1024x576.jpeg\" alt=\"\" class=\"wp-image-30646\" srcset=\"https:\/\/elmundodelosnegocios.com.do\/v1\/wp-content\/uploads\/2023\/07\/2-1024x576.jpeg 1024w, https:\/\/elmundodelosnegocios.com.do\/v1\/wp-content\/uploads\/2023\/07\/2-300x169.jpeg 300w, https:\/\/elmundodelosnegocios.com.do\/v1\/wp-content\/uploads\/2023\/07\/2-768x432.jpeg 768w, https:\/\/elmundodelosnegocios.com.do\/v1\/wp-content\/uploads\/2023\/07\/2.jpeg 1300w\" sizes=\"auto, (max-width: 1024px) 100vw, 1024px\" \/><\/figure>\n<\/div>\n\n\n<p>La reuni\u00f3n estuvo encabezada por el ministro de Relaciones Exteriores y el de Econom\u00eda, Planificaci\u00f3n y Desarrollo,&nbsp;<strong>Roberto \u00c1lvarez y Pavel Isa<\/strong>, respectivamente, junto con el representante de Negociaciones de Comercio Internacional y viceministro del Ministerio de Comercio de China,&nbsp;<strong>Wang Shouwen<\/strong>.&nbsp;<\/p>\n\n\n\n<p>El canciller dominicano, Roberto \u00c1lvarez, expres\u00f3 su&nbsp;<strong>satisfacci\u00f3n por el desarrollo de esta primera Comisi\u00f3n Mixta<\/strong>, destacando la importancia de fortalecer los lazos comerciales y de inversi\u00f3n entre la Rep\u00fablica Dominicana y China. Subray\u00f3, adem\u00e1s, el compromiso del Gobierno dominicano para fomentar un&nbsp;<strong>ambiente favorable para la inversi\u00f3n extranjera<\/strong>&nbsp;y&nbsp;<strong>promover el incremento de las exportaciones dominicanas<\/strong>&nbsp;hacia ese mercado, como parte esencial de la pol\u00edtica exterior dominicana.<\/p>\n\n\n\n<p>De su lado, el se\u00f1or Wang Shouwen afirm\u00f3 que desde el establecimiento de las relaciones diplom\u00e1ticas entre ambos pa\u00edses, el&nbsp;<strong>volumen de comercio e inversi\u00f3n bilateral ha aumentado considerablemente<\/strong>&nbsp;y resalt\u00f3 el inmenso potencial entre ambas naciones para explorar nuevas oportunidades comerciales, de inversi\u00f3n y otras de inter\u00e9s com\u00fan.<em>&nbsp;\u201cChina est\u00e1 dispuesta a trabajar con Rep\u00fablica Dominicana para fomentar nuestra relaci\u00f3n global y continuar produciendo resultados tangibles\u201d<\/em>, expres\u00f3 el viceministro.<\/p>\n\n\n\n<figure class=\"wp-block-image\"><img decoding=\"async\" src=\"https:\/\/presidencia.gob.do\/sites\/default\/files\/inline-images\/IMG_2322.jpeg\" alt=\"\"\/><\/figure>\n\n\n\n<p>Durante las discusiones, Rep\u00fablica Dominicana present\u00f3 diversas iniciativas para aumentar la presencia de&nbsp;<strong>productos dominicanos agr\u00edcolas en China<\/strong>. De igual forma, revisaron los sectores clave de inter\u00e9s para ambas partes, como&nbsp;<strong>energ\u00eda, infraestructura, turismo, agroindustria, tecnolog\u00eda y desarrollo sostenible<\/strong>. Se destacaron los proyectos prioritarios del Gobierno dominicano, los cuales presentan grandes oportunidades para la cooperaci\u00f3n internacional y la atracci\u00f3n de inversiones.<\/p>\n\n\n\n<p>Ambos pa\u00edses acordaron continuar trabajando de manera estrecha y constructiva para fortalecer sus lazos econ\u00f3micos y comerciales, promoviendo un&nbsp;<strong>mayor intercambio de bienes y servicios<\/strong>. Asimismo, expresaron su compromiso para explorar&nbsp;<strong>nuevas \u00e1reas de cooperaci\u00f3n<\/strong>&nbsp;y desarrollar&nbsp;<strong>iniciativas conjuntas<\/strong>&nbsp;que impulsen el crecimiento econ\u00f3mico y el bienestar de sus ciudadanos.<\/p>\n\n\n\n<p>Con esta exitosa Primera Comisi\u00f3n Mixta, Rep\u00fablica Dominicana y la Rep\u00fablica Popular China reafirman su v<strong>oluntad de construir una relaci\u00f3n s\u00f3lida y duradera<\/strong>, basada en la confianza y la b\u00fasqueda de beneficios mutuos. Ambas naciones esperan seguir fortaleciendo su relaci\u00f3n bilateral y promoviendo la cooperaci\u00f3n econ\u00f3mica y comercial en beneficio de sus pueblos.<\/p>\n\n\n\n<p>Como parte de la delegaci\u00f3n dominicana estuvieron representantes de los Ministerios de la Presidencia; de Industria, Comercio y Mipymes; de Agricultura; de Energ\u00eda y Minas. Tambi\u00e9n, ProDominicana, Consejo Nacional de Zonas Francas de Exportaci\u00f3n, Direcci\u00f3n General de Alianzas P\u00fablico Privadas, Direcci\u00f3n General de Aduanas, Banco de Desarrollo y Exportaciones (BANDEX) y el Instituto Nacional de Tr\u00e1nsito y Transporte Terrestre (INTRANT).<\/p>\n","protected":false},"excerpt":{"rendered":"<p>Santo Domingo.-&nbsp;La Rep\u00fablica Dominicana y la Rep\u00fablica Popular China&nbsp;llevaron a cabo la&nbsp;primera reuni\u00f3n de la Comisi\u00f3n Mixta para las Cooperaciones Econ\u00f3micas, Comerciales y de Inversi\u00f3n,&nbsp;en un encuentro hist\u00f3rico celebrado en&hellip; <\/p>\n","protected":false},"author":2,"featured_media":30646,"comment_status":"closed","ping_status":"closed","sticky":false,"template":"","format":"standard","meta":{"fifu_image_url":"","fifu_image_alt":"","footnotes":""},"categories":[254],"tags":[],"class_list":["post-30645","post","type-post","status-publish","format-standard","has-post-thumbnail","hentry","category-relaciones-internacionales"],"_links":{"self":[{"href":"https:\/\/elmundodelosnegocios.com.do\/v1\/wp-json\/wp\/v2\/posts\/30645","targetHints":{"allow":["GET"]}}],"collection":[{"href":"https:\/\/elmundodelosnegocios.com.do\/v1\/wp-json\/wp\/v2\/posts"}],"about":[{"href":"https:\/\/elmundodelosnegocios.com.do\/v1\/wp-json\/wp\/v2\/types\/post"}],"author":[{"embeddable":true,"href":"https:\/\/elmundodelosnegocios.com.do\/v1\/wp-json\/wp\/v2\/users\/2"}],"replies":[{"embeddable":true,"href":"https:\/\/elmundodelosnegocios.com.do\/v1\/wp-json\/wp\/v2\/comments?post=30645"}],"version-history":[{"count":0,"href":"https:\/\/elmundodelosnegocios.com.do\/v1\/wp-json\/wp\/v2\/posts\/30645\/revisions"}],"wp:featuredmedia":[{"embeddable":true,"href":"https:\/\/elmundodelosnegocios.com.do\/v1\/wp-json\/wp\/v2\/media\/30646"}],"wp:attachment":[{"href":"https:\/\/elmundodelosnegocios.com.do\/v1\/wp-json\/wp\/v2\/media?parent=30645"}],"wp:term":[{"taxonomy":"category","embeddable":true,"href":"https:\/\/elmundodelosnegocios.com.do\/v1\/wp-json\/wp\/v2\/categories?post=30645"},{"taxonomy":"post_tag","embeddable":true,"href":"https:\/\/elmundodelosnegocios.com.do\/v1\/wp-json\/wp\/v2\/tags?post=30645"}],"curies":[{"name":"wp","href":"https:\/\/api.w.org\/{rel}","templated":true}]}}