{"id":30648,"date":"2023-07-04T08:12:12","date_gmt":"2023-07-04T12:42:12","guid":{"rendered":"https:\/\/elmundodelosnegocios.com.do\/v1\/?p=30648"},"modified":"2023-07-04T08:12:15","modified_gmt":"2023-07-04T12:42:15","slug":"superintendencia-del-mercado-de-valores-celebra-seminario-academico-sobre-regulacion-financiera-suptech-y-gobierno-corporativo","status":"publish","type":"post","link":"https:\/\/elmundodelosnegocios.com.do\/v1\/superintendencia-del-mercado-de-valores-celebra-seminario-academico-sobre-regulacion-financiera-suptech-y-gobierno-corporativo\/","title":{"rendered":"Superintendencia del Mercado de Valores celebra seminario acad\u00e9mico sobre regulaci\u00f3n financiera, SupTech y Gobierno Corporativo"},"content":{"rendered":"\n<p>Santo Domingo.- Como parte de la agenda conmemorativa de su&nbsp;<strong>vig\u00e9simo aniversario<\/strong>, la Superintendencia del Mercado de Valores&nbsp;<strong>(SIMV)<\/strong>&nbsp;celebr\u00f3 un&nbsp;<strong>seminario acad\u00e9mico sobre regulaci\u00f3n financiera<\/strong>, con la participaci\u00f3n de expertos nacionales e internacionales y la presencia de destacadas figuras del&nbsp;<strong>mercado financiero y econ\u00f3mico del pa\u00eds.<\/strong><strong>&nbsp;<\/strong><\/p>\n\n\n<div class=\"wp-block-image\">\n<figure class=\"aligncenter size-large\"><img loading=\"lazy\" decoding=\"async\" width=\"1024\" height=\"576\" src=\"https:\/\/elmundodelosnegocios.com.do\/v1\/wp-content\/uploads\/2023\/07\/4-1024x576.jpeg\" alt=\"\" class=\"wp-image-30649\" srcset=\"https:\/\/elmundodelosnegocios.com.do\/v1\/wp-content\/uploads\/2023\/07\/4-1024x576.jpeg 1024w, https:\/\/elmundodelosnegocios.com.do\/v1\/wp-content\/uploads\/2023\/07\/4-300x169.jpeg 300w, https:\/\/elmundodelosnegocios.com.do\/v1\/wp-content\/uploads\/2023\/07\/4-768x432.jpeg 768w, https:\/\/elmundodelosnegocios.com.do\/v1\/wp-content\/uploads\/2023\/07\/4.jpeg 1300w\" sizes=\"auto, (max-width: 1024px) 100vw, 1024px\" \/><\/figure>\n<\/div>\n\n\n<p>La extraordinaria jornada se desarroll\u00f3 bajo el tema&nbsp;<strong>\u201cPrincipios y desaf\u00edos de la regulaci\u00f3n financiera: Tecnolog\u00edas para la Supervisi\u00f3n (SupTech) y Gobierno Corporativo 4.0\u201d<\/strong>, en un evento a casa llena llevado a cabo en el sal\u00f3n Salom\u00e9 Ure\u00f1a del Auditorio del Banco Central de la Rep\u00fablica Dominicana (BCRD).&nbsp;<\/p>\n\n\n\n<p>En las palabras de bienvenida, el superintendente del Mercado de Valores,&nbsp;<strong>Ernesto Bournigal Read,<\/strong>&nbsp;destac\u00f3 la importancia de este seminario acad\u00e9mico&nbsp;<strong>dirigido a supervisores y reguladores del sistema financiero nacional<\/strong>, un espacio que consider\u00f3 necesario para estar al tanto de las tendencias regulatorias y de supervisi\u00f3n.&nbsp;<\/p>\n\n\n\n<p>El programa cont\u00f3 con&nbsp;<strong>tres ponencias de suma relevancia<\/strong>, la primera a cargo del&nbsp;<strong>doctor Aurelio Gurrea Mart\u00ednez<\/strong>, economista, auditor de cuentas y profesor de Gobierno Corporativo, quien abord\u00f3 las funciones del sistema financiero, la industria Fintech y los objetivos de la regulaci\u00f3n financiera; como&nbsp;<strong>punto clave<\/strong>&nbsp;cit\u00f3 la&nbsp;<strong>necesidad de fomentar la confianza hacia los reguladores del mercado.<\/strong><strong>&nbsp;<\/strong><\/p>\n\n\n\n<p>De su lado,&nbsp;<strong>Nydia Remolina<\/strong>, asistente en derecho en la Singapore Management University, habl\u00f3 sobre el valor de trabajar con base en las&nbsp;<strong>realidades de cada jurisdicci\u00f3n del mercado afianzados en la tecnolog\u00eda y Fintech.<\/strong><strong>&nbsp;<\/strong><\/p>\n\n\n\n<p>La \u00faltima ponencia, con el t\u00edtulo&nbsp;<strong>\u201cGobierno Corporativo 4.0: retos y perspectivas futuras\u201d,<\/strong>&nbsp;fue presentada por el socio fundador de OV Consultores y experto en regulaci\u00f3n y pr\u00e1ctica financiera,&nbsp;<strong>Omar Victoria Contreras<\/strong>, quien expuso sobre la&nbsp;<strong>disciplina que crea el mercado a trav\u00e9s del principio de gobernanza.<\/strong><strong>&nbsp;<\/strong><\/p>\n\n\n\n<p>Finalizadas las exposiciones, los presentes tuvieron la oportunidad de externar sus dudas mediante una interesante&nbsp;<strong>sesi\u00f3n de preguntas y respuestas<\/strong>&nbsp;moderada por la directora jur\u00eddica de la SIMV,&nbsp;<strong>Sarah Roa<\/strong>, y con la participaci\u00f3n de los tres ponentes principales.&nbsp;<\/p>\n\n\n\n<p>El acto culmin\u00f3 con la entrega de un presente de agradecimiento a los se\u00f1ores Gurrea, Remolina y Victoria Contreras, de la mano del superintendente y del intendente del Mercado de Valores, Ernesto Bournigal Read y&nbsp;<strong>Enmanuel Cede\u00f1o<\/strong>.&nbsp;<\/p>\n\n\n\n<p>Las palabras de cierre del seminario fueron ofrecidas por el se\u00f1or Cede\u00f1o, quien agradeci\u00f3 a los expositores, ejecutivos y todos los presentes por su acogida a esta&nbsp;<strong>iniciativa educativa coordinada por la SIMV.<\/strong>&nbsp;<\/p>\n\n\n\n<p>Estuvieron presentes en el evento, el se\u00f1or&nbsp;<strong>Ervin Novas Bello<\/strong>, gerente general del Banco Central y presidente del Consejo Nacional del Mercado de Valores (CNMV), junto con los superintendentes del Mercado de Valores, Bancos y Pensiones,&nbsp;<strong>Ernesto Bournigal Read, Alejando Fern\u00e1ndez y Francisco Torres<\/strong>. De igual modo, los intendentes Enmanuel Cede\u00f1o Brea, del Mercado de Valores, as\u00ed como&nbsp;<strong>Francisco Campos y Julio Caminero,<\/strong>&nbsp;de la Superintendencia de Seguros y de Bancos.&nbsp;<\/p>\n\n\n\n<p>As\u00ed tambi\u00e9n, la se\u00f1ora&nbsp;<strong>Aileen Guzm\u00e1n<\/strong>, directora de la Unidad de An\u00e1lisis Financiero (UAF),&nbsp;<strong>Elianne V\u00edlchez,<\/strong>&nbsp;vicepresidenta ejecutiva de la Bolsa de Valores;&nbsp;<strong>Cristina V. de Castro<\/strong>, presidenta ejecutiva de Asociaci\u00f3n de Bancos de Ahorro y Cr\u00e9dito y Corporaciones de Cr\u00e9dito, Inc. (ABANCORD), y&nbsp;<strong>Franco de los Santos<\/strong>, presidente del Instituto de Desarrollo y Cr\u00e9dito Cooperativo (IDECOOP), al igual que representantes de diversas entidades financieras y gremios, t\u00e9cnicos de la SIMV y de diferentes instituciones.<\/p>\n","protected":false},"excerpt":{"rendered":"<p>Santo Domingo.- Como parte de la agenda conmemorativa de su&nbsp;vig\u00e9simo aniversario, la Superintendencia del Mercado de Valores&nbsp;(SIMV)&nbsp;celebr\u00f3 un&nbsp;seminario acad\u00e9mico sobre regulaci\u00f3n financiera, con la participaci\u00f3n de expertos nacionales e internacionales&hellip; <\/p>\n","protected":false},"author":2,"featured_media":30649,"comment_status":"closed","ping_status":"closed","sticky":false,"template":"","format":"standard","meta":{"fifu_image_url":"","fifu_image_alt":"","footnotes":""},"categories":[94],"tags":[],"class_list":["post-30648","post","type-post","status-publish","format-standard","has-post-thumbnail","hentry","category-finanzas"],"_links":{"self":[{"href":"https:\/\/elmundodelosnegocios.com.do\/v1\/wp-json\/wp\/v2\/posts\/30648","targetHints":{"allow":["GET"]}}],"collection":[{"href":"https:\/\/elmundodelosnegocios.com.do\/v1\/wp-json\/wp\/v2\/posts"}],"about":[{"href":"https:\/\/elmundodelosnegocios.com.do\/v1\/wp-json\/wp\/v2\/types\/post"}],"author":[{"embeddable":true,"href":"https:\/\/elmundodelosnegocios.com.do\/v1\/wp-json\/wp\/v2\/users\/2"}],"replies":[{"embeddable":true,"href":"https:\/\/elmundodelosnegocios.com.do\/v1\/wp-json\/wp\/v2\/comments?post=30648"}],"version-history":[{"count":0,"href":"https:\/\/elmundodelosnegocios.com.do\/v1\/wp-json\/wp\/v2\/posts\/30648\/revisions"}],"wp:featuredmedia":[{"embeddable":true,"href":"https:\/\/elmundodelosnegocios.com.do\/v1\/wp-json\/wp\/v2\/media\/30649"}],"wp:attachment":[{"href":"https:\/\/elmundodelosnegocios.com.do\/v1\/wp-json\/wp\/v2\/media?parent=30648"}],"wp:term":[{"taxonomy":"category","embeddable":true,"href":"https:\/\/elmundodelosnegocios.com.do\/v1\/wp-json\/wp\/v2\/categories?post=30648"},{"taxonomy":"post_tag","embeddable":true,"href":"https:\/\/elmundodelosnegocios.com.do\/v1\/wp-json\/wp\/v2\/tags?post=30648"}],"curies":[{"name":"wp","href":"https:\/\/api.w.org\/{rel}","templated":true}]}}