{"id":30652,"date":"2023-07-04T17:56:00","date_gmt":"2023-07-04T22:26:00","guid":{"rendered":"https:\/\/elmundodelosnegocios.com.do\/v1\/?p=30652"},"modified":"2023-07-04T17:56:24","modified_gmt":"2023-07-04T22:26:24","slug":"inauguran-expohogar-banreservas-2023-con-tasas-desde-7","status":"publish","type":"post","link":"https:\/\/elmundodelosnegocios.com.do\/v1\/inauguran-expohogar-banreservas-2023-con-tasas-desde-7\/","title":{"rendered":"Inauguran Expohogar Banreservas 2023 con tasas desde 7%"},"content":{"rendered":"\n<p><em>La feria inmobiliaria permanecer\u00e1 abierta hasta el 31 de julio<\/em><\/p>\n\n\n\n<p>&nbsp;El Banco de Reservas iniciar\u00e1 este martes su feria inmobiliaria ExpoHogar 2023, que en esta edici\u00f3n ofrece al p\u00fablico tasas desde 7%, fijas durante cuatro a\u00f1os para viviendas de bajo costo, que son aquellas que est\u00e1n por debajo de los RD$4.8 millones de pesos.<\/p>\n\n\n<div class=\"wp-block-image\">\n<figure class=\"aligncenter size-full\"><img loading=\"lazy\" decoding=\"async\" width=\"1024\" height=\"682\" src=\"https:\/\/elmundodelosnegocios.com.do\/v1\/wp-content\/uploads\/2023\/07\/0a-1.jpg\" alt=\"\" class=\"wp-image-30653\" srcset=\"https:\/\/elmundodelosnegocios.com.do\/v1\/wp-content\/uploads\/2023\/07\/0a-1.jpg 1024w, https:\/\/elmundodelosnegocios.com.do\/v1\/wp-content\/uploads\/2023\/07\/0a-1-300x200.jpg 300w, https:\/\/elmundodelosnegocios.com.do\/v1\/wp-content\/uploads\/2023\/07\/0a-1-768x512.jpg 768w\" sizes=\"auto, (max-width: 1024px) 100vw, 1024px\" \/><figcaption class=\"wp-element-caption\">El administrador general de Banreservas, Samuel Pereyra, acompa\u00f1ado los subadministradores Jos\u00e9 Francisco El\u00edas, de Empresas Subsidiarias; Ysidro Garc\u00eda, de Negocios, y Jos\u00e9 Manuel Almonte, del \u00e1rea Administrativa, durante el lanzamiento de Expohogar, en el Hotel Embajador.<\/figcaption><\/figure>\n<\/div>\n\n\n<p>Las dem\u00e1s tasas fijas disponibles para otros tipos de viviendas son: 8% durante 6 meses; 9% por un a\u00f1o; 10% durante 5 a\u00f1os, y 12% por 10 a\u00f1os.<\/p>\n\n\n\n<p>La informaci\u00f3n la dio a conocer anoche el administrador general de Banreservas, Samuel Pereyra, al anunciar financiamientos de hasta el 90% del valor de las viviendas y plazos de hasta 20 a\u00f1os para pagar, con tasas fijas hasta 10 a\u00f1os.&nbsp;<\/p>\n\n\n<div class=\"wp-block-image\">\n<figure class=\"aligncenter size-large\"><img loading=\"lazy\" decoding=\"async\" width=\"1024\" height=\"768\" src=\"https:\/\/elmundodelosnegocios.com.do\/v1\/wp-content\/uploads\/2023\/07\/0b-1024x768.jpg\" alt=\"\" class=\"wp-image-30654\" srcset=\"https:\/\/elmundodelosnegocios.com.do\/v1\/wp-content\/uploads\/2023\/07\/0b-1024x768.jpg 1024w, https:\/\/elmundodelosnegocios.com.do\/v1\/wp-content\/uploads\/2023\/07\/0b-300x225.jpg 300w, https:\/\/elmundodelosnegocios.com.do\/v1\/wp-content\/uploads\/2023\/07\/0b-768x576.jpg 768w, https:\/\/elmundodelosnegocios.com.do\/v1\/wp-content\/uploads\/2023\/07\/0b-1536x1152.jpg 1536w, https:\/\/elmundodelosnegocios.com.do\/v1\/wp-content\/uploads\/2023\/07\/0b-2048x1536.jpg 2048w\" sizes=\"auto, (max-width: 1024px) 100vw, 1024px\" \/><figcaption class=\"wp-element-caption\">El administrador general de Banreservas, Samuel Pereyra, durante el lanzamiento de Expohogar, en el Hotel Embajador.<\/figcaption><\/figure>\n<\/div>\n\n\n<p>En el caso los locales comerciales el financiamiento podr\u00e1 cubrir hasta el 80% del valor de la propiedad, con un plazo de hasta 10 a\u00f1os para pagar, adem\u00e1s de contar con p\u00f3lizas de seguros para protecci\u00f3n del cliente y el inmueble contra incendios y l\u00edneas alidadas.&nbsp;&nbsp;<\/p>\n\n\n\n<p>Pereyra inform\u00f3 que durante la feria los adquirientes dispondr\u00e1n de un gran inventario de inmuebles y locales comerciales, para ser financiados y cumplir as\u00ed el sue\u00f1o de toda familia dominicana, que es tener un techo propio o un local comercial, o ambas cosas.<\/p>\n\n\n\n<p>\u201cEn esta nueva versi\u00f3n de Expohogar 2023, contamos con los recursos humanos y tecnol\u00f3gicos necesarios, y la participaci\u00f3n conjunta de toda nuestra fuerza de venta\u201d, exclam\u00f3 ante empresarios de la construcci\u00f3n, agentes y corredores de bienes ra\u00edces presentes en la ceremonia inaugural efectuada en un hotel.<\/p>\n\n\n\n<p><strong>Cuotas flexibles&nbsp;<\/strong><\/p>\n\n\n\n<p>Pereyra agreg\u00f3 que, en el caso de viviendas, estar\u00e1 disponible la modalidad de cuotas flexibles, que consiste en un abono anual extraordinario que permitir\u00e1 reducir el monto de las asignaciones mensuales.<\/p>\n\n\n\n<p>Expohogar Banreservas tambi\u00e9n ofrecer\u00e1 descuentos en comercios afiliados y sorteos para quienes realicen desembolsos durante la feria. La distribuci\u00f3n de estos premios se har\u00e1 de la siguiente manera: cinco ganadores de la l\u00ednea blanca para su nuevo hogar; ganadores de la primera cuota de su pr\u00e9stamo distribuidos entre cuatro clientes personales, tres clientes que adquieran su vivienda de bajo costo.<\/p>\n\n\n\n<p>Los planes gubernamentales de viviendas de bajo costo son una iniciativa del presidente Luis Abinader, para contribuir a que miles de familias mejoren su calidad de vida con la adquisici\u00f3n de una casa propia.&nbsp;<\/p>\n\n\n\n<p><strong>Paneles solares<\/strong><\/p>\n\n\n\n<p>La feria tambi\u00e9n tendr\u00e1 tasas preferenciales para la adquisici\u00f3n de paneles solares, y para otros elementos de acondicionamiento de los nuevos hogares o locales comerciales.<\/p>\n\n\n\n<p>Las m\u00e1s de 300 oficinas de Banreservas en el territorio dominicano, as\u00ed&nbsp;como las principales inmobiliarias y constructoras del pa\u00eds,&nbsp;funcionar\u00e1n como recintos feriales para la atenci\u00f3n de los clientes, con la ventaja de que se efectuar\u00e1 de manera simult\u00e1nea en cada provincia.&nbsp;Las solicitudes de financiamiento ser\u00e1n evaluadas y aprobadas de&nbsp;inmediato por los representantes oficiales del Banco.<\/p>\n\n\n\n<p>Las personas se podr\u00e1n precalificar a trav\u00e9s del portal del Banco, v\u00eda WhatsApp al 809-960-2120 o acudir a cualquiera de las oficinas comerciales del banco.<\/p>\n\n\n\n<p>Los clientes que califiquen para financiamientos pueden optar por unidades que est\u00e9n disponibles en proyectos o residenciales en toda la geograf\u00eda nacional.<\/p>\n","protected":false},"excerpt":{"rendered":"<p>La feria inmobiliaria permanecer\u00e1 abierta hasta el 31 de julio &nbsp;El Banco de Reservas iniciar\u00e1 este martes su feria inmobiliaria ExpoHogar 2023, que en esta edici\u00f3n ofrece al p\u00fablico tasas&hellip; <\/p>\n","protected":false},"author":2,"featured_media":30654,"comment_status":"closed","ping_status":"closed","sticky":false,"template":"","format":"standard","meta":{"fifu_image_url":"","fifu_image_alt":"","footnotes":""},"categories":[180],"tags":[],"class_list":["post-30652","post","type-post","status-publish","format-standard","has-post-thumbnail","hentry","category-banca"],"_links":{"self":[{"href":"https:\/\/elmundodelosnegocios.com.do\/v1\/wp-json\/wp\/v2\/posts\/30652","targetHints":{"allow":["GET"]}}],"collection":[{"href":"https:\/\/elmundodelosnegocios.com.do\/v1\/wp-json\/wp\/v2\/posts"}],"about":[{"href":"https:\/\/elmundodelosnegocios.com.do\/v1\/wp-json\/wp\/v2\/types\/post"}],"author":[{"embeddable":true,"href":"https:\/\/elmundodelosnegocios.com.do\/v1\/wp-json\/wp\/v2\/users\/2"}],"replies":[{"embeddable":true,"href":"https:\/\/elmundodelosnegocios.com.do\/v1\/wp-json\/wp\/v2\/comments?post=30652"}],"version-history":[{"count":0,"href":"https:\/\/elmundodelosnegocios.com.do\/v1\/wp-json\/wp\/v2\/posts\/30652\/revisions"}],"wp:featuredmedia":[{"embeddable":true,"href":"https:\/\/elmundodelosnegocios.com.do\/v1\/wp-json\/wp\/v2\/media\/30654"}],"wp:attachment":[{"href":"https:\/\/elmundodelosnegocios.com.do\/v1\/wp-json\/wp\/v2\/media?parent=30652"}],"wp:term":[{"taxonomy":"category","embeddable":true,"href":"https:\/\/elmundodelosnegocios.com.do\/v1\/wp-json\/wp\/v2\/categories?post=30652"},{"taxonomy":"post_tag","embeddable":true,"href":"https:\/\/elmundodelosnegocios.com.do\/v1\/wp-json\/wp\/v2\/tags?post=30652"}],"curies":[{"name":"wp","href":"https:\/\/api.w.org\/{rel}","templated":true}]}}