{"id":30667,"date":"2023-07-05T10:54:47","date_gmt":"2023-07-05T15:24:47","guid":{"rendered":"https:\/\/elmundodelosnegocios.com.do\/v1\/?p=30667"},"modified":"2023-07-05T10:54:49","modified_gmt":"2023-07-05T15:24:49","slug":"infotep-adoexpo-y-prodominicana-establecen-alianzas-para-desarrollar-plan-de-capacitacion-y-asistencia-tecnica","status":"publish","type":"post","link":"https:\/\/elmundodelosnegocios.com.do\/v1\/infotep-adoexpo-y-prodominicana-establecen-alianzas-para-desarrollar-plan-de-capacitacion-y-asistencia-tecnica\/","title":{"rendered":"INFOTEP, ADOEXPO y PRODOMINICANA establecen alianzas para desarrollar plan de capacitaci\u00f3n y asistencia t\u00e9cnica"},"content":{"rendered":"\n<p>Santo Domingo. &#8211; El Instituto Nacional de Formaci\u00f3n T\u00e9cnico Profesional (INFOTEP) acord\u00f3 desarrollar un plan de capacitaci\u00f3n y asistencia t\u00e9cnica, en beneficio de las empresas agrupadas en la Asociaci\u00f3n Dominicana de Exportadores (ADOEXPO) y del Centro de Exportaci\u00f3n e Inversi\u00f3n de la Rep\u00fablica Dominicana (PRODOMINICANA), para contribuir al impulso de las exportaciones de productos criollos y a la ampliaci\u00f3n de los mercados receptores.<\/p>\n\n\n<div class=\"wp-block-image\">\n<figure class=\"aligncenter size-large\"><img loading=\"lazy\" decoding=\"async\" width=\"1024\" height=\"576\" src=\"https:\/\/elmundodelosnegocios.com.do\/v1\/wp-content\/uploads\/2023\/07\/0b-1-1024x576.jpg\" alt=\"\" class=\"wp-image-30668\" srcset=\"https:\/\/elmundodelosnegocios.com.do\/v1\/wp-content\/uploads\/2023\/07\/0b-1-1024x576.jpg 1024w, https:\/\/elmundodelosnegocios.com.do\/v1\/wp-content\/uploads\/2023\/07\/0b-1-300x169.jpg 300w, https:\/\/elmundodelosnegocios.com.do\/v1\/wp-content\/uploads\/2023\/07\/0b-1-768x432.jpg 768w, https:\/\/elmundodelosnegocios.com.do\/v1\/wp-content\/uploads\/2023\/07\/0b-1.jpg 1300w\" sizes=\"auto, (max-width: 1024px) 100vw, 1024px\" \/><figcaption class=\"wp-element-caption\">gere<\/figcaption><\/figure>\n<\/div>\n\n\n<p>Estas alianzas abarcan la gesti\u00f3n y fomento del programa de formaci\u00f3n dual, a trav\u00e9s de las empresas y socios estrat\u00e9gicos de ambas entidades firmantes, acorde con los lineamientos y normativas aplicables.<\/p>\n\n\n\n<p>Tambi\u00e9n contemplan el intercambio de metodolog\u00edas y buenas pr\u00e1cticas, as\u00ed como la planificaci\u00f3n de jornadas de conferencias y conversatorios.<\/p>\n\n\n\n<p>Los acuerdos fueron firmados por Rafael Santos Bad\u00eda, director general del INFOTEP; Biviana Riveiro, directora de PRODOMINICANA, y Elizabeth Mena, presidenta de la Junta Directiva de ADOEXPO.<\/p>\n\n\n\n<p>Santos Bad\u00eda destac\u00f3 que ambos acuerdos con el INFOTEP convergen en el fin sin\u00e9rgico del Gobierno de apoyar las iniciativas que fortalezcan la capacidad competitiva del pa\u00eds, promoviendo el incremento de la inversi\u00f3n nacional y extranjera mediante alianzas con sectores estrat\u00e9gicos de producci\u00f3n e impulsando programas de consolidaci\u00f3n de empresas.<\/p>\n\n\n\n<p>\u201cHoy, el INFOTEP se complace, por partida doble, en firmar respectivos acuerdos con dos entidades que llevan sobre sus hombros la responsabilidad medular del importante vector de la exportaci\u00f3n dominicana\u201d, refiri\u00f3.<\/p>\n\n\n\n<p>A su vez, Elizabeth Mena, presidenta de la Junta Directiva de ADOEXPO destac\u00f3 que, para entrar, mantenerse y crecer en los mercados internacionales, es necesario impulsar programas como este, que permitan a los exportadores capacitarse y conocer las tendencias internacionales de consumo y los requerimientos solicitados en los mercados m\u00e1s exigentes.<\/p>\n\n\n\n<p>\u201cEl acuerdo que firmamos es importante porque tenemos que preparar a nuestros j\u00f3venes para que el sector exportador sea un sector formado, un sector fortalecido\u201d, sostuvo.<\/p>\n\n\n\n<p>Para Biviana Riveiro, directora de PRODOMINICANA, estos acuerdos firmados con INFOTEP son de gran trascendencia para el sector exportador porque fortalecen el talento humano para poder brindar ese servicio cada vez m\u00e1s demandante.<\/p>\n\n\n\n<p>\u201cTenemos que robustecer nuestros talentos, sus capacidades, sus habilidades e ir mirando hacia el futuro porque sin lugar a dudas, el arma m\u00e1s poderosa para transformar el mundo es la educaci\u00f3n. Sigamos en ese proceso de fortalecimiento continuo de nuestro talento, porque el pa\u00eds lo va a agradecer\u201d, expres\u00f3 Riveiro<\/p>\n\n\n\n<p>Acuerdo con ADOEXPO<\/p>\n\n\n\n<p>INFOTEP y ADOEXPO han dise\u00f1ado un diplomado en \u201cGesti\u00f3n de Negocios internacionales\u201d, con miras a proporcionar a las empresas del sector los conocimientos de los procesos, productos y servicios que agreguen valor a los sectores productivos.<\/p>\n\n\n\n<p>Asimismo, se identificaron nuevas acciones vinculadas a la Cadena de suministro, Gesti\u00f3n log\u00edstica, Identificaci\u00f3n de mercados internacionales e Idiomas, entre otras \u00e1reas de inter\u00e9s. Adem\u00e1s, se busca definir un plan de trabajo para el desarrollo de las iniciativas, as\u00ed como considerar la creaci\u00f3n de espacios de acompa\u00f1amiento para emprendedores, seg\u00fan pol\u00edticas y lineamientos de las partes.<\/p>\n\n\n\n<p>Convenio con PRODOMINICANA<\/p>\n\n\n\n<p>Con PRODOMINICANA, el INFOTEP pact\u00f3 el dise\u00f1o y actualizaci\u00f3n de programas de capacitaci\u00f3n especializados en comercio exterior y oferta exportable.<\/p>\n\n\n\n<p>De igual manera, la realizaci\u00f3n de estudios y encuestas con la finalidad de identificar posibles \u00e1reas de trabajo conjunto.<\/p>\n\n\n\n<p>Con estas alianzas, el INFOTEP contin\u00faa consolidando su estrategia de fortalecimiento de los sectores productivos, en esta ocasi\u00f3n en beneficio del sector exportador y la inversi\u00f3n extranjera, para trabajar con una sola voluntad, en el inter\u00e9s de impulsar los est\u00e1ndares de calidad y el desarrollo de las exportaciones.<\/p>\n","protected":false},"excerpt":{"rendered":"<p>Santo Domingo. &#8211; El Instituto Nacional de Formaci\u00f3n T\u00e9cnico Profesional (INFOTEP) acord\u00f3 desarrollar un plan de capacitaci\u00f3n y asistencia t\u00e9cnica, en beneficio de las empresas agrupadas en la Asociaci\u00f3n Dominicana&hellip; <\/p>\n","protected":false},"author":2,"featured_media":30668,"comment_status":"closed","ping_status":"closed","sticky":false,"template":"","format":"standard","meta":{"fifu_image_url":"","fifu_image_alt":"","footnotes":""},"categories":[151],"tags":[],"class_list":["post-30667","post","type-post","status-publish","format-standard","has-post-thumbnail","hentry","category-gerencia"],"_links":{"self":[{"href":"https:\/\/elmundodelosnegocios.com.do\/v1\/wp-json\/wp\/v2\/posts\/30667","targetHints":{"allow":["GET"]}}],"collection":[{"href":"https:\/\/elmundodelosnegocios.com.do\/v1\/wp-json\/wp\/v2\/posts"}],"about":[{"href":"https:\/\/elmundodelosnegocios.com.do\/v1\/wp-json\/wp\/v2\/types\/post"}],"author":[{"embeddable":true,"href":"https:\/\/elmundodelosnegocios.com.do\/v1\/wp-json\/wp\/v2\/users\/2"}],"replies":[{"embeddable":true,"href":"https:\/\/elmundodelosnegocios.com.do\/v1\/wp-json\/wp\/v2\/comments?post=30667"}],"version-history":[{"count":0,"href":"https:\/\/elmundodelosnegocios.com.do\/v1\/wp-json\/wp\/v2\/posts\/30667\/revisions"}],"wp:featuredmedia":[{"embeddable":true,"href":"https:\/\/elmundodelosnegocios.com.do\/v1\/wp-json\/wp\/v2\/media\/30668"}],"wp:attachment":[{"href":"https:\/\/elmundodelosnegocios.com.do\/v1\/wp-json\/wp\/v2\/media?parent=30667"}],"wp:term":[{"taxonomy":"category","embeddable":true,"href":"https:\/\/elmundodelosnegocios.com.do\/v1\/wp-json\/wp\/v2\/categories?post=30667"},{"taxonomy":"post_tag","embeddable":true,"href":"https:\/\/elmundodelosnegocios.com.do\/v1\/wp-json\/wp\/v2\/tags?post=30667"}],"curies":[{"name":"wp","href":"https:\/\/api.w.org\/{rel}","templated":true}]}}