{"id":30708,"date":"2023-07-06T08:47:10","date_gmt":"2023-07-06T13:17:10","guid":{"rendered":"https:\/\/elmundodelosnegocios.com.do\/v1\/?p=30708"},"modified":"2023-07-06T08:47:12","modified_gmt":"2023-07-06T13:17:12","slug":"resaltan-productos-cosmeticos-hecho-en-rd-ganan-popularidad-en-el-extranjero","status":"publish","type":"post","link":"https:\/\/elmundodelosnegocios.com.do\/v1\/resaltan-productos-cosmeticos-hecho-en-rd-ganan-popularidad-en-el-extranjero\/","title":{"rendered":"Resaltan productos cosm\u00e9ticos hecho en RD ganan popularidad en el extranjero"},"content":{"rendered":"\n<p><em>El MICM particip\u00f3 en la trig\u00e9sima segunda plenaria de La Asociaci\u00f3n de Fabricantes de productos de cosm\u00e9ticos CASIC-AFAPER<\/em><\/p>\n\n\n\n<p><strong>Santo Domingo,&nbsp;<\/strong>La viceministra de Comercio Interno del Ministerio de Industria, Comercio y Mipymes (MICM) Vilma Arbaje, destac\u00f3 que los productos cosm\u00e9ticos fabricados en el pa\u00eds han ganado popularidad en el extranjero por su alta calidad, convirti\u00e9ndose en un orgullo nacional.<\/p>\n\n\n<div class=\"wp-block-image\">\n<figure class=\"aligncenter\"><img decoding=\"async\" src=\"https:\/\/micm.gob.do\/images\/noticias\/2023\/07-julio\/Viceministra_del_MICM_resalta_productos_02.jpg\" alt=\"\"\/><figcaption class=\"wp-element-caption\">.<\/figcaption><\/figure>\n<\/div>\n\n\n<p>Durante su participaci\u00f3n en la trig\u00e9sima Segunda planaria de la Asociaci\u00f3n de Fabricantes de productos de cosm\u00e9ticos CASIC-AFAPER, Arbaje dijo que los productos como acondicionadores o b\u00e1lsamos, champ\u00fa, mascarillas, selladores de punta o leve, ampollas, gel, entre otros, son exportados por decenas de industrias que han incursionado en la creaci\u00f3n del cuidado personal.<\/p>\n\n\n\n<p>Destac\u00f3 que a nivel mundial existen tres tendencias que est\u00e1n cambiando el paradigma de la industria cosm\u00e9tica como el incremento de la compra por Internet, el aumento de la demanda de productos elaborados con ingredientes naturales y la inclinaci\u00f3n hacia la producci\u00f3n y consumo respetuoso del medio ambiente.<\/p>\n\n\n\n<p>A\u00f1adi\u00f3 que desde el MICM est\u00e1n comprometidos en apoyar el incremento de la productividad de las industrias de la belleza, garantizar su articulaci\u00f3n con el entorno econ\u00f3mico y social, desarrollar las capacidades de sus recursos humanos y adoptar de las tecnolog\u00edas.<\/p>\n\n\n\n<p><strong>Sobre los aportes hacia el sector cosm\u00e9tico<\/strong><\/p>\n\n\n\n<p>La viceministra Arbaje, subray\u00f3 que unos de los principales y m\u00e1s reciente aporte ha sido el programa Implementaci\u00f3n de la estrategia de desarrollo de la cadena de valor a productos cosm\u00e9tico en conjunto con la Asociaci\u00f3n de Industrias de la Republica Dominicana (AIRD) y con el apoyo econ\u00f3mico de la Uni\u00f3n Europea.<\/p>\n\n\n\n<p>Seg\u00fan explic\u00f3, como resultado de ese programa, 120 empresas fueron capacitadas en la obtenci\u00f3n en registro sanitario, 217 t\u00e9cnicos y gerentes en Buenas pr\u00e1cticas de manufactura, entre otras capacitaciones.<\/p>\n\n\n<div class=\"wp-block-image\">\n<figure class=\"aligncenter\"><img decoding=\"async\" src=\"https:\/\/micm.gob.do\/images\/noticias\/2023\/07-julio\/Viceministra_del_MICM_resalta_productos_03.jpg\" alt=\"\"\/><figcaption class=\"wp-element-caption\">.<\/figcaption><\/figure>\n<\/div>\n\n\n<p><strong>Aumento de las ventas y exportaciones de cosm\u00e9ticos<\/strong><\/p>\n\n\n\n<p>Durante el 2022, el sector de productos de belleza aument\u00f3 de manera interanual sus ventas en un 20 por ciento, el mayor crecimiento exhibido en los \u00faltimos once a\u00f1os, mientras las exportaciones alcanzaron 116.5 millones de d\u00f3lares, creciendo en un 6.8 por ciento en comparaci\u00f3n del 2021.<\/p>\n\n\n\n<p>A la actividad asistieron, Carlos Berzuna, presidente de CASIC, M\u00e9xico, Jos\u00e9 \u00c1ngel Rozas, presidente de Afaper en Rep\u00fablica Dominicana, Leandro Villanueva, director General de la Direcci\u00f3n General de Medicamentos, Alimentos y Productos Sanitarios (DIGEMAPS).<\/p>\n","protected":false},"excerpt":{"rendered":"<p>El MICM particip\u00f3 en la trig\u00e9sima segunda plenaria de La Asociaci\u00f3n de Fabricantes de productos de cosm\u00e9ticos CASIC-AFAPER Santo Domingo,&nbsp;La viceministra de Comercio Interno del Ministerio de Industria, Comercio y&hellip; <\/p>\n","protected":false},"author":2,"featured_media":30709,"comment_status":"closed","ping_status":"closed","sticky":false,"template":"","format":"standard","meta":{"fifu_image_url":"","fifu_image_alt":"","footnotes":""},"categories":[147],"tags":[],"class_list":["post-30708","post","type-post","status-publish","format-standard","has-post-thumbnail","hentry","category-comercio"],"_links":{"self":[{"href":"https:\/\/elmundodelosnegocios.com.do\/v1\/wp-json\/wp\/v2\/posts\/30708","targetHints":{"allow":["GET"]}}],"collection":[{"href":"https:\/\/elmundodelosnegocios.com.do\/v1\/wp-json\/wp\/v2\/posts"}],"about":[{"href":"https:\/\/elmundodelosnegocios.com.do\/v1\/wp-json\/wp\/v2\/types\/post"}],"author":[{"embeddable":true,"href":"https:\/\/elmundodelosnegocios.com.do\/v1\/wp-json\/wp\/v2\/users\/2"}],"replies":[{"embeddable":true,"href":"https:\/\/elmundodelosnegocios.com.do\/v1\/wp-json\/wp\/v2\/comments?post=30708"}],"version-history":[{"count":0,"href":"https:\/\/elmundodelosnegocios.com.do\/v1\/wp-json\/wp\/v2\/posts\/30708\/revisions"}],"wp:featuredmedia":[{"embeddable":true,"href":"https:\/\/elmundodelosnegocios.com.do\/v1\/wp-json\/wp\/v2\/media\/30709"}],"wp:attachment":[{"href":"https:\/\/elmundodelosnegocios.com.do\/v1\/wp-json\/wp\/v2\/media?parent=30708"}],"wp:term":[{"taxonomy":"category","embeddable":true,"href":"https:\/\/elmundodelosnegocios.com.do\/v1\/wp-json\/wp\/v2\/categories?post=30708"},{"taxonomy":"post_tag","embeddable":true,"href":"https:\/\/elmundodelosnegocios.com.do\/v1\/wp-json\/wp\/v2\/tags?post=30708"}],"curies":[{"name":"wp","href":"https:\/\/api.w.org\/{rel}","templated":true}]}}