{"id":30714,"date":"2023-07-06T08:56:12","date_gmt":"2023-07-06T13:26:12","guid":{"rendered":"https:\/\/elmundodelosnegocios.com.do\/v1\/?p=30714"},"modified":"2023-07-06T08:56:14","modified_gmt":"2023-07-06T13:26:14","slug":"el-60-de-zonas-francas-y-las-industrias-de-sectores-asociados-al-micm-contribuyen-a-la-economia-nacional","status":"publish","type":"post","link":"https:\/\/elmundodelosnegocios.com.do\/v1\/el-60-de-zonas-francas-y-las-industrias-de-sectores-asociados-al-micm-contribuyen-a-la-economia-nacional\/","title":{"rendered":"El 60% de zonas francas y las industrias de sectores asociados al MICM contribuyen a la econom\u00eda nacional"},"content":{"rendered":"\n<p><em>Con motivo del 57 aniversario del MICM, el Ministro V\u00edctor Ito Bison\u00f3 present\u00f3 un estudio sobre el impacto de seis actividades econ\u00f3micas en las que incidi\u00f3 esa instituci\u00f3n durante el per\u00edodo 2021-2022.<\/em><\/p>\n\n\n\n<p><strong>SANTIAGO.-<\/strong>&nbsp;El 60 por ciento de los servicios que han contribuido al crecimiento de la econom\u00eda y al encadenamiento productivo de los sectores asociados al Ministerio de Industria, Comercio y Mipymes (MICM), corresponde a las zonas francas, manufactura local, industrias alimenticias, comercio, elaboraci\u00f3n de bebidas, tabaco, construcci\u00f3n, fabricaci\u00f3n de productos minerales no met\u00e1licos y transporte entre otros.<\/p>\n\n\n<div class=\"wp-block-image\">\n<figure class=\"aligncenter size-full\"><img loading=\"lazy\" decoding=\"async\" width=\"900\" height=\"453\" src=\"https:\/\/elmundodelosnegocios.com.do\/v1\/wp-content\/uploads\/2023\/07\/5.jpg\" alt=\"\" class=\"wp-image-30715\" srcset=\"https:\/\/elmundodelosnegocios.com.do\/v1\/wp-content\/uploads\/2023\/07\/5.jpg 900w, https:\/\/elmundodelosnegocios.com.do\/v1\/wp-content\/uploads\/2023\/07\/5-300x151.jpg 300w, https:\/\/elmundodelosnegocios.com.do\/v1\/wp-content\/uploads\/2023\/07\/5-768x387.jpg 768w\" sizes=\"auto, (max-width: 900px) 100vw, 900px\" \/><\/figure>\n<\/div>\n\n\n<p>La estad\u00edstica se desprende de un estudio que present\u00f3 el ministro V\u00edctor Ito Bison\u00f3, denominado \u201cImpacto de Sectores Asociados al MICM en la econom\u00eda dominicana 2021-2022\u201d, durante el acto conmemorativo del 57 aniversario de ese ministerio, el cual fue&nbsp; realizado por el experto en macroeconom\u00eda, Mag\u00edn D\u00edaz.<\/p>\n\n\n<div class=\"wp-block-image\">\n<figure class=\"aligncenter\"><img decoding=\"async\" src=\"https:\/\/micm.gob.do\/images\/noticias\/2023\/07-julio\/El_60_de_zonas_francas_y_las_industrias_02.jpg\" alt=\"\"\/><figcaption class=\"wp-element-caption\">.<\/figcaption><\/figure>\n<\/div>\n\n\n<p>Contribuyeron adem\u00e1s, con el 58.5% al crecimiento de la econom\u00eda durante ese per\u00edodo, los sectores zonas francas, manufactura local, comercio, construcci\u00f3n, transporte, almacenamiento y otros servicios.<\/p>\n\n\n\n<p>La actividad se desarroll\u00f3 en el sal\u00f3n del Centro de Innovaci\u00f3n y Capacitaci\u00f3n Profesional (Capex), del parque industrial V\u00edctor Espaillat Mera, de la Corporaci\u00f3n de Zonas Francas de Santiago, a la cual asistieron empresarios, funcionarios, industriales, comerciantes, e invitados especiales.<\/p>\n\n\n\n<p>\u201cEl estudio muestra c\u00f3mo las pol\u00edticas, planes, proyectos y resoluciones del MICM se cohesionan y completan variables macroecon\u00f3micas que no se asocian al quehacer del ministerio y que se logran transformar en crecimiento y bienestar para la poblaci\u00f3n\u201d, dijo Bison\u00f3.<\/p>\n\n\n\n<p>La investigaci\u00f3n resalta el aporte de las actividades vinculadas al MICM a la econom\u00eda dominicana a partir de las estad\u00edsticas disponibles y los analiza en cinco pilares: Contribuci\u00f3n al crecimiento econ\u00f3mico, generaci\u00f3n de divisas, mercado de trabajo, aporte al fisco y encadenamientos productivos.<\/p>\n\n\n\n<p>Resalt\u00f3 el ministro Bison\u00f3 que el informe evidencia que la agenda de gesti\u00f3n del ministerio tiene alta incidencia en la econom\u00eda con m\u00faltiples roles como formulador de pol\u00edticas p\u00fablicas, regulador, supervisor y prestador de servicios, algunos de alta especializaci\u00f3n para el sector privado, en un \u00e1mbito de actuaci\u00f3n heterog\u00e9neo, desde emprendedores hasta grandes empresas.<\/p>\n\n\n\n<p>El estudio establece que otra de las funciones que impactan de manera directa la poblaci\u00f3n es la supervisi\u00f3n y combate al comercio il\u00edcito de tabaco, combustible, medicamentos y bebidas alcoh\u00f3licas, en la que el ministerio logr\u00f3 un 95% de disminuci\u00f3n en las intoxicaciones por metanol en 2022.<\/p>\n\n\n\n<p>\u201cLa medici\u00f3n dimensiona el fruto de las acciones diarias que se realizan desde el ministerio con un enfoque cuantitativo, que nos confirma que somos un m\u00fasculo que sostiene la econom\u00eda dominicana\u201d, dijo el ministro.<\/p>\n\n\n\n<p><strong>Pilares de impacto<\/strong><\/p>\n\n\n\n<p>Mag\u00edn Diaz, al presentar el estudio e identificar las actividades econ\u00f3micas, determin\u00f3 que los sectores MICM generaron US$12,580 millones en 2022, el 34.9% de los ingresos de divisas, considerando las exportaciones nacionales, las exportaciones de zonas francas y la inversi\u00f3n extranjera directa (IED).<\/p>\n\n\n\n<p>Con relaci\u00f3n al mercado de trabajo, los sectores asociados al MICM emplean al 65.6% de los ocupados, y alcanza los 3,030,609 entre 2021-2022 y registraron un aporte al fisco de 40% de las recaudaciones al a\u00f1o 2021.<\/p>\n\n\n\n<p>El informe establece que en la zona de responsabilidad del MICM est\u00e1n los sectores demandantes de la econom\u00eda local y dinamizadores de su actividad.<\/p>\n\n\n\n<p>En el acto estuvieron presentes Ram\u00f3n P\u00e9rez Ferm\u00edn, viceministro de Comercio Interno; Vilma Arbaje, viceministra de Comercio Exterior; Jorge Morales, viceministro de Fomento a Mipymes; Anadel Peguero, directora de An\u00e1lisis Econ\u00f3micos del MICM; y V\u00edctor Garc\u00eda Sued, director de Regional Norte del MICM.<\/p>\n\n\n\n<p>Adem\u00e1s, Ing. Manuel Estrella presidente del grupo Estrella; Miguel A. Lama Rodr\u00edguez, presidente Corporaci\u00f3n Zona Franca Santiago (CZFS); Sandy Filpo, presidente de la Asociaci\u00f3n de Comerciantes e Industriales de Santiago (Acis); Mario Abreu Henr\u00edquez, presidente de la Asociaci\u00f3n de Comerciantes Mayoristas en provisiones de esta ciudad (Amaprosan).<\/p>\n\n\n\n<p>Tambi\u00e9n Jos\u00e9 Luis Bonilla Bojos, presidente de la Asociaci\u00f3n Dominicana de Zonas Francas (Adozona); Daniel Liranzo, secretario del Consejo Nacional de Zonas Francas; Ricardo Fondeur Victoria, presidente del Consejo para el Desarrollo Estrat\u00e9gico de Santiago; Carlos Iglesias, presidente de la C\u00e1mara de Comercio y Producci\u00f3n de Santiago; Juan Ventura, presidente de Asociaci\u00f3n de Industriales de la Regi\u00f3n Norte (AIREN), entre otros.<\/p>\n","protected":false},"excerpt":{"rendered":"<p>Con motivo del 57 aniversario del MICM, el Ministro V\u00edctor Ito Bison\u00f3 present\u00f3 un estudio sobre el impacto de seis actividades econ\u00f3micas en las que incidi\u00f3 esa instituci\u00f3n durante el&hellip; <\/p>\n","protected":false},"author":2,"featured_media":30715,"comment_status":"closed","ping_status":"closed","sticky":false,"template":"","format":"standard","meta":{"fifu_image_url":"","fifu_image_alt":"","footnotes":""},"categories":[177],"tags":[],"class_list":["post-30714","post","type-post","status-publish","format-standard","has-post-thumbnail","hentry","category-zona-franca"],"_links":{"self":[{"href":"https:\/\/elmundodelosnegocios.com.do\/v1\/wp-json\/wp\/v2\/posts\/30714","targetHints":{"allow":["GET"]}}],"collection":[{"href":"https:\/\/elmundodelosnegocios.com.do\/v1\/wp-json\/wp\/v2\/posts"}],"about":[{"href":"https:\/\/elmundodelosnegocios.com.do\/v1\/wp-json\/wp\/v2\/types\/post"}],"author":[{"embeddable":true,"href":"https:\/\/elmundodelosnegocios.com.do\/v1\/wp-json\/wp\/v2\/users\/2"}],"replies":[{"embeddable":true,"href":"https:\/\/elmundodelosnegocios.com.do\/v1\/wp-json\/wp\/v2\/comments?post=30714"}],"version-history":[{"count":0,"href":"https:\/\/elmundodelosnegocios.com.do\/v1\/wp-json\/wp\/v2\/posts\/30714\/revisions"}],"wp:featuredmedia":[{"embeddable":true,"href":"https:\/\/elmundodelosnegocios.com.do\/v1\/wp-json\/wp\/v2\/media\/30715"}],"wp:attachment":[{"href":"https:\/\/elmundodelosnegocios.com.do\/v1\/wp-json\/wp\/v2\/media?parent=30714"}],"wp:term":[{"taxonomy":"category","embeddable":true,"href":"https:\/\/elmundodelosnegocios.com.do\/v1\/wp-json\/wp\/v2\/categories?post=30714"},{"taxonomy":"post_tag","embeddable":true,"href":"https:\/\/elmundodelosnegocios.com.do\/v1\/wp-json\/wp\/v2\/tags?post=30714"}],"curies":[{"name":"wp","href":"https:\/\/api.w.org\/{rel}","templated":true}]}}