{"id":30719,"date":"2023-07-06T19:42:47","date_gmt":"2023-07-07T00:12:47","guid":{"rendered":"https:\/\/elmundodelosnegocios.com.do\/v1\/?p=30719"},"modified":"2023-07-06T19:46:57","modified_gmt":"2023-07-07T00:16:57","slug":"imparte-gerdau-metaldom-conferencia-analisis-ciclo-vida-de-producto-en-la-aird","status":"publish","type":"post","link":"https:\/\/elmundodelosnegocios.com.do\/v1\/imparte-gerdau-metaldom-conferencia-analisis-ciclo-vida-de-producto-en-la-aird\/","title":{"rendered":"Imparte Gerdau Metaldom conferencia An\u00e1lisis Ciclo Vida de Producto en la AIRD"},"content":{"rendered":"\n<p><strong>Santo Domingo-<\/strong> Gerdau Metaldom, empresa l\u00edder en la producci\u00f3n de acero en el pa\u00eds, llev\u00f3 a cabo una conferencia sobre el An\u00e1lisis Ciclo de Vida de Producto (ACV) dirigida al sector industrial. El evento se realiz\u00f3 en el marco del Encuentro Industrial que organiza la Asociaci\u00f3n de Industrias de la Rep\u00fablica Dominicana (AIRD) y que cont\u00f3 con la participaci\u00f3n de representantes de diferentes sectores y empresas asociadas.&nbsp;<\/p>\n\n\n<div class=\"wp-block-image\">\n<figure class=\"aligncenter size-large\"><img loading=\"lazy\" decoding=\"async\" width=\"1024\" height=\"769\" src=\"https:\/\/elmundodelosnegocios.com.do\/v1\/wp-content\/uploads\/2023\/07\/Foto-principal-1024x769.jpeg\" alt=\"\" class=\"wp-image-30720\" srcset=\"https:\/\/elmundodelosnegocios.com.do\/v1\/wp-content\/uploads\/2023\/07\/Foto-principal-1024x769.jpeg 1024w, https:\/\/elmundodelosnegocios.com.do\/v1\/wp-content\/uploads\/2023\/07\/Foto-principal-300x225.jpeg 300w, https:\/\/elmundodelosnegocios.com.do\/v1\/wp-content\/uploads\/2023\/07\/Foto-principal-768x577.jpeg 768w, https:\/\/elmundodelosnegocios.com.do\/v1\/wp-content\/uploads\/2023\/07\/Foto-principal.jpeg 1280w\" sizes=\"auto, (max-width: 1024px) 100vw, 1024px\" \/><\/figure>\n<\/div>\n\n\n<p>El objetivo de esta conferencia fue brindar informaci\u00f3n valiosa sobre el ACV y su relevancia para el sector industrial, as\u00ed como fomentar la adopci\u00f3n de pr\u00e1cticas m\u00e1s sostenibles.<\/p>\n\n\n<div class=\"wp-block-image\">\n<figure class=\"aligncenter size-large\"><img loading=\"lazy\" decoding=\"async\" width=\"1024\" height=\"769\" src=\"https:\/\/elmundodelosnegocios.com.do\/v1\/wp-content\/uploads\/2023\/07\/002-panel-1024x769.jpeg\" alt=\"\" class=\"wp-image-30721\" srcset=\"https:\/\/elmundodelosnegocios.com.do\/v1\/wp-content\/uploads\/2023\/07\/002-panel-1024x769.jpeg 1024w, https:\/\/elmundodelosnegocios.com.do\/v1\/wp-content\/uploads\/2023\/07\/002-panel-300x225.jpeg 300w, https:\/\/elmundodelosnegocios.com.do\/v1\/wp-content\/uploads\/2023\/07\/002-panel-768x577.jpeg 768w, https:\/\/elmundodelosnegocios.com.do\/v1\/wp-content\/uploads\/2023\/07\/002-panel.jpeg 1280w\" sizes=\"auto, (max-width: 1024px) 100vw, 1024px\" \/><\/figure>\n<\/div>\n\n\n<p>El An\u00e1lisis Ciclo de Vida de Producto es una metodolog\u00eda reconocida internacionalmente que eval\u00faa el impacto ambiental de un producto a lo largo de todas las etapas de su vida, desde la extracci\u00f3n de materias primas hasta su disposici\u00f3n final.&nbsp; Gerdau Metaldom recientemente obtuvo la primera certificaci\u00f3n ambiental que se registra para cualquier producto en Rep\u00fablica Dominicana y la primera para Varilla Corrugada en Centro Am\u00e9rica y el Caribe.<\/p>\n\n\n\n<p>Durante la conferencia, dictada por Ileana Rojas, Gerente de Medioambiente de Gerdau Metaldom los participantes tuvieron la oportunidad de aprender sobre las diversas etapas del ciclo de vida de los productos, incluida la producci\u00f3n de materias primas, la fabricaci\u00f3n, el transporte, el uso y el reciclaje.<\/p>\n\n\n\n<p>Adem\u00e1s de abordar los aspectos t\u00e9cnicos del An\u00e1lisis de Ciclo de Vida, la conferencia tambi\u00e9n resalt\u00f3 los beneficios ambientales y econ\u00f3micos que se pueden obtener mediante la implementaci\u00f3n de un enfoque de ciclo de vida en el desarrollo y producci\u00f3n de productos industriales. Se destac\u00f3 la importancia de considerar el impacto ambiental en todas las etapas del proceso productivo, desde la selecci\u00f3n de materias primas hasta la gesti\u00f3n de residuos, con el objetivo de minimizar la huella ambiental.<\/p>\n\n\n\n<p>\u201cCreemos que el An\u00e1lisis Ciclo de Vida de Producto es una herramienta fundamental para tomar decisiones informadas y promover pr\u00e1cticas empresariales responsables. Estamos encantados de compartir nuestros conocimientos y experiencias con el sector industrial a trav\u00e9s de esta conferencia\u201d, indic\u00f3 Karina Gil, Directora Comercial de Gerdau Metaldom.<\/p>\n\n\n\n<p><strong>Brache: la sostenibilidad es fundamental<\/strong><\/p>\n\n\n\n<p>Al tener las palabras de bienvenida, el presidente de la AIRD, Julio Virgilio Brache, indic\u00f3 que la sostenibilidad es un elemento fundamental en la generaci\u00f3n de bienestar por parte de las empresas, tanto para las presentes como para las futuras generaciones.<\/p>\n\n\n\n<p>Afirm\u00f3 que es un modo claro de trascender: \u201cEsto significa que invertimos y desarrollamos nuestras empresas con el prop\u00f3sito firme de hacer una diferencia positiva en nuestro pa\u00eds. Trascender implica ir m\u00e1s all\u00e1 de lo inmediato, significa invertir en \u00e1reas que incluso no ver\u00e1 la<\/p>\n\n\n\n<p>generaci\u00f3n que toma la decisi\u00f3n, porque ven un horizonte, no solo lo que est\u00e1 delante de nuestros ojos\u201d.<\/p>\n\n\n\n<p>Destac\u00f3 el elemento medioambiental de la sostenibilidad y agradeci\u00f3 a Gerdau Metaldom el compartir la experiencia en torno al An\u00e1lisis del Ciclo de Vida, lo cual puede contribuir a las mejores pr\u00e1cticas posibles en las industrias del pa\u00eds.<\/p>\n\n\n\n<p>\u201cConocer las experiencias de nuestros socios es fundamental. Hoy, en este Encuentro Industrial, contamos con la participaci\u00f3n de una empresa, Gerdau Metaldom, que asume la sostenibilidad ambiental como parte de su ser, de su definici\u00f3n. Sirve de aliento y orientaci\u00f3n lo cual agradecemos\u201d, expres\u00f3 Brache.&nbsp;<\/p>\n\n\n\n<p>Gerdau Metaldom reafirma su compromiso de liderar el cambio hacia una industria m\u00e1s sostenible, impulsando la adopci\u00f3n de pr\u00e1cticas respetuosas con el medio ambiente en todas las etapas de la cadena de valor. La compa\u00f1\u00eda continuar\u00e1 promoviendo iniciativas de educaci\u00f3n y concientizaci\u00f3n para impulsar la implementaci\u00f3n del An\u00e1lisis Ciclo de Vida de Producto y fomentar la adopci\u00f3n de estrategias de negocio sustentables.<\/p>\n","protected":false},"excerpt":{"rendered":"<p>Santo Domingo- Gerdau Metaldom, empresa l\u00edder en la producci\u00f3n de acero en el pa\u00eds, llev\u00f3 a cabo una conferencia sobre el An\u00e1lisis Ciclo de Vida de Producto (ACV) dirigida al&hellip; <\/p>\n","protected":false},"author":2,"featured_media":30720,"comment_status":"closed","ping_status":"closed","sticky":false,"template":"","format":"standard","meta":{"fifu_image_url":"","fifu_image_alt":"","footnotes":""},"categories":[154],"tags":[],"class_list":["post-30719","post","type-post","status-publish","format-standard","has-post-thumbnail","hentry","category-industria"],"_links":{"self":[{"href":"https:\/\/elmundodelosnegocios.com.do\/v1\/wp-json\/wp\/v2\/posts\/30719","targetHints":{"allow":["GET"]}}],"collection":[{"href":"https:\/\/elmundodelosnegocios.com.do\/v1\/wp-json\/wp\/v2\/posts"}],"about":[{"href":"https:\/\/elmundodelosnegocios.com.do\/v1\/wp-json\/wp\/v2\/types\/post"}],"author":[{"embeddable":true,"href":"https:\/\/elmundodelosnegocios.com.do\/v1\/wp-json\/wp\/v2\/users\/2"}],"replies":[{"embeddable":true,"href":"https:\/\/elmundodelosnegocios.com.do\/v1\/wp-json\/wp\/v2\/comments?post=30719"}],"version-history":[{"count":0,"href":"https:\/\/elmundodelosnegocios.com.do\/v1\/wp-json\/wp\/v2\/posts\/30719\/revisions"}],"wp:featuredmedia":[{"embeddable":true,"href":"https:\/\/elmundodelosnegocios.com.do\/v1\/wp-json\/wp\/v2\/media\/30720"}],"wp:attachment":[{"href":"https:\/\/elmundodelosnegocios.com.do\/v1\/wp-json\/wp\/v2\/media?parent=30719"}],"wp:term":[{"taxonomy":"category","embeddable":true,"href":"https:\/\/elmundodelosnegocios.com.do\/v1\/wp-json\/wp\/v2\/categories?post=30719"},{"taxonomy":"post_tag","embeddable":true,"href":"https:\/\/elmundodelosnegocios.com.do\/v1\/wp-json\/wp\/v2\/tags?post=30719"}],"curies":[{"name":"wp","href":"https:\/\/api.w.org\/{rel}","templated":true}]}}